{"id":97163,"date":"2025-07-22T18:01:11","date_gmt":"2025-07-23T00:01:11","guid":{"rendered":"https:\/\/redsemlac.com\/semmexico\/?p=97163"},"modified":"2025-07-22T18:01:12","modified_gmt":"2025-07-23T00:01:12","slug":"los-feminicidio-en-chiapas","status":"publish","type":"post","link":"https:\/\/redsemlac.com\/semmexico\/los-feminicidio-en-chiapas\/","title":{"rendered":"Los feminicidio en Chiapas."},"content":{"rendered":"\n<p class=\"wp-block-paragraph\">Percepci\u00f3n ciudadana y cifras oficiales: 17 v\u00edctimas en 15 indagatorias 2024; 14 v\u00edctimas y 13 indagatorias 2025 , plataforma de la AVGM<\/p>\n\n\n\n<p class=\"wp-block-paragraph\">Las cifras&nbsp; no cuadran, pero si las acciones de la Fiscal\u00eda General del Estado para esclarecer los cr\u00edmenes violentos contra las mujeres.<\/p>\n\n\n\n<p class=\"wp-block-paragraph\">Candelaria Rodr\u00edguez Sosa*<\/p>\n\n\n\n<p class=\"wp-block-paragraph\">SemM\u00e9xico, Tuxtla Guti\u00e9rrez, Chiapas, 22 de julio, 2025.- Contundente las declaraciones de las autoridades de aplicar la justicia, al argumentar que hay personas detenidas, y con ejemplares sentencias por feminicidios cometidos en a\u00f1os anteriores, y as\u00ed se ha comprobado el dicho de la autoridad, sin embargo, ni bien celebra una acci\u00f3n cuando le brincan nuevos casos violentos contra las mujeres.<\/p>\n\n\n\n<p class=\"wp-block-paragraph\">Los feminicidios que a\u00fan no se asumen como tales, ha causado molestia ciudadana, ante los hechos evidentes como el de la chica encontrada sin vida en el penal del Amate y el caso de la Doctora, encontrada muerta en un hotel de Tapachula, y otros casos que a\u00fan no se suman a la lista de los feminicidios.<\/p>\n\n\n\n<p class=\"wp-block-paragraph\"><strong>Solo claridad, entre lo que se ve y se dice, para que la ciudadan\u00eda confi\u00e9 en las instituciones y sus dirigentes<\/strong><\/p>\n\n\n\n<p class=\"wp-block-paragraph\">De acuerdo al reporte oficial de la Fiscal\u00eda&nbsp; contra el Feminicidio al mes de junio y sumado un feminicidio al 11 de julio, la estad\u00edstica de feminicidio oficial de enero a la primera semana de julio se mantuvo a 14, sumando los casos de San Crist\u00f3bal de las Casas, Simojovel y Tuxtla Guti\u00e9rrez, cifra menor al mismo periodo del 2024 que fue de 15.<\/p>\n\n\n\n<p class=\"wp-block-paragraph\">No obstante, la p\u00e1gina oficial de la Fiscal\u00eda muestra el registro de las muertes violentas de mujeres y se leen 8 feminicidios al mes de junio, y que coincide&nbsp; con la percepci\u00f3n ciudadana con base a informaci\u00f3n registrada en los medios de comunicaci\u00f3n y redes sociales que dan cuenta de los cr\u00edmenes contra mujeres.<\/p>\n\n\n\n<p class=\"wp-block-paragraph\">En este espacio enumeramos una cifra de 19 muertes violentas de mujeres y la Red por la infancia de San Crist\u00f3bal de las Casas, refiere 22 casos. Hoy con los feminicidios perpetrados en el Penal del&nbsp; Amate y Tapachula y otros, el panorama cambia, <strong>el continuo de violencia contra las mujeres no ceja. <\/strong>&nbsp;<\/p>\n\n\n\n<p class=\"wp-block-paragraph\">Con fecha 17 de julio, la Fiscal\u00eda General del Estado ( FGE) coloc\u00f3 la siguiente informaci\u00f3n con respecto a las muertes violentas contra las mujeres en Chiapas.<\/p>\n\n\n\n<p class=\"wp-block-paragraph\">Los datos incluyen, detenidos, sentencias, \u00f3rdenes de aprehensi\u00f3n y carpetas de investigaci\u00f3n realizadas con el Protocolo de Actuaci\u00f3n para el delito de feminicidio en Chiapas.<\/p>\n\n\n\n<p class=\"wp-block-paragraph\">El Protocolo establece los lineamientos para la investigaci\u00f3n, procuraci\u00f3n y administraci\u00f3n de justicia con perspectiva de g\u00e9nero, para garantizar una investigaci\u00f3n exhaustiva y proteger&nbsp; los derechos de las v\u00edctimas, y busca prevenir y sancionar el delito atendiendo las razones de g\u00e9nero que lo originan.<\/p>\n\n\n\n\n\n\n\n<p class=\"wp-block-paragraph\"><strong>Con base a ello, podemos encontrar lo siguiente:&nbsp;<\/strong><\/p>\n\n\n\n<p class=\"wp-block-paragraph\"><strong>Detenidos<\/strong><\/p>\n\n\n\n<p class=\"wp-block-paragraph\"><strong>Milton \u201cN\u201d, como presunto responsable del delito de feminicidio en grado de tentativa. <\/strong>Hechos ocurridos el 26 de enero de 2025, en la colonia Francisco I Madero, de Tuxtla Guti\u00e9rrez<strong>. (<\/strong> Comunicado: 21134 | 17\/07\/2025)<\/p>\n\n\n\n<p class=\"wp-block-paragraph\"><strong>Sentencias<\/strong><\/p>\n\n\n\n<p class=\"wp-block-paragraph\"><strong>Sentencia condenatoria, por 36 a\u00f1os y 8 meses<\/strong>, y pago de 750 UMA por concepto de multa, en contra de Walter \u201cN\u201d, por su responsabilidad penal en el delito de feminicidio en grado de tentativa, hechos ocurridos en la ciudad de Tuxtla Guti\u00e9rrez. (No. Comunicado: 21132 | 16\/07\/2025)<\/p>\n\n\n\n<p class=\"wp-block-paragraph\"><strong>Sentencia condenatoria, por 55 a\u00f1os de prisi\u00f3n, <\/strong>y pago de una multa de 750 UMAS y al pago de la reparaci\u00f3n en contra de Jos\u00e9 \u201cN\u201d, como responsable del delito de feminicidio, hechos ocurridos en la colonia San Jos\u00e9 Ter\u00e1n, de Tuxtla Guti\u00e9rrez, el 4 de noviembre de 2024.<strong> (<\/strong>|No. Comunicado: 21120 | 15\/07\/2025)<\/p>\n\n\n\n<p class=\"wp-block-paragraph\"><strong>Sentencia condenatoria por 30 a\u00f1os de prisi\u00f3n, <\/strong>el pago de una multa de 333 UMAS y el pago de la reparaci\u00f3n del da\u00f1o en contra de Luis \u201cN\u201d, como responsable del delito de feminicidio en grado de tentativa, cometido en agravio de una mujer de identidad reservada, por hechos ocurridos en el municipio de Ju\u00e1rez. ( No. Comunicado: 20990 | 07\/07\/2025)<\/p>\n\n\n\n<p class=\"wp-block-paragraph\"><strong>Sentencia condenatoria, por 30 a\u00f1os de prisi\u00f3n; <\/strong>adem\u00e1s, se le suspendieron sus derechos civiles y pol\u00edticos, en contra de Jos\u00e9 \u201cN\u201d, como responsable del delito de feminicidio en grado de tentativa, cometido en agravio de una mujer de identidad reservada, por hechos ocurridos en el municipio de Palenque<strong>.(<\/strong> No. Comunicado: 20989 | 06\/07\/2025)<\/p>\n\n\n\n<p class=\"wp-block-paragraph\"><strong>Vinculado a Proceso<\/strong><\/p>\n\n\n\n<p class=\"wp-block-paragraph\"><strong>Vinculaci\u00f3n a proceso en contra de Exi \u00abN<\/strong>\u00ab, como presunto responsable del delito de feminicidio en grado de tentativa, por hechos ocurridos en el ejido Roberto Barrios del municipio de Mapastepec, el <strong>11 de julio del presente a\u00f1o<\/strong>.<strong> (<\/strong>No. Comunicado: 21115 | 15\/07\/2025)<\/p>\n\n\n\n<p class=\"wp-block-paragraph\"><strong>Vinculado a Proceso<\/strong><\/p>\n\n\n\n<p class=\"wp-block-paragraph\">El 6 de julio, se gir\u00f3 <strong>orden de aprehensi\u00f3n <\/strong>en contra de \u00c1ngel \u201cN\u201d, como presunto responsable del delito de feminicidio en grado de tentativa, cometido en agravio de una mujer de identidad reservada, originaria de Nicaragua, por hechos ocurridos en el municipio de Chamula.<\/p>\n\n\n\n<p class=\"wp-block-paragraph\">&nbsp;De acuerdo con la carpeta de investigaci\u00f3n, el pasado 6 de julio de 2025, el presunto agresor ingres\u00f3 al domicilio de la v\u00edctima y la golpe\u00f3 en repetidas ocasiones, huyendo del lugar, en tanto, la mujer fue llevada al hospital para su atenci\u00f3n.<\/p>\n\n\n\n<p class=\"wp-block-paragraph\"><strong>El 12 de julio, se vincula a proceso en contra de \u00c1ngel \u201cN\u201d, <\/strong>como presunto responsable del delito de feminicidio en grado de tentativa, cometido en agravio de una mujer de identidad reservada, por hechos ocurridos en la localidad Nichnamtic, del municipio de Chamula, <strong>el 6 de julio del presente a\u00f1o. (<\/strong>No. Comunicado: 21075 | 12\/07\/2025)<\/p>\n\n\n\n<p class=\"wp-block-paragraph\"><strong>Vinculado a proceso<\/strong><\/p>\n\n\n\n<p class=\"wp-block-paragraph\">El 06 de julio del presente a\u00f1o, se<strong> ejecutaron \u00f3rdenes de aprehensi\u00f3n en contra de Heberto \u201cN\u201d, Daysi \u201cN\u201d y Rafael \u201cN\u201d, <\/strong>como presuntos responsables de los delitos de feminicidio y feminicidio en grado de tentativa, cometidos en agravio de una mujer y de una menor de edad de identidad reservada, hechos ocurridos en el tramo carretero del ejido Abraham Gonz\u00e1lez, del municipio de Mapastepec<strong>.<\/strong><\/p>\n\n\n\n<p class=\"wp-block-paragraph\"><strong>&nbsp;<\/strong>El primero de los inculpados es acusado como coautor material del il\u00edcito, mientras que la segunda es c\u00f3mplice primaria. En tanto que Rafael \u201cN\u201d&nbsp;&nbsp; fue detenido en Villahermosa, en colaboraci\u00f3n con la Fiscal\u00eda General del Estado de Tabasco y la Secretar\u00eda de Seguridad P\u00fablica de Tabasco. Derivado de las investigaciones, Rafael \u201cN\u201d le pag\u00f3 a Heberto \u201cN\u201d para ultimar una de las v\u00edctimas. (No. Comunicado: 20986 | 06\/07\/2025).<\/p>\n\n\n\n<p class=\"wp-block-paragraph\"><strong>Para el 11 de julio, se vincularon a proceso en contra de Heberto \u201cN\u201d y Daysi \u201cN\u201d, <\/strong>como presuntos responsables de los delitos de feminicidio y feminicidio en grado de tentativa, cometidos en perjuicio de una mujer y de una menor de edad de identidad reservada, por hechos ocurridos en el tramo carretero del ejido Abraham Gonz\u00e1lez, del municipio de Mapastepec, <strong>el pasado 1 de julio. (<\/strong> No. Comunicado: 21060 | 11\/07\/2025).<\/p>\n\n\n\n<p class=\"wp-block-paragraph\"><strong>Vinculaci\u00f3n a proceso en contra de Axel \u201cN\u201d, <\/strong>como presunto responsable del delito de feminicidio, cometido en agravio de una mujer de identidad reservada, por hechos ocurridos en la localidad Santa Rosa, del municipio de <strong>Simojovel. (<\/strong>No. Comunicado: 20954 | 03\/07\/2025<\/p>\n\n\n\n<p class=\"wp-block-paragraph\"><strong>Orden de&nbsp; aprehensi\u00f3n<\/strong><\/p>\n\n\n\n<ul class=\"wp-block-list\">\n<li><strong>Ejecutaron orden de aprehensi\u00f3n en contra de Alexander \u201cN<\/strong>\u201d, como presunto responsable del delito de feminicidio en grado de tentativa, cometido en agravio de una mujer de identidad reservada, por hechos ocurridos en el municipio de Palenque, el <strong>pasado 4 de julio de 2025.<\/strong>Comunicado: 21001 | 07\/07\/2025)<\/li>\n<\/ul>\n\n\n\n<p class=\"wp-block-paragraph\"><strong>Carpetas de investigaci\u00f3n<\/strong><\/p>\n\n\n\n<p class=\"wp-block-paragraph\">La Fiscal General del Estado, inici\u00f3 la carpeta de investigaci\u00f3n por los lamentables hechos ocurridos en el CERSS n\u00famero 14 de Cintalapa \u201cEl Amate\u201d, donde perdi\u00f3 la vida Milkca \u201cN\u201d, quien se encontraba recluida en dicho penal.&nbsp;<\/p>\n\n\n\n<p class=\"wp-block-paragraph\">La misma acci\u00f3n de investigaci\u00f3n, inici\u00f3 la Fiscal\u00eda al abrir carpeta de investigaci\u00f3n con protocolo de Feminicidio, ante el hallazgo de una persona del sexo femenino sin vida, al interior del hotel Bons\u00e1i de Tapachula.<\/p>\n\n\n\n<p class=\"wp-block-paragraph\">En ambos casos, se menciona que un grupo multidisciplinario de la Fiscal\u00eda contra Feminicidio y de la&nbsp; Fiscal\u00eda de Distrito Fronterizo Costa realizan las indagatorias a fin de esclarecer los hechos y fincar responsabilidades.<\/p>\n\n\n\n<p class=\"wp-block-paragraph\">Hasta ah\u00ed la informaci\u00f3n, y todav\u00eda no se suben estos casos, no se cuenta como feminicidios, en la lista oficial.<\/p>\n\n\n\n<p class=\"wp-block-paragraph\">La FGE sigue sosteniendo garantizar Cero Impunidad ante la violencia feminicida, pero ello, no para las cr\u00edmenes de odio contra las mujeres.<\/p>\n\n\n\n<ul class=\"wp-block-list\">\n<li><strong>\u00a0<\/strong><\/li>\n<\/ul>\n\n\n\n<p class=\"wp-block-paragraph\">*Autora de Con Valor de Mujer y ni m\u00e1s&nbsp; ni menos<\/p>\n\n\n\n<p class=\"wp-block-paragraph\"><a href=\"mailto:candi_sosa@hotmail.com\"><strong>candi_sosa@hotmail.com<\/strong><\/a><strong>,&nbsp; <\/strong><a href=\"mailto:candi.sosa90@gmail.com\"><strong>candi.sosa90@gmail.com<\/strong><\/a><strong><\/strong><\/p>\n","protected":false},"excerpt":{"rendered":"<p>Percepci\u00f3n ciudadana y cifras oficiales: 17 v\u00edctimas en 15 indagatorias 2024; 14 v\u00edctimas y 13 indagatorias 2025 , plataforma de la AVGM Las cifras&nbsp; no cuadran, pero si las acciones de la Fiscal\u00eda General del Estado para esclarecer los cr\u00edmenes violentos contra las mujeres. Candelaria Rodr\u00edguez Sosa* SemM\u00e9xico, Tuxtla Guti\u00e9rrez, Chiapas, 22 de julio, 2025.- [&hellip;]<\/p>\n","protected":false},"author":3,"featured_media":97164,"comment_status":"open","ping_status":"open","sticky":false,"template":"","format":"standard","meta":{"_monsterinsights_skip_tracking":false,"footnotes":""},"categories":[700],"tags":[],"class_list":["post-97163","post","type-post","status-publish","format-standard","has-post-thumbnail","category-estados"],"_links":{"self":[{"href":"https:\/\/redsemlac.com\/semmexico\/wp-json\/wp\/v2\/posts\/97163","targetHints":{"allow":["GET"]}}],"collection":[{"href":"https:\/\/redsemlac.com\/semmexico\/wp-json\/wp\/v2\/posts"}],"about":[{"href":"https:\/\/redsemlac.com\/semmexico\/wp-json\/wp\/v2\/types\/post"}],"author":[{"embeddable":true,"href":"https:\/\/redsemlac.com\/semmexico\/wp-json\/wp\/v2\/users\/3"}],"replies":[{"embeddable":true,"href":"https:\/\/redsemlac.com\/semmexico\/wp-json\/wp\/v2\/comments?post=97163"}],"version-history":[{"count":0,"href":"https:\/\/redsemlac.com\/semmexico\/wp-json\/wp\/v2\/posts\/97163\/revisions"}],"wp:featuredmedia":[{"embeddable":true,"href":"https:\/\/redsemlac.com\/semmexico\/wp-json\/wp\/v2\/media\/97164"}],"wp:attachment":[{"href":"https:\/\/redsemlac.com\/semmexico\/wp-json\/wp\/v2\/media?parent=97163"}],"wp:term":[{"taxonomy":"category","embeddable":true,"href":"https:\/\/redsemlac.com\/semmexico\/wp-json\/wp\/v2\/categories?post=97163"},{"taxonomy":"post_tag","embeddable":true,"href":"https:\/\/redsemlac.com\/semmexico\/wp-json\/wp\/v2\/tags?post=97163"}],"curies":[{"name":"wp","href":"https:\/\/api.w.org\/{rel}","templated":true}]}}