{"id":97144,"date":"2025-07-21T19:52:06","date_gmt":"2025-07-22T01:52:06","guid":{"rendered":"https:\/\/redsemlac.com\/semmexico\/?p=97144"},"modified":"2025-07-21T19:52:07","modified_gmt":"2025-07-22T01:52:07","slug":"crimenes-brutales-a-mujeres-con-lujo-de-impunidad","status":"publish","type":"post","link":"https:\/\/redsemlac.com\/semmexico\/crimenes-brutales-a-mujeres-con-lujo-de-impunidad\/","title":{"rendered":"Cr\u00edmenes brutales a mujeres con lujo de impunidad"},"content":{"rendered":"\n<ul class=\"wp-block-list\">\n<li>\u00b7 \u00abNosotras no hablamos desde la estad\u00edstica, hablamos desde la vida. Y cada\u00a0mujer asesinada es una historia arrancada, una familia rota y una deuda m\u00e1s\u00a0que el Estado no salda.\u00bb<\/li>\n<\/ul>\n\n\n\n<p class=\"wp-block-paragraph\">Rocco Palomera<\/p>\n\n\n\n<p class=\"wp-block-paragraph\">SemM\u00e9xico\/SomosMX, Guadalajara, 21 de julio, 2025.- La violencia feminicida en&nbsp;Jalisco ha dejado de ser una cifra alarmante para convertirse en una escena brutal&nbsp;que se repite, d\u00eda con d\u00eda, con m\u00e1s sa\u00f1a y menos consecuencias. \u00abYa no es&nbsp;solamente que las priven de la vida, ahora es c\u00f3mo las matan\u00bb, advierte Guadalupe&nbsp;Ramos, coordinadora del Comit\u00e9 de Am\u00e9rica Latina y el Caribe para la Defensa de los&nbsp;Derechos de las Mujeres (CLADEM) en Jalisco, quien ha documentado desde 1997&nbsp;cada feminicidio en el estado. Hoy, desde esa memoria dolorosa y militante, hace un&nbsp;llamado urgente a las autoridades, a la sociedad y a quienes a\u00fan insisten en ocultar o&nbsp;maquillar esta realidad.<\/p>\n\n\n\n<p class=\"wp-block-paragraph\">CLADEM, es red con presencia en 15 pa\u00edses de Am\u00e9rica Latina y el Caribe y 35 a\u00f1os&nbsp;de trabajo, que lleva m\u00e1s de 25 a\u00f1os actuando en Jalisco. Su activismo no es&nbsp;decorativo ni simb\u00f3lico. Han impulsado la creaci\u00f3n de leyes, la eliminaci\u00f3n de&nbsp;normativas discriminatorias y la implementaci\u00f3n de mecanismos como la tipificaci\u00f3n&nbsp;del feminicidio. Adem\u00e1s, fueron fundadoras del Observatorio Ciudadano<\/p>\n\n\n\n<p class=\"wp-block-paragraph\">Nacional del Feminicidio.<\/p>\n\n\n\n<p class=\"wp-block-paragraph\">Pero el panorama no mejora. Al contrario. \u00abDe 1997 al 2005, el promedio anual era de&nbsp;34 mujeres asesinadas. Entre 2006 y 2010, esa cifra se duplic\u00f3 a 78 mujeres que<\/p>\n\n\n\n<p class=\"wp-block-paragraph\">les privaron la vida. En 2010 super\u00f3 el centenar, y en 2018, el n\u00famero rebas\u00f3 las 200&nbsp;mujeres asesinadas cada a\u00f1o en Jalisco\u00bb, detalla Ramos. El aumento coincide con&nbsp;contextos de violencia generalizada, como la militarizaci\u00f3n iniciada con la llamada&nbsp;\u00abguerra contra el narco\u00bb. &nbsp;<\/p>\n\n\n\n<p class=\"wp-block-paragraph\">En lo que va de 2025, ya se han registrado 64 asesinatos de mujeres en el estado\u00a0seg\u00fan Fiscal\u00eda del Estado. \u00a0Pero, no es solo es la cantidad de vidas de mujeres que se\u00a0pierden: es el nivel de violencia. \u00abLas calcinan, las embolsan, las descuartizan. Y\u00a0ahora, adem\u00e1s, los asesinatos quedan grabados y circulan en redes sociales\u00bb,\u00a0denuncia. La violencia ya no solo se comete, se reproduce y se monetiza en medios\u00a0convencionales y redes sociales sin importar el dolor humano. \u00abAhora el asesinato es\u00a0un espect\u00e1culo. Las v\u00edctimas son juzgadas en l\u00ednea, se cuestiona c\u00f3mo vest\u00edan, con qui\u00e9n sal\u00edan. Como en un episodio de Black Mirror, todos se convierten en\u00a0jueces, menos el verdadero agresor\u00bb.<\/p>\n\n\n\n<p class=\"wp-block-paragraph\">Y mientras tanto, el Estado falla. Las pol\u00edticas p\u00fablicas siguen ausentes o son\u00a0ineficientes. La Alerta de Violencia de G\u00e9nero, decretada en Jalisco desde noviembre\u00a0de 2018, no ha dado los resultados esperados. CLADEM acompa\u00f1a su seguimiento y ha identificado que la mayor\u00eda de las medidas no se han cumplido plenamente. \u00abHay\u00a0una ausencia clara de voluntad para prevenir, sancionar y erradicar la<\/p>\n\n\n\n<p class=\"wp-block-paragraph\">violencia\u00bb, afirma Ramos.<\/p>\n\n\n\n<p class=\"wp-block-paragraph\">La criminalizaci\u00f3n no es solo un problema institucional, tambi\u00e9n es social. \u00abMuchas&nbsp;veces se acusa a las mujeres de haber provocado su propio asesinato. *\u00bfPor qu\u00e9&nbsp;sali\u00f3? \u00bfCon qui\u00e9n andaba? \u00bfPor qu\u00e9 vest\u00eda as\u00ed? * \u00ab. Es la misma l\u00f3gica que invisibiliza&nbsp;el contexto estructural y desactiva la responsabilidad del agresor y del Estado.<\/p>\n\n\n\n<p class=\"wp-block-paragraph\">Adem\u00e1s del trabajo jur\u00eddico, CLADEM acompa\u00f1a emocional y legalmente a las&nbsp;familias v\u00edctimas de feminicidio. En Puerto Vallarta y Guadalajara, han respaldado la&nbsp;formaci\u00f3n de colectivos de madres, hermanas, hijas que convirtieron el dolor en&nbsp;lucha. \u00abAh\u00ed encuentran un espacio de refugio, de escucha, de resistencia. Las<\/p>\n\n\n\n<p class=\"wp-block-paragraph\">familias son ahora las que sostienen la memoria y la exigencia de justicia\u00bb, subraya.<\/p>\n\n\n\n<p class=\"wp-block-paragraph\">Los casos recientes, como el de un hombre armado con un rifle de asalto usado para&nbsp;asesinar a una mujer en plena v\u00eda p\u00fablica (caso Karla Ba\u00f1uelos de 28 a\u00f1os en&nbsp;Balcones de Oblatos el 12 de julio, en Guadalajara) exponen con crudeza la&nbsp;normalizaci\u00f3n de la violencia. \u00ab\u00bfDe qu\u00e9 seguridad estamos hablando?\u00bb, pregunta<\/p>\n\n\n\n<p class=\"wp-block-paragraph\">Guadalupe Ramos. \u00abCualquiera puede portar armas de alto poder, en cualquier&nbsp;espacio. \u00bfD\u00f3nde qued\u00f3 el Estado de Derecho?\u00bb<\/p>\n\n\n\n<p class=\"wp-block-paragraph\">Incluso las agresiones sin muerte siguen impunes. CLADEM ya da seguimiento a&nbsp;casos de un sujeto que en las \u00faltimas semanas ha golpeado a cinco mujeres en el&nbsp;\u00c1rea Metropolitana de Guadalajara \u00abNo roba, no secuestra: agrede por misoginia. Lo&nbsp;hace porque puede. Y eso es lo m\u00e1s grave.\u00bb<\/p>\n\n\n\n<p class=\"wp-block-paragraph\">Para CLADEM, el problema ya no se resuelve con discursos o protocolos en papel. Se&nbsp;requiere una transformaci\u00f3n urgente y estructural. \u00abSi no exigimos justicia, si no&nbsp;frenamos la impunidad, seguiremos enterrando a m\u00e1s mujeres y criando a m\u00e1s&nbsp;generaciones en el miedo\u00bb, advierte con preocupaci\u00f3n, Guadalupe Ramos.<\/p>\n\n\n\n<p class=\"wp-block-paragraph\"><strong>Feminicidios recientes y acumulados en Jalisco:<\/strong><\/p>\n\n\n\n<p class=\"wp-block-paragraph\">3 mujeres asesinadas en 24 horas en el mes de julio 2025<\/p>\n\n\n\n<p class=\"wp-block-paragraph\">64 homicidios dolosos en lo que va de 2025. De estos casos, existen 13 carpetas (con&nbsp;14 v\u00edctimas) de investigaci\u00f3n por Feminicidio. Seg\u00fan Fiscal\u00eda del Estado de Jalisco<\/p>\n\n\n\n<p class=\"wp-block-paragraph\">5 mujeres agredidas f\u00edsicamente por un mismo sujeto en el \u00c1rea Metropolitana de&nbsp;Guadalajara<\/p>\n\n\n\n<p class=\"wp-block-paragraph\">Evoluci\u00f3n hist\u00f3rica de feminicidios en Jalisco:<\/p>\n\n\n\n<p class=\"wp-block-paragraph\">De 1997 a 2005:<\/p>\n\n\n\n<p class=\"wp-block-paragraph\">Promedio anual: 34 mujeres asesinadas por a\u00f1o.<\/p>\n\n\n\n<p class=\"wp-block-paragraph\">De 2005-2006 a 2010:<\/p>\n\n\n\n<p class=\"wp-block-paragraph\">Se duplica la cifra: 78 mujeres asesinadas por a\u00f1o.<\/p>\n\n\n\n<p class=\"wp-block-paragraph\">A partir de 2010:<\/p>\n\n\n\n<p class=\"wp-block-paragraph\">M\u00e1s de 100 mujeres asesinadas por a\u00f1o.<\/p>\n\n\n\n<p class=\"wp-block-paragraph\">Entre 2018-2019:<\/p>\n\n\n\n<p class=\"wp-block-paragraph\">M\u00e1s de 200 mujeres asesinadas por a\u00f1o<\/p>\n\n\n\n<p class=\"wp-block-paragraph\"><\/p>\n","protected":false},"excerpt":{"rendered":"<p>Rocco Palomera SemM\u00e9xico\/SomosMX, Guadalajara, 21 de julio, 2025.- La violencia feminicida en&nbsp;Jalisco ha dejado de ser una cifra alarmante para convertirse en una escena brutal&nbsp;que se repite, d\u00eda con d\u00eda, con m\u00e1s sa\u00f1a y menos consecuencias. \u00abYa no es&nbsp;solamente que las priven de la vida, ahora es c\u00f3mo las matan\u00bb, advierte Guadalupe&nbsp;Ramos, coordinadora del Comit\u00e9 [&hellip;]<\/p>\n","protected":false},"author":3,"featured_media":97145,"comment_status":"open","ping_status":"open","sticky":false,"template":"","format":"standard","meta":{"_monsterinsights_skip_tracking":false,"footnotes":""},"categories":[48],"tags":[],"class_list":["post-97144","post","type-post","status-publish","format-standard","has-post-thumbnail","category-no-mas-impunidad-no-mas-impunidad"],"_links":{"self":[{"href":"https:\/\/redsemlac.com\/semmexico\/wp-json\/wp\/v2\/posts\/97144","targetHints":{"allow":["GET"]}}],"collection":[{"href":"https:\/\/redsemlac.com\/semmexico\/wp-json\/wp\/v2\/posts"}],"about":[{"href":"https:\/\/redsemlac.com\/semmexico\/wp-json\/wp\/v2\/types\/post"}],"author":[{"embeddable":true,"href":"https:\/\/redsemlac.com\/semmexico\/wp-json\/wp\/v2\/users\/3"}],"replies":[{"embeddable":true,"href":"https:\/\/redsemlac.com\/semmexico\/wp-json\/wp\/v2\/comments?post=97144"}],"version-history":[{"count":0,"href":"https:\/\/redsemlac.com\/semmexico\/wp-json\/wp\/v2\/posts\/97144\/revisions"}],"wp:featuredmedia":[{"embeddable":true,"href":"https:\/\/redsemlac.com\/semmexico\/wp-json\/wp\/v2\/media\/97145"}],"wp:attachment":[{"href":"https:\/\/redsemlac.com\/semmexico\/wp-json\/wp\/v2\/media?parent=97144"}],"wp:term":[{"taxonomy":"category","embeddable":true,"href":"https:\/\/redsemlac.com\/semmexico\/wp-json\/wp\/v2\/categories?post=97144"},{"taxonomy":"post_tag","embeddable":true,"href":"https:\/\/redsemlac.com\/semmexico\/wp-json\/wp\/v2\/tags?post=97144"}],"curies":[{"name":"wp","href":"https:\/\/api.w.org\/{rel}","templated":true}]}}