{"id":97137,"date":"2025-07-21T19:14:12","date_gmt":"2025-07-22T01:14:12","guid":{"rendered":"https:\/\/redsemlac.com\/semmexico\/?p=97137"},"modified":"2025-07-21T19:14:15","modified_gmt":"2025-07-22T01:14:15","slug":"carmen-sanchez-flores-una-magnolia-de-acero-que-no-detiene-el-dolor","status":"publish","type":"post","link":"https:\/\/redsemlac.com\/semmexico\/carmen-sanchez-flores-una-magnolia-de-acero-que-no-detiene-el-dolor\/","title":{"rendered":"Carmen S\u00e1nchez Flores una magnolia de acero que no detiene el dolor"},"content":{"rendered":"\n<ul class=\"wp-block-list\">\n<li>V\u00edctima de feminicidio en grado de tentativa ha pasado por 67 cirug\u00edas reconstructivas, su agresor ya tiene sentencia y nunca ha dejado de ayudar a otras mujeres<\/li>\n\n\n\n<li>Una de las manifestaciones m\u00e1s crueles del machismo: IBD<\/li>\n<\/ul>\n\n\n\n<p class=\"wp-block-paragraph\">Lorena Vaniezcot<\/p>\n\n\n\n<p class=\"wp-block-paragraph\">SemM\u00e9xico, Ciudad de M\u00e9xico, 21 de julio, 2025.- Han pasado m\u00e1s 11 a\u00f1os, pero Carmen S\u00e1nchez Flores sigue recordando como si reci\u00e9n hubiera pasado porque las huellas de la violencia est\u00e1n en su cuerpo.<\/p>\n\n\n\n<p class=\"wp-block-paragraph\">\u201cNo s\u00e9 ustedes, pero yo a veces me siento triste, cansada y desprotegida\u201d, dice en sus redes sociales, tras m\u00e1s de 11 a\u00f1os de luchar por su vida emocional y f\u00edsica, pero tambi\u00e9n de buscar que la justicia abriera sus puertas, lo que sucedi\u00f3 nueve a\u00f1os despu\u00e9s de la agresi\u00f3n, cuando en mayo del 2023 se dio a conocer el fallo contra su agresor, Efr\u00e9n Garc\u00eda Ram\u00edrez, su expareja sentenciada a 46 a\u00f1os y 8 meses de prisi\u00f3n,<\/p>\n\n\n\n<p class=\"wp-block-paragraph\">El victimario sigue dando patadas en los tribunales que le dictaron la que fue calificada \u201ccomo una sentencia hist\u00f3rica\u201d, al reclasificar el delito de \u201clesiones simples\u201d como lo indic\u00f3 el m\u00e9dico legista designado, quien no tom\u00f3 en cuenta los ocho meses que inicialmente Carmen tuvo que estar internada en un hospital del IMSS, por el delito de feminicidio en grado de tentativa.<\/p>\n\n\n\n<p class=\"wp-block-paragraph\">\u201cEfr\u00e9n Garc\u00eda Ram\u00edrez fue sentenciado a 46 a\u00f1os y ocho meses de prisi\u00f3n por haber intentado asesinar con \u00e1cido a Carmen en 2014. Se trata de la primera sentencia en M\u00e9xico y Am\u00e9rica Latina que condena a un agresor por feminicidio en grado de tentativa en un caso de violencia \u00e1cida, imponiendo adem\u00e1s la pena m\u00e1xima.<\/p>\n\n\n\n<p class=\"wp-block-paragraph\">\u201cEste fallo marca un precedente hist\u00f3rico a nivel nacional e internacional, al reconocer que la violencia \u00e1cida es una forma de violencia feminicida y no simples \u00ablesiones\u00bb.<\/p>\n\n\n\n<p class=\"wp-block-paragraph\">\u201cEs un referente obligatorio para que las autoridades investiguen y sancionen estos cr\u00edmenes con perspectiva de g\u00e9nero, apliquen el tipo penal adecuado y dejen de minimizar esta forma extrema de violencia mis\u00f3gina. Adem\u00e1s, esta sentencia abre camino para que otras mujeres v\u00edctimas de violencia \u00e1cida o qu\u00edmica puedan acceder a la justicia, y deja claro que los ataques con \u00e1cido no deben quedar impunes nunca m\u00e1s\u201d, se\u00f1alan en la p\u00e1gina oficial de la Fundaci\u00f3n Carmen S\u00e1nchez.<\/p>\n\n\n\n<p class=\"wp-block-paragraph\">En febrero de 2014, mientras ella se resguardaba en casa de su madre con sus hijas y se neg\u00f3 a volver con Efr\u00e9n, recibi\u00f3 un ba\u00f1o del letal l\u00edquido, \u00e1cido, y alcanz\u00f3 a escuchar una sentencia: \u201cSi no vas a estar conmigo, jam\u00e1s volver\u00e1s a estar con nadie m\u00e1s\u2026 Mu\u00e9rete\u2026te lo advert\u00ed\u201d.<\/p>\n\n\n\n<p class=\"wp-block-paragraph\">Los \u00faltimos 11 a\u00f1os de Carmen S\u00e1nchez ha sido reconstruir su vida. Preside una fundaci\u00f3n que lleva su nombre para acompa\u00f1ar a otras v\u00edctimas, se ha sometido a 67 cirug\u00edas reconstructivas y no dej\u00f3 de buscar justicia, por eso a veces se cansa y lo dice en sus redes sociales, pero explica que est\u00e1 cansada \u201cno de acompa\u00f1ar a mujeres, a familias, a v\u00edctimas. Sino porque es esta sociedad, estas instituciones, las que nos fallas, las que nos revictimizan, las que se hacen sordas\u201d.<\/p>\n\n\n\n<p class=\"wp-block-paragraph\">Y cada paso pesa, sin duda, as\u00ed lo refleja en su propio relato, ese que le permite hablar y contar serenamente lo que vive y ha sucedido con ella, como lo escribi\u00f3 el 20 de febrero pasado y cuyo contenido se hace necesario.<\/p>\n\n\n\n<p class=\"wp-block-paragraph\">\u201cEl 20 de febrero de 2014 a las 8:14 el reloj se detuvo: con 29 a\u00f1os fui v\u00edctima de una de las violencias machistas m\u00e1s extremas. Un hombre, mi expareja, arrojo \u00e1cido a mi rostro, cuello y pecho. Pens\u00e9 entonces en el fin del mundo, mi mundo.<\/p>\n\n\n\n<p class=\"wp-block-paragraph\">\u201cCon mucho dolor e incertidumbre permanec\u00ed ocho meses internada en un hospital p\u00fablico. En ese momento los pron\u00f3sticos no eran favorables. Sin embargo, me sostuve.<\/p>\n\n\n\n<p class=\"wp-block-paragraph\">\u201cPasaron los a\u00f1os. Ech\u00e9 ra\u00edces en los diarios que alguna vez escrib\u00ed, en el amor de mi familia y de otras mujeres. Una tras otra, las 66 cirug\u00edas me sum\u00edan en el miedo, pero tambi\u00e9n en la esperanza de reintegrarme a la vida. Una y muchas veces m\u00e1s, me sostuve.<\/p>\n\n\n\n<p class=\"wp-block-paragraph\">\u201cHoy es 20 de febrero de 2025 y el reloj marca las 08:14 horas. Con 40 a\u00f1os abro poco a poco los ojos, paso la mano derecha por el coraz\u00f3n: \u201cSoy esta\u201d, me digo y abrazo fuerte.<\/p>\n\n\n\n<p class=\"wp-block-paragraph\">\u201cEscucho a mis hijas caminar por la cocina. Me gusta mirarlas, mirarnos; saber que nos tenemos. Estar presente.<\/p>\n\n\n\n<p class=\"wp-block-paragraph\">\u201cOnce largos a\u00f1os han pasado.<\/p>\n\n\n\n<p class=\"wp-block-paragraph\">\u201cEn d\u00edas como estos para m\u00ed es importante venir al parque, caminar descalza, sentir la humedad del pasto, de la tierra. Saber que volv\u00ed a nacer.<\/p>\n\n\n\n<p class=\"wp-block-paragraph\">\u201cEn d\u00edas como estos para m\u00ed es importante compartir que soy esta mujer, madre, amiga: la enamorada de la vida.<\/p>\n\n\n\n<p class=\"wp-block-paragraph\">\u201cEn d\u00edas como estos para m\u00ed es importante compartir que soy Mar\u00eda del Carmen S\u00e1nchez Flores, que volv\u00ed a florecer\u201d.<\/p>\n\n\n\n<p class=\"wp-block-paragraph\"><strong>Una de las manifestaciones m\u00e1s crueles del machismo: IBD<\/strong><\/p>\n\n\n\n<p class=\"wp-block-paragraph\">El a\u00f1o pasado, el Instituto Belisario Dom\u00ednguez del Senado de la Rep\u00fablica, present\u00f3 el estudio Violencia de g\u00e9nero con \u00e1cido: Una de las manifestaciones m\u00e1s crueles del machismo en M\u00e9xico, elaborado por Irma del R. K\u00e1nter Coronel, investigadora adscrita a la Direcci\u00f3n General de An\u00e1lisis Legislativo de dicho institututo, en el refiere que de acuerdo con Acid Survivors Trust International (ASTI, 2024), cada a\u00f1o se registran alrededor de dos mil 400 casos de agresiones con \u00e1cido y otro tipo de sustancias corrosivas.<\/p>\n\n\n\n<p class=\"wp-block-paragraph\">\u201cEn la mayor\u00eda de los casos las agredidas son mujeres y ni\u00f1as y los perpetradores son hombres, casi siempre conocidos, con quienes las victimas sosten\u00edan o hab\u00edan tenido alg\u00fan tipo de relaci\u00f3n cercana, ya sea de confianza, de parentesco o sentimental\u201d.<\/p>\n\n\n\n<p class=\"wp-block-paragraph\">El estudio cita tambi\u00e9n a la Fundaci\u00f3n Carmen S\u00e1nchez que refiere que, en el 85 por ciento de los casos atendidos, el agresor intelectual fue la pareja o expareja sentimental, interviniendo en 30 por de las agresiones cometidas dos o m\u00e1s personas.<\/p>\n\n\n\n<p class=\"wp-block-paragraph\">&nbsp;La Ciudad de M\u00e9xico, Puebla y el Estado de M\u00e9xico representan las tres entidades del pa\u00eds con el mayor n\u00famero de mujeres violentadas con \u00e1cido u otra sustancia qu\u00edmica o corrosiva, y en su mayor\u00eda se trata de mujeres j\u00f3venes que al momento de ser agredidas ten\u00edan entre 20 y 30 a\u00f1os, se\u00f1ala el estudio del Instituto Belisario Dom\u00ednguez.<\/p>\n\n\n\n<p class=\"wp-block-paragraph\">La Fundaci\u00f3n Carmen S\u00e1nchez reconoce que \u201ccomo ocurre en los casos de violencia de g\u00e9nero contra mujeres, en M\u00e9xico prevalece una gran impunidad siendo muy dif\u00edcil y complicado el acceso a la justicia para las sobrevivientes de la violencia con \u00e1cido como reconoce, cita el estudio, quien agrega que hasta 2021 s\u00f3lo cuatro agresores que utilizaron \u00e1cido han sido vinculados a proceso: tres por feminicidio en grado de tentativa y uno por violencia familiar y en 2024 fue cuando ocurri\u00f3 la primera sentencia, precisamente contra el agresor de Carmen S\u00e1nchez.<\/p>\n\n\n\n<p class=\"wp-block-paragraph\">Actualmente la Fundaci\u00f3n Carmen S\u00e1nchez Mx lleva un registro de m\u00e1s de 50 mujeres v\u00edctimas de violencia \u00e1cida. En 2022 tuvo acceso a los datos del Subsistema de Lesiones Causas de la Violencia del Sistema de Salud P\u00fablica y encontr\u00f3 que, en ese mismo a\u00f1o, al menos 105 mujeres fueron v\u00edctimas de ataques con sustancias qu\u00edmicas en contextos de violencia. S\u00f3lo 28 de ellas informaron su caso al Ministerio P\u00fablico (Secretar\u00eda de Salud, 2022).<\/p>\n\n\n\n<p class=\"wp-block-paragraph\">De acuerdo con datos de la Fundaci\u00f3n a trav\u00e9s de datos obtenidos mediante solicitudes de transparencia a BANAVIM, la periodista Berenice Chavarr\u00eda (2025) revel\u00f3 que en los \u00faltimos 12 a\u00f1os, m\u00e1s de mil mujeres han sido v\u00edctimas de ataques con sustancias qu\u00edmicas o han enfrentado amenazas de sufrir esta forma de agresi\u00f3n. Sin embargo, resulta preocupante esta falta de diferenciaci\u00f3n por parte de BANAVIM entre ataques consumados y amenazas; lo que representa una limitaci\u00f3n significativa en el registro y an\u00e1lisis de la violencia \u00e1cida, pues ambas situaciones implican diferentes niveles de riesgo, consecuencias f\u00edsicas psicol\u00f3gicas, por lo tanto, las respuestas institucionales diferenciadas.<\/p>\n\n\n\n<p class=\"wp-block-paragraph\">SEM\/lv\/sj<\/p>\n\n\n\n<figure class=\"wp-block-image size-large\"><a href=\"https:\/\/redsemlac.com\/semmexico\/wp-content\/uploads\/2025\/07\/carmen-sanchez-2.jpg\"><img loading=\"lazy\" decoding=\"async\" width=\"820\" height=\"1024\" src=\"https:\/\/redsemlac.com\/semmexico\/wp-content\/uploads\/2025\/07\/carmen-sanchez-2-820x1024.jpg\" alt=\"\" class=\"wp-image-97138\" srcset=\"https:\/\/redsemlac.com\/semmexico\/wp-content\/uploads\/2025\/07\/carmen-sanchez-2-820x1024.jpg 820w, https:\/\/redsemlac.com\/semmexico\/wp-content\/uploads\/2025\/07\/carmen-sanchez-2-240x300.jpg 240w, https:\/\/redsemlac.com\/semmexico\/wp-content\/uploads\/2025\/07\/carmen-sanchez-2-768x959.jpg 768w, https:\/\/redsemlac.com\/semmexico\/wp-content\/uploads\/2025\/07\/carmen-sanchez-2-1230x1536.jpg 1230w, https:\/\/redsemlac.com\/semmexico\/wp-content\/uploads\/2025\/07\/carmen-sanchez-2-150x187.jpg 150w, https:\/\/redsemlac.com\/semmexico\/wp-content\/uploads\/2025\/07\/carmen-sanchez-2-300x375.jpg 300w, https:\/\/redsemlac.com\/semmexico\/wp-content\/uploads\/2025\/07\/carmen-sanchez-2-696x869.jpg 696w, https:\/\/redsemlac.com\/semmexico\/wp-content\/uploads\/2025\/07\/carmen-sanchez-2-1068x1334.jpg 1068w, https:\/\/redsemlac.com\/semmexico\/wp-content\/uploads\/2025\/07\/carmen-sanchez-2.jpg 1280w\" sizes=\"auto, (max-width: 820px) 100vw, 820px\" \/><\/a><\/figure>\n","protected":false},"excerpt":{"rendered":"<p>Lorena Vaniezcot SemM\u00e9xico, Ciudad de M\u00e9xico, 21 de julio, 2025.- Han pasado m\u00e1s 11 a\u00f1os, pero Carmen S\u00e1nchez Flores sigue recordando como si reci\u00e9n hubiera pasado porque las huellas de la violencia est\u00e1n en su cuerpo. \u201cNo s\u00e9 ustedes, pero yo a veces me siento triste, cansada y desprotegida\u201d, dice en sus redes sociales, tras [&hellip;]<\/p>\n","protected":false},"author":3,"featured_media":97140,"comment_status":"open","ping_status":"open","sticky":false,"template":"","format":"standard","meta":{"_monsterinsights_skip_tracking":false,"footnotes":""},"categories":[694],"tags":[],"class_list":["post-97137","post","type-post","status-publish","format-standard","has-post-thumbnail","category-destacadas"],"_links":{"self":[{"href":"https:\/\/redsemlac.com\/semmexico\/wp-json\/wp\/v2\/posts\/97137","targetHints":{"allow":["GET"]}}],"collection":[{"href":"https:\/\/redsemlac.com\/semmexico\/wp-json\/wp\/v2\/posts"}],"about":[{"href":"https:\/\/redsemlac.com\/semmexico\/wp-json\/wp\/v2\/types\/post"}],"author":[{"embeddable":true,"href":"https:\/\/redsemlac.com\/semmexico\/wp-json\/wp\/v2\/users\/3"}],"replies":[{"embeddable":true,"href":"https:\/\/redsemlac.com\/semmexico\/wp-json\/wp\/v2\/comments?post=97137"}],"version-history":[{"count":0,"href":"https:\/\/redsemlac.com\/semmexico\/wp-json\/wp\/v2\/posts\/97137\/revisions"}],"wp:featuredmedia":[{"embeddable":true,"href":"https:\/\/redsemlac.com\/semmexico\/wp-json\/wp\/v2\/media\/97140"}],"wp:attachment":[{"href":"https:\/\/redsemlac.com\/semmexico\/wp-json\/wp\/v2\/media?parent=97137"}],"wp:term":[{"taxonomy":"category","embeddable":true,"href":"https:\/\/redsemlac.com\/semmexico\/wp-json\/wp\/v2\/categories?post=97137"},{"taxonomy":"post_tag","embeddable":true,"href":"https:\/\/redsemlac.com\/semmexico\/wp-json\/wp\/v2\/tags?post=97137"}],"curies":[{"name":"wp","href":"https:\/\/api.w.org\/{rel}","templated":true}]}}