{"id":97121,"date":"2025-07-21T12:33:06","date_gmt":"2025-07-21T18:33:06","guid":{"rendered":"https:\/\/redsemlac.com\/semmexico\/?p=97121"},"modified":"2025-07-21T12:33:07","modified_gmt":"2025-07-21T18:33:07","slug":"arzobispo-de-acapulco-clama-por-poner-fin-a-acciones-que-generan-violencia-y-ora-por-madres-buscadoras","status":"publish","type":"post","link":"https:\/\/redsemlac.com\/semmexico\/arzobispo-de-acapulco-clama-por-poner-fin-a-acciones-que-generan-violencia-y-ora-por-madres-buscadoras\/","title":{"rendered":"Arzobispo de Acapulco clama por poner fin a acciones que generan violencia y ora por madres buscadoras"},"content":{"rendered":"\n<p class=\"wp-block-paragraph\">&nbsp;<a href=\"https:\/\/ceprovysa.com\/?p=117855\"><\/a><\/p>\n\n\n\n<p class=\"wp-block-paragraph\">En el&nbsp;&nbsp; A\u00f1o Jubilar de la Esperanza, llam\u00f3 a las autoridades fortalecer la b\u00fasqueda y no dejar solas a las mujeres<\/p>\n\n\n\n<p class=\"wp-block-paragraph\"><br>Isabel Mart\u00ednez<\/p>\n\n\n\n<p class=\"wp-block-paragraph\">SemM\u00e9xico\/ CEPROVYSA, Acapulco, Guerrero, 21 de julio, 2025.- \u201cEntre las intenciones de nuestra oraci\u00f3n, est\u00e1n primero las autoridades para que con esfuerzo pongan fin a la guerra, y a toda clase de violencia y de inseguridad\u201d, y orar por las madres que buscan a hijos, hijas, familiares, es la homil\u00eda de este domingo.<\/p>\n\n\n\n<p class=\"wp-block-paragraph\"><br>El Arzobispo de Acapulco, Leopoldo Gonz\u00e1lez Gonz\u00e1lez en el llamado que hizo a las autoridades, tambi\u00e9n &nbsp;pidi\u00f3 brindar seguridad a los pueblos que gobiernan, as\u00ed como a quienes promueven el progreso y el respeto a la libertad, a la tranquilidad y a la actividad religiosa, dijo el Prelado.<\/p>\n\n\n\n<p class=\"wp-block-paragraph\"><br>Don Leopoldo Gonz\u00e1lez pidi\u00f3 tambi\u00e9n \u201crecordar con mucho afecto a la madres buscadoras y a todas aquellas personas que lloran la p\u00e9rdida de un ser querido\u201d.<\/p>\n\n\n\n<p class=\"wp-block-paragraph\">En ese tema, el Arzobispo de Acapulco dijo que los gobiernos deben apoyar con acciones encaminadas a encontrar a los seres queridos de las madres buscadoras.<\/p>\n\n\n\n<p class=\"wp-block-paragraph\"><br>El prelado cat\u00f3lico dijo que la Iglesia tambi\u00e9n mantiene en sus oraciones a las personas que hacen el mal, a fin de que dejen de causar destrucci\u00f3n y muerte.<\/p>\n\n\n\n<p class=\"wp-block-paragraph\"><br>La reflexi\u00f3n de Leopoldo Gonz\u00e1lez Gonz\u00e1lez fue en el marco de su mensaje dominical en &nbsp;el A\u00f1o Jubilar de la Esperanza.<\/p>\n","protected":false},"excerpt":{"rendered":"<p>&nbsp; En el&nbsp;&nbsp; A\u00f1o Jubilar de la Esperanza, llam\u00f3 a las autoridades fortalecer la b\u00fasqueda y no dejar solas a las mujeres Isabel Mart\u00ednez SemM\u00e9xico\/ CEPROVYSA, Acapulco, Guerrero, 21 de julio, 2025.- \u201cEntre las intenciones de nuestra oraci\u00f3n, est\u00e1n primero las autoridades para que con esfuerzo pongan fin a la guerra, y a toda clase [&hellip;]<\/p>\n","protected":false},"author":3,"featured_media":97122,"comment_status":"open","ping_status":"open","sticky":false,"template":"","format":"standard","meta":{"_monsterinsights_skip_tracking":false,"footnotes":""},"categories":[700],"tags":[],"class_list":["post-97121","post","type-post","status-publish","format-standard","has-post-thumbnail","category-estados"],"_links":{"self":[{"href":"https:\/\/redsemlac.com\/semmexico\/wp-json\/wp\/v2\/posts\/97121","targetHints":{"allow":["GET"]}}],"collection":[{"href":"https:\/\/redsemlac.com\/semmexico\/wp-json\/wp\/v2\/posts"}],"about":[{"href":"https:\/\/redsemlac.com\/semmexico\/wp-json\/wp\/v2\/types\/post"}],"author":[{"embeddable":true,"href":"https:\/\/redsemlac.com\/semmexico\/wp-json\/wp\/v2\/users\/3"}],"replies":[{"embeddable":true,"href":"https:\/\/redsemlac.com\/semmexico\/wp-json\/wp\/v2\/comments?post=97121"}],"version-history":[{"count":0,"href":"https:\/\/redsemlac.com\/semmexico\/wp-json\/wp\/v2\/posts\/97121\/revisions"}],"wp:featuredmedia":[{"embeddable":true,"href":"https:\/\/redsemlac.com\/semmexico\/wp-json\/wp\/v2\/media\/97122"}],"wp:attachment":[{"href":"https:\/\/redsemlac.com\/semmexico\/wp-json\/wp\/v2\/media?parent=97121"}],"wp:term":[{"taxonomy":"category","embeddable":true,"href":"https:\/\/redsemlac.com\/semmexico\/wp-json\/wp\/v2\/categories?post=97121"},{"taxonomy":"post_tag","embeddable":true,"href":"https:\/\/redsemlac.com\/semmexico\/wp-json\/wp\/v2\/tags?post=97121"}],"curies":[{"name":"wp","href":"https:\/\/api.w.org\/{rel}","templated":true}]}}