{"id":96963,"date":"2025-07-11T19:35:16","date_gmt":"2025-07-12T01:35:16","guid":{"rendered":"https:\/\/redsemlac.com\/semmexico\/?p=96963"},"modified":"2025-07-11T19:35:17","modified_gmt":"2025-07-12T01:35:17","slug":"mujeres-y-politica-feminicidios-contra-ninas-un-lastre-en-mexico","status":"publish","type":"post","link":"https:\/\/redsemlac.com\/semmexico\/mujeres-y-politica-feminicidios-contra-ninas-un-lastre-en-mexico\/","title":{"rendered":"Mujeres y Pol\u00edtica| Feminicidios contra ni\u00f1as, un lastre en M\u00e9xico"},"content":{"rendered":"\n<p class=\"wp-block-paragraph\">Soledad Jarqu\u00edn Edgar<\/p>\n\n\n\n<p class=\"wp-block-paragraph\">SemM\u00e9xico, Oaxaca, 11 de julio, 2025.- Puede ser cualquier ciudad de este pa\u00eds,&nbsp;a cualquier hora y sin ninguna raz\u00f3n, el feminicidio contra mujeres es, se dijo&nbsp;desde hace mucho tiempo, una EMERGENCIA NACIONAL, como lo es ahora la&nbsp;violencia feminicida y el feminicidio que sufren las ni\u00f1as y adolescentes.<\/p>\n\n\n\n<p class=\"wp-block-paragraph\">En Hidalgo, un caso que parec\u00eda no llegar\u00eda a buen puerto por las implicaciones&nbsp;pol\u00edtica que hab\u00eda, finalmente, tiene visos de justicia por la vinculaci\u00f3n de tres&nbsp;presuntos implicados, una t\u00eda y un t\u00edo de las menores, as\u00ed como una diputada&nbsp;local, y otro implicado. Todos ellos son presuntos responsables del delito de&nbsp;violaci\u00f3n cometidos en contra de dos peque\u00f1as.<\/p>\n\n\n\n<p class=\"wp-block-paragraph\">La lenta justicia ha provocado de todo en este martirio para la familia de las&nbsp;menores, mientras, como es costumbre para no violentar los derechos de los&nbsp;presuntos victimarios, estos recibieron la \u201cvinculaci\u00f3n a proceso\u201d, sin que tengan&nbsp;que ser detenidos, por una videollamada. As\u00ed las cosas, de la justicia contra estas&nbsp;ni\u00f1as<\/p>\n\n\n\n<p class=\"wp-block-paragraph\">Y de Hidalgo nos vamos a las tres hermanas asesinadas en Sonora,&nbsp;presuntamente porque su victimario era el \u00fanico beneficiario de un seguro de vida&nbsp;que su madre hab\u00eda adquirido, eso dicen las autoridades. Su madre tambi\u00e9n fue&nbsp;asesinada, se cree que el mismo d\u00eda, pero los cuerpos fueron localizados con&nbsp;diferencia de un d\u00eda. &nbsp;<\/p>\n\n\n\n<p class=\"wp-block-paragraph\">Los nombres de Margarita, Karla, Meredith y Medelin nos recordar\u00e1n siempre a&nbsp;esas autoridades que simulan y enga\u00f1an mientras la violencia contra las mujeres y&nbsp;ni\u00f1as es, como ya lo vimos m\u00e1s frecuente, cruenta y descarada la violencia, como&nbsp;bien ha dicho la defensora Silvia N\u00fa\u00f1ez Esquer.<\/p>\n\n\n\n<p class=\"wp-block-paragraph\">En Baja California, Keila Nicole de 13 a\u00f1os fue asesinada en esos mismos d\u00edas de&nbsp;principios de julio, la crueldad fue tal en contra de esta ni\u00f1a que cuerpo fue&nbsp;encontrado desmembrado. El presunto asesino, un menor de edad fue aprendido,&nbsp;y saben que es lo m\u00e1s terrible en este feminicidio infantil atroz, pues que Christian&nbsp;N, saldr\u00e1 de prisi\u00f3n en cinco a\u00f1os m\u00e1ximo.<\/p>\n\n\n\n<p class=\"wp-block-paragraph\">Los medios, por dichos de la Fiscal\u00eda de esa entidad, han dicho que ese menor de&nbsp;edad se habr\u00eda inspirado en una serie de televisi\u00f3n, yo dir\u00eda que esa serie quiz\u00e1&nbsp;fue la gota que derram\u00f3 su retorcida imaginaci\u00f3n, su misoginia y todo lo que usted&nbsp;le pueda agregar.<\/p>\n\n\n\n<p class=\"wp-block-paragraph\">Y en Oaxaca las cosas no est\u00e1n nada bien. Tras una persecuci\u00f3n un l\u00edder&nbsp;transportista de la famosa Catem joven, fue asesinado, junto con \u00e9l, los sicarios&nbsp;mataron a su pareja y al hijo de nueve a\u00f1os de ella. &nbsp;<\/p>\n\n\n\n<hr class=\"wp-block-separator has-alpha-channel-opacity\"\/>\n\n\n\n<p class=\"wp-block-paragraph\">2 \/ 2<\/p>\n\n\n\n<p class=\"wp-block-paragraph\">En Juchit\u00e1n de Zaragoza en cosa de nada dos hechos m\u00e1s han sacudido a la muy&nbsp;lastimada poblaci\u00f3n istme\u00f1a que lleva a\u00f1os lidiando con la delincuencia que hasta&nbsp;los ha gobernado. Por un lado, en el ejido Emiliano Zapata se encontr\u00f3 el cuerpo&nbsp;sin vida y con \u201csignos de tortura\u201d (sexual) el cuerpo de Marisela, una joven de 18&nbsp;a\u00f1os, casi una ni\u00f1a reportada como desaparecida desde el 4 de julio.<\/p>\n\n\n\n<p class=\"wp-block-paragraph\">Y tal como lo hab\u00eda advertido la familia, de que un conductor de mototaxis la&nbsp;habr\u00eda secuestrado, esta semana fue detenido el presunto responsable, y ya&nbsp;saben, era mototaxista.<\/p>\n\n\n\n<p class=\"wp-block-paragraph\">Pero no fue el \u00fanico caso, otra joven Reyna Violeta fue localizada sin vida y con&nbsp;signos de tortura dentro de un costal. En este caso dej\u00f3 tres hijos en orfandad. En&nbsp;total, en esta entidad han ocurrido 44 asesinatos violentos de mujeres, pocos, muy&nbsp;pocos son considerados feminicidios.<\/p>\n\n\n\n<p class=\"wp-block-paragraph\">En suma, frente a este panorama terrible donde las v\u00edctimas son muy menores de&nbsp;edad o mujeres muy j\u00f3venes, se hace necesario revisar la tipificaci\u00f3n de este&nbsp;delito donde la crueldad se hace cada vez m\u00e1s presente. Habr\u00e1 quien diga que&nbsp;toman las fatales ideas de la televisi\u00f3n, y algo hay de eso; necesitamos, sin&nbsp;embargo, revisar los hechos y quiz\u00e1 involucrar en la tipificaci\u00f3n del feminicidio la&nbsp;violencia derivada de la presencia de grupos criminales, porque me parece&nbsp;ominoso pretender que esos son \u201chomicidios dolosos\u201d y no feminicidios, as\u00ed como&nbsp;revisar lo que sucede con las infancias. S\u00ed lo s\u00e9, es pedirle un milagro.<\/p>\n\n\n\n<p class=\"wp-block-paragraph\">Por lo pronto ah\u00ed est\u00e1n los resultados. Una falla m\u00e1s del Estado mexicano.<\/p>\n\n\n\n<p class=\"wp-block-paragraph\"><\/p>\n","protected":false},"excerpt":{"rendered":"<p>Soledad Jarqu\u00edn Edgar SemM\u00e9xico, Oaxaca, 11 de julio, 2025.- Puede ser cualquier ciudad de este pa\u00eds,&nbsp;a cualquier hora y sin ninguna raz\u00f3n, el feminicidio contra mujeres es, se dijo&nbsp;desde hace mucho tiempo, una EMERGENCIA NACIONAL, como lo es ahora la&nbsp;violencia feminicida y el feminicidio que sufren las ni\u00f1as y adolescentes. En Hidalgo, un caso que [&hellip;]<\/p>\n","protected":false},"author":3,"featured_media":69812,"comment_status":"open","ping_status":"open","sticky":false,"template":"","format":"standard","meta":{"_monsterinsights_skip_tracking":false,"footnotes":""},"categories":[96,35,75],"tags":[],"class_list":["post-96963","post","type-post","status-publish","format-standard","has-post-thumbnail","category-mujeres-y-politica","category-opinion","category-soledad-jarquin-edgar"],"_links":{"self":[{"href":"https:\/\/redsemlac.com\/semmexico\/wp-json\/wp\/v2\/posts\/96963","targetHints":{"allow":["GET"]}}],"collection":[{"href":"https:\/\/redsemlac.com\/semmexico\/wp-json\/wp\/v2\/posts"}],"about":[{"href":"https:\/\/redsemlac.com\/semmexico\/wp-json\/wp\/v2\/types\/post"}],"author":[{"embeddable":true,"href":"https:\/\/redsemlac.com\/semmexico\/wp-json\/wp\/v2\/users\/3"}],"replies":[{"embeddable":true,"href":"https:\/\/redsemlac.com\/semmexico\/wp-json\/wp\/v2\/comments?post=96963"}],"version-history":[{"count":0,"href":"https:\/\/redsemlac.com\/semmexico\/wp-json\/wp\/v2\/posts\/96963\/revisions"}],"wp:featuredmedia":[{"embeddable":true,"href":"https:\/\/redsemlac.com\/semmexico\/wp-json\/wp\/v2\/media\/69812"}],"wp:attachment":[{"href":"https:\/\/redsemlac.com\/semmexico\/wp-json\/wp\/v2\/media?parent=96963"}],"wp:term":[{"taxonomy":"category","embeddable":true,"href":"https:\/\/redsemlac.com\/semmexico\/wp-json\/wp\/v2\/categories?post=96963"},{"taxonomy":"post_tag","embeddable":true,"href":"https:\/\/redsemlac.com\/semmexico\/wp-json\/wp\/v2\/tags?post=96963"}],"curies":[{"name":"wp","href":"https:\/\/api.w.org\/{rel}","templated":true}]}}