{"id":96953,"date":"2025-07-11T19:12:21","date_gmt":"2025-07-12T01:12:21","guid":{"rendered":"https:\/\/redsemlac.com\/semmexico\/?p=96953"},"modified":"2025-07-11T19:12:22","modified_gmt":"2025-07-12T01:12:22","slug":"delia-selene-de-dios-vallejo-testigo-de-casi-un-siglo-de-luchas-de-las-mujeres","status":"publish","type":"post","link":"https:\/\/redsemlac.com\/semmexico\/delia-selene-de-dios-vallejo-testigo-de-casi-un-siglo-de-luchas-de-las-mujeres\/","title":{"rendered":"Delia Selene de Dios Vallejo testigo de casi un siglo de luchas de las mujeres"},"content":{"rendered":"\n<ul class=\"wp-block-list\">\n<li>\u00b7 Falleci\u00f3 este 10 de julio a la edad de 88 a\u00f1os<\/li>\n\n\n\n<li>\u00b7 Del voto universal, al movimiento estudiantil, hasta la inclusi\u00f3n de los estudios de g\u00e9nero en\u00a0la UNAM<\/li>\n<\/ul>\n\n\n\n<p class=\"wp-block-paragraph\">Soledad Jarqu\u00edn Edgar<\/p>\n\n\n\n<p class=\"wp-block-paragraph\">SemM\u00e9xico, Ciudad de M\u00e9xico, 11 de julio, 2025.- Delia Selene de Dios Vallejo (Ciudad de M\u00e9xico, ( 5&nbsp;de abril de 1937) &nbsp;doctora en Sociolog\u00eda por la UNAM, instituci\u00f3n educativa de la que fue maestra por&nbsp;m\u00e1s de 50 a\u00f1os, falleci\u00f3 a la edad de 88 a\u00f1os este 10 de julio, su deceso es lamentado ampliamente&nbsp;por organizaciones, instituciones y personas que la conocieron, as\u00ed como alumnado y profesorado.<\/p>\n\n\n\n<p class=\"wp-block-paragraph\">Socialista y feminista, Delia Selene de Dios Vallejo fue adem\u00e1s de una acad\u00e9mica, una testigo, dice&nbsp;ella, de diversos hitos de la historia de las mujeres en la vida p\u00fablica del pa\u00eds, como el&nbsp;reconocimiento del derecho al voto universal de las &nbsp;mujeres, cuando ella era estudiante de la&nbsp;Escuela Nacional Preparatoria &nbsp;de &nbsp; San Ildefonso en 1953, donde conoci\u00f3 a una maestra que form\u00f3&nbsp;parte del Frente \u00danico Pro Derechos de la Mujer y a otras destacadas protagonistas del sufragismo.<\/p>\n\n\n\n<p class=\"wp-block-paragraph\">De filiaci\u00f3n pol\u00edtica de izquierda y una socialista por siempre, no quiso militar en el Partido&nbsp;Comunista porque \u201clos hombres eran muy machines\u201d, aunque si mantuvo v\u00ednculos con sus&nbsp;integrantes. Por ejemplo milit\u00f3 en la Federaci\u00f3n Internacional de Mujeres Democr\u00e1ticas FDIM.<\/p>\n\n\n\n<p class=\"wp-block-paragraph\">Delia Selene de Dios Vallejo s\u00ed milit\u00f3 en Partido Socialista Mexicano y el Partido Popular Socialista.&nbsp;Fue una figura destacada en ambos partidos. Tambi\u00e9n tuvo una militancia en el Partido Popular&nbsp;Socialista que fund\u00f3 Vicente Lombardo Toledano.<\/p>\n\n\n\n<p class=\"wp-block-paragraph\">Durante el Movimiento Estudiantil, el Centro de Estudios del Movimiento Obrero y Socialista&nbsp;(CEMOS) se\u00f1ala que Delia de Dios Vallejo particip\u00f3 decididamente en el movimiento estudiantil de&nbsp;1968, especialmente en el contexto de la lucha por la autonom\u00eda universitaria y la reforma educativa.<\/p>\n\n\n\n<p class=\"wp-block-paragraph\">De forma paralela a sus inicios de militancia pol\u00edtica, se asume feminista. Al tiempo su trayectoria &nbsp;habla de ello, &nbsp;fue &nbsp;una de las pocas mujeres que particip\u00f3 como ponente en &nbsp;las cuatro &nbsp;conferencias mundiales de la mujer &nbsp;convocadas por la ONU: Ciudad de M\u00e9xico (1975);&nbsp;Copenhague, Dinamarca (1980); Nairobi, Kenia (1985) y Beijing, China (1995). &nbsp;<\/p>\n\n\n\n<p class=\"wp-block-paragraph\">A su labor docente se sum\u00f3 la permanente participaci\u00f3n en espacios sociales con conferencias,&nbsp;pl\u00e1ticas, textos hist\u00f3ricos y sociol\u00f3gicos de la condici\u00f3n de las mujeres; no estuvo exenta de los&nbsp;debates acad\u00e9micos del feminismo y del movimiento nacional e internacional de mujeres. &nbsp;<\/p>\n\n\n\n<p class=\"wp-block-paragraph\">\u201cMe volv\u00ed feminista por observar lo que pasaba a las mujeres, la discriminaci\u00f3n que viv\u00edan, yo no&nbsp;quer\u00eda ser la mujer enclaustrada en un hogar tradicional, con un hombre machista, ni borracho, ni&nbsp;mujeriego, para nada\u201d, dijo en el programa La Memoria y la Esperanza: Biblioteca Humana&nbsp;conducido por Guillermina Mar\u00eda Eugenia Baena Paz (2017).<\/p>\n\n\n\n<p class=\"wp-block-paragraph\">Ah\u00ed record\u00f3 a su abuela, quien a los 14 a\u00f1os viaj\u00f3 a Par\u00eds como parte de una Embajada Cultural que&nbsp;envi\u00f3 el entonces presidente mexicano Porfirio D\u00edaz, su abuela, a\u00f1ade, a esa edad era la maestra de&nbsp;bordado y tejido de Carmen Romero Rubio, esposa del entonces mandatario.<\/p>\n\n\n\n<p class=\"wp-block-paragraph\">Setenta a\u00f1os despu\u00e9s, a inicios de la d\u00e9cada actual, la destacada defensora de los derechos&nbsp;humanos de las mujeres, en una conferencia defini\u00f3 al feminismo como un movimiento de lucha&nbsp;contra la opresi\u00f3n-dominaci\u00f3n patriarcal sexista-clasista, cuyo objetivo es transformar a la&nbsp;sociedad, con el fin de que las mujeres y los hombres sean sujetos hist\u00f3ricos plenos.<\/p>\n\n\n\n<p class=\"wp-block-paragraph\">Form\u00f3 parte de las mujeres &nbsp;de izquierda que inicialmente fundan la Uni\u00f3n de Mujeres Mexicanas en&nbsp;1964, &nbsp;integrante de la Federaci\u00f3n de Mujeres Universitarias (FEMU) tambi\u00e9n fundada en los a\u00f1os 50. &nbsp;<\/p>\n\n\n\n<p class=\"wp-block-paragraph\">De Dios Vallejo explica en el programa Techo de Cristal conducido por Sara Lovera que en 1919 se&nbsp;form\u00f3 la Federaci\u00f3n Internacional de Mujeres Universitarias, las primeras integrantes (mexicanas)&nbsp;fueron profesoras de la Facultad de Filosof\u00eda y Letras, instituci\u00f3n que contaba con el apoyo del&nbsp;entonces rector de la universidad y revela las muchas dificultades que hubo para que los estudios de&nbsp;g\u00e9nero se instauraran en la m\u00e1xima casa de estudios del pa\u00eds.<\/p>\n\n\n\n<p class=\"wp-block-paragraph\">Perteneci\u00f3 tambi\u00e9n a la Asociaci\u00f3n Internacional de Sociolog\u00eda y a la Federaci\u00f3n &nbsp;Internacional de&nbsp;Mujeres &nbsp;Democr\u00e1ticas , al Colegio de Acad\u00e9micas y al Programa Universitario de Estudios de&nbsp;G\u00e9nero, en 1979 form\u00f3 parte del Frente por la Liberaci\u00f3n de la Mujer, cuenta su amiga la periodista&nbsp;Sara Lovera.<\/p>\n\n\n\n<p class=\"wp-block-paragraph\">Selene de Dios Vallejo fue tambi\u00e9n representante de la Asociaci\u00f3n Aut\u00f3noma del Personal&nbsp;Acad\u00e9mico de la UNAM en la Facultad de Ciencias Pol\u00edticas y Sociales, instituci\u00f3n a la que ingres\u00f3&nbsp;como estudiante en 1955.<\/p>\n\n\n\n<p class=\"wp-block-paragraph\">En noviembre pasado, Delia Selene de Dios Vallejo obtuvo el grado de Doctora en Sociolog\u00eda por la&nbsp;Facultad de Ciencias Pol\u00edticas y Sociales de la UNAM. Egres\u00f3 del Centro Universitario de Estudios&nbsp;Cinematogr\u00e1ficos (CUEC) de la UNAM y obtuvo un postgrado en la Facultad de Ciencias Pol\u00edticas y&nbsp;Sociales (FCPyS) de la UNAM. &nbsp;<\/p>\n\n\n\n<p class=\"wp-block-paragraph\">Como investigadora sus temas m\u00e1s sobresalientes fueron feminismo, trabajo, cine y g\u00e9nero. A lo&nbsp;largo de su vida acad\u00e9mica realiz\u00f3 diversos art\u00edculos y cap\u00edtulos para libros, pero de forma individual&nbsp;escribi\u00f3 &nbsp;siete: Introducci\u00f3n al estudio de los problemas sociales en M\u00e9xico, Naturaleza y funciones&nbsp;del servicio social voluntario, T\u00e9cnicas elementales del servicio social, Sociolog\u00eda del cine,&nbsp;Principios de organizaci\u00f3n y evaluaci\u00f3n de programas de trabajo, Gu\u00eda metodol\u00f3gica para elaborar&nbsp;dise\u00f1os de investigaci\u00f3n social y Sociolog\u00eda de G\u00e9nero.<\/p>\n\n\n\n<p class=\"wp-block-paragraph\">En la misma universidad imparti\u00f3 diversas materias, entre ellas, Sociolog\u00eda del Cine Mexicano;&nbsp;Sociedad y Comunicaci\u00f3n. Seminario de Titulaci\u00f3n I y II. Taller de investigaci\u00f3n sociol\u00f3gica de&nbsp;g\u00e9nero I, II y IV. Fue directora del del Cine-Club de g\u00e9nero del Museo de la mujer UNAM-FEMU,&nbsp;principalmente. Continu\u00f3 desde los a\u00f1os 80, la tarea de hacer obligatoria una materia de estudios&nbsp;de la mujer, que inici\u00f3 antes de 1975 la feminista Ala\u00edde Foppa. &nbsp;<\/p>\n\n\n\n<p class=\"wp-block-paragraph\">El pasado 26 de octubre, recibi\u00f3 un reconocimiento del Consejo Nacional de Abogados&nbsp;Democr\u00e1ticos a su labor, defensa y promoci\u00f3n de los Derechos Humanos, adem\u00e1s a lo largo de su&nbsp;vida recibi\u00f3 otros reconocimientos como la Medalla Omec\u00edhu\u00e1tl, por el entonces Instituto de las&nbsp;Mujeres del DF; la medalla Antorcha Juarista, otorgado por la Academia Nacional de la Mujer de la&nbsp;Sociedad Mexicana &nbsp;de Geograf\u00eda y Estad\u00edstica, y la Medalla Ant\u00f3nio Agostinho Neto, por la&nbsp;Universidad del mismo nombre en Angola. &nbsp;<\/p>\n\n\n\n<p class=\"wp-block-paragraph\">Otros cargos desempe\u00f1ados fueron jefa de la Oficina de Planeaci\u00f3n y Centros de Capacitaci\u00f3n en el&nbsp;ISSSTE; directora t\u00e9cnica del Centro de Capacitaci\u00f3n para el Servicio Social Voluntario; Asesora en&nbsp;la Subdirecci\u00f3n de servicios sociales del Gobierno de Distrito Federal (hoy Ciudad de M\u00e9xico);&nbsp;Asesora en la Subdirecci\u00f3n de acci\u00f3n social en la Secretar\u00eda de Trabajo y Previsi\u00f3n Social.<\/p>\n\n\n\n<p class=\"wp-block-paragraph\">Soci\u00f3loga en el A\u00f1o Internacional de la mujer de 1975 y en el a\u00f1o Internacional del Ni\u00f1o en 1979;&nbsp;consejera del Instituto de las Mujeres del Distrito Federal; consejera universitaria.<\/p>\n\n\n\n<p class=\"wp-block-paragraph\">SEM\/sj<\/p>\n","protected":false},"excerpt":{"rendered":"<p>Soledad Jarqu\u00edn Edgar SemM\u00e9xico, Ciudad de M\u00e9xico, 11 de julio, 2025.- Delia Selene de Dios Vallejo (Ciudad de M\u00e9xico, ( 5&nbsp;de abril de 1937) &nbsp;doctora en Sociolog\u00eda por la UNAM, instituci\u00f3n educativa de la que fue maestra por&nbsp;m\u00e1s de 50 a\u00f1os, falleci\u00f3 a la edad de 88 a\u00f1os este 10 de julio, su deceso es [&hellip;]<\/p>\n","protected":false},"author":3,"featured_media":96954,"comment_status":"open","ping_status":"open","sticky":false,"template":"","format":"standard","meta":{"_monsterinsights_skip_tracking":false,"footnotes":""},"categories":[694],"tags":[],"class_list":["post-96953","post","type-post","status-publish","format-standard","has-post-thumbnail","category-destacadas"],"_links":{"self":[{"href":"https:\/\/redsemlac.com\/semmexico\/wp-json\/wp\/v2\/posts\/96953","targetHints":{"allow":["GET"]}}],"collection":[{"href":"https:\/\/redsemlac.com\/semmexico\/wp-json\/wp\/v2\/posts"}],"about":[{"href":"https:\/\/redsemlac.com\/semmexico\/wp-json\/wp\/v2\/types\/post"}],"author":[{"embeddable":true,"href":"https:\/\/redsemlac.com\/semmexico\/wp-json\/wp\/v2\/users\/3"}],"replies":[{"embeddable":true,"href":"https:\/\/redsemlac.com\/semmexico\/wp-json\/wp\/v2\/comments?post=96953"}],"version-history":[{"count":0,"href":"https:\/\/redsemlac.com\/semmexico\/wp-json\/wp\/v2\/posts\/96953\/revisions"}],"wp:featuredmedia":[{"embeddable":true,"href":"https:\/\/redsemlac.com\/semmexico\/wp-json\/wp\/v2\/media\/96954"}],"wp:attachment":[{"href":"https:\/\/redsemlac.com\/semmexico\/wp-json\/wp\/v2\/media?parent=96953"}],"wp:term":[{"taxonomy":"category","embeddable":true,"href":"https:\/\/redsemlac.com\/semmexico\/wp-json\/wp\/v2\/categories?post=96953"},{"taxonomy":"post_tag","embeddable":true,"href":"https:\/\/redsemlac.com\/semmexico\/wp-json\/wp\/v2\/tags?post=96953"}],"curies":[{"name":"wp","href":"https:\/\/api.w.org\/{rel}","templated":true}]}}