{"id":96944,"date":"2025-07-11T18:52:20","date_gmt":"2025-07-12T00:52:20","guid":{"rendered":"https:\/\/redsemlac.com\/semmexico\/?p=96944"},"modified":"2025-07-11T18:52:21","modified_gmt":"2025-07-12T00:52:21","slug":"selene-de-dios-vallejo-testigo-de-casi-un-siglo-de-luchas-de-las-mujeres","status":"publish","type":"post","link":"https:\/\/redsemlac.com\/semmexico\/selene-de-dios-vallejo-testigo-de-casi-un-siglo-de-luchas-de-las-mujeres\/","title":{"rendered":"Selene de Dios Vallejo testigo de casi un siglo de luchas de las mujeres"},"content":{"rendered":"\n<ul class=\"wp-block-list\">\n<li>\u00b7 Falleci\u00f3 este 10 de julio a la edad de 88 a\u00f1os<\/li>\n\n\n\n<li>\u00b7 Del voto universal, al movimiento estudiantil, hasta la inclusi\u00f3n de los\u00a0estudios de g\u00e9nero en la UNAM<\/li>\n<\/ul>\n\n\n\n<p class=\"wp-block-paragraph\">Soledad Jarqu\u00edn Edgar<\/p>\n\n\n\n<p class=\"wp-block-paragraph\">SemM\u00e9xico, Ciudad de M\u00e9xico, 11 de julio, 2025.- Delia Selene de Dios Vallejo&nbsp;(Ciudad de M\u00e9xico, 5 de abril de 1937) es doctora en Sociolog\u00eda por la UNAM,&nbsp;instituci\u00f3n educativa de la que fue maestra por m\u00e1s de 50 a\u00f1os, falleci\u00f3 a la edad&nbsp;de 88 a\u00f1os este 10 de julio, su deceso es lamentado ampliamente por&nbsp;organizaciones, instituciones y personas que la conocieron, alumnado y&nbsp;profesorado.<\/p>\n\n\n\n<p class=\"wp-block-paragraph\">Socialista y feminista, Delia Selene de Dios Vallejo fue adem\u00e1s de una acad\u00e9mica,&nbsp;una testigo, dice ella, de diversos hitos de la historia de las mujeres en la vida&nbsp;p\u00fablica del pa\u00eds, como el reconocimiento del derecho al voto universal de las l&nbsp;mujeres, cuando ella era estudiante de la preparatoria San Ildefonso en 1953,&nbsp;donde conoci\u00f3 a una maestra que form\u00f3 parte del Frente \u00danico Pro Derechos de&nbsp;la Mujer y a otras destacadas protagonistas del sufragismo.<\/p>\n\n\n\n<p class=\"wp-block-paragraph\">De filiaci\u00f3n pol\u00edtica de izquierda y una socialista por siempre, no quiso militar en el&nbsp;Partido Comunista porque \u201clos hombres eran muy machines\u201d, aunque si mantuvo&nbsp;v\u00ednculos con sus integrantes. Delia Selene de Dios Vallejo s\u00ed milit\u00f3 en Partido&nbsp;Socialista Mexicano y el Partido Popular Socialista. Fue una figura destacada en el&nbsp;Partido Socialista Mexicano (CEMOS) y tambi\u00e9n fue parte del Partido Popular&nbsp;Socialista.<\/p>\n\n\n\n<p class=\"wp-block-paragraph\">Durante el Movimiento Estudiantil, el Centro de Estudios del Movimiento Obrero y&nbsp;Socialista (CEMOS) se\u00f1ala que Delia de Dios Vallejo particip\u00f3 decididamente en&nbsp;el movimiento estudiantil, especialmente en el contexto de la lucha por la&nbsp;autonom\u00eda universitaria y la reforma educativa.<\/p>\n\n\n\n<p class=\"wp-block-paragraph\">De forma paralela a sus inicios de militancia pol\u00edtica, se asume feminista. Al&nbsp;tiempo su trayectoria la har\u00e1 y es al mismo tiempo una de las pocas mujeres que&nbsp;particip\u00f3 como ponente en cuatro de las conferencias mundiales convocadas por&nbsp;la ONU para el desarrollo de la mujer: Ciudad de M\u00e9xico (1975); Copenhague,&nbsp;Dinamarca (1980); Nairobi, Kenia (1985) y Beijing, China (1995). &nbsp;<\/p>\n\n\n\n<p class=\"wp-block-paragraph\">\u201cMe volv\u00ed feminista por observar lo que pasaba a las mujeres, la discriminaci\u00f3n&nbsp;que viv\u00edan, yo no quer\u00eda ser la mujer enclaustrada en un hogar tradicional, con un&nbsp;hombre machista, ni borracho, ni mujeriego, para nada\u201d, dijo en el programa La&nbsp;Memoria y la Esperanza: Biblioteca Humana conducido por Guillermina Mar\u00eda&nbsp;Eugenia Baena Paz (2017).<\/p>\n\n\n\n<p class=\"wp-block-paragraph\">Ah\u00ed record\u00f3 a su abuela, quien a los 14 a\u00f1os viaj\u00f3 a Par\u00eds como parte de una&nbsp;Embajada Cultural que envi\u00f3 el entonces presidente mexicano Porfirio D\u00edaz, su<\/p>\n\n\n\n<p class=\"wp-block-paragraph\">abuela, a\u00f1ade, a esa edad era la maestra de bordado y tejido de Carmen Romero&nbsp;Rubio, esposa del entonces mandatario.<\/p>\n\n\n\n<p class=\"wp-block-paragraph\">Setenta a\u00f1os despu\u00e9s, a inicios de la d\u00e9cada actual, la destacada defensora de&nbsp;los derechos humanos de las mujeres, en una conferencia defini\u00f3 al feminismo&nbsp;como un movimiento de lucha contra la opresi\u00f3n-dominaci\u00f3n patriarcal sexista-clasista, cuyo objetivo es transformar a la sociedad, con el fin de que las mujeres y&nbsp;los hombres sean sujetos hist\u00f3ricos plenos.<\/p>\n\n\n\n<p class=\"wp-block-paragraph\">Parte de las mujeres de las mujeres de izquierda que inicialmente fundan la Uni\u00f3n&nbsp;de Mujeres Mexicanas en 1964, fue integrante de la Federaci\u00f3n de Mujeres&nbsp;Universitarias (FEMU) tambi\u00e9n fundada en los a\u00f1os 50. &nbsp;<\/p>\n\n\n\n<p class=\"wp-block-paragraph\">De Dios Vallejo explica en el programa Techo de Cristal conducido por Sara&nbsp;Lovera que en 1919 se form\u00f3 la Federaci\u00f3n Internacional de Mujeres&nbsp;Universitarias, las primeras integrantes (mexicanas) fueron profesoras de la&nbsp;Facultad de Filosof\u00eda y Letras, instituci\u00f3n que contaba con el apoyo del entonces&nbsp;rector de la universidad y revela las muchas dificultades que hubo para que los&nbsp;estudios de g\u00e9nero se instauraran en la m\u00e1xima casa de estudios del pa\u00eds.<\/p>\n\n\n\n<p class=\"wp-block-paragraph\">Perteneci\u00f3 tambi\u00e9n a la Asociaci\u00f3n Internacional de Sociolog\u00eda y a la Federaci\u00f3n&nbsp;Democr\u00e1tica Internacional de Mujeres, al Colegio de Acad\u00e9micas y al Programa&nbsp;Universitario de Estudios de G\u00e9nero, en 1979 form\u00f3 parte del Frente por la&nbsp;Liberaci\u00f3n de la Mujer, cuenta su amiga la periodista Sara Lovera.<\/p>\n\n\n\n<p class=\"wp-block-paragraph\">Selene de Dios Vallejo fue tambi\u00e9n representante de la Asociaci\u00f3n Aut\u00f3noma del&nbsp;Personal Acad\u00e9mico de la UNAM en la Facultad de Ciencias Pol\u00edticas y Sociales,&nbsp;instituci\u00f3n a la que ingres\u00f3 como estudiante en 1955.<\/p>\n\n\n\n<p class=\"wp-block-paragraph\">En noviembre pasado, Delia Selene de Dios Vallejo obtuvo el grado de Doctora en&nbsp;Sociolog\u00eda por la Facultad de Ciencias Pol\u00edticas y Sociales de la UNAM. Egres\u00f3&nbsp;del Centro Universitario de Estudios Cinematogr\u00e1ficos (CUEC) de la UNAM y&nbsp;obtuvo un postgrado en la Facultad de Ciencias Pol\u00edticas y Sociales (FCPyS) de la&nbsp;UNAM. &nbsp;<\/p>\n\n\n\n<p class=\"wp-block-paragraph\">Como investigadora sus temas m\u00e1s sobresalientes fueron feminismo, trabaj\u00f3 y&nbsp;cine. A lo largo de su vida acad\u00e9mica realiz\u00f3 diversos art\u00edculos y cap\u00edtulos para&nbsp;libros, pero de forma individual ha escribi\u00f3 siete: Introducci\u00f3n al estudio de los&nbsp;problemas sociales en M\u00e9xico, Naturaleza y funciones del servicio social&nbsp;voluntario, T\u00e9cnicas elementales del servicio social, Sociolog\u00eda del cine, Principios&nbsp;de organizaci\u00f3n y evaluaci\u00f3n de programas de trabajo, Gu\u00eda metodol\u00f3gica para&nbsp;elaborar dise\u00f1os de investigaci\u00f3n social y Sociolog\u00eda de G\u00e9nero.<\/p>\n\n\n\n<p class=\"wp-block-paragraph\">En la misma universidad imparti\u00f3 diversas materias, entre ellas, Sociolog\u00eda del&nbsp;Cine Mexicano; Sociedad y Comunicaci\u00f3n. Seminario de Titulaci\u00f3n I y II. Taller de&nbsp;investigaci\u00f3n sociol\u00f3gica de g\u00e9nero I, II y IV. Fue directora del del Cine-Club de&nbsp;g\u00e9nero del Museo de la mujer UNAM-FEMU, principalmente.<\/p>\n\n\n\n<p class=\"wp-block-paragraph\">El pasado 26 de octubre, recibi\u00f3 un reconocimiento del Consejo Nacional de&nbsp;Abogados Democr\u00e1ticos a su labor, defensa y promoci\u00f3n de los Derechos&nbsp;Humanos, adem\u00e1s a lo largo de su vida recibi\u00f3 otros reconocimientos como la&nbsp;Medalla Omec\u00edhuatl, por el entonces Instituto de las Mujeres del DF; la medalla&nbsp;Antorcha Juarista, otorgado por la Academia Nacional de la Mujer de la Sociedad&nbsp;Mexicana &nbsp;de Geograf\u00eda y Estad\u00edstica, y la Medalla Ant\u00f3nio Agostinho Neto, por la&nbsp;Universidad del mismo nombre en Angola.<\/p>\n\n\n\n<p class=\"wp-block-paragraph\">Otros cargos desempe\u00f1ados fueron jefa de la Oficina de Planeaci\u00f3n y Centros de&nbsp;Capacitaci\u00f3n en el ISSSTE; directora t\u00e9cnica del Centro de Capacitaci\u00f3n para el&nbsp;Servicio Social Voluntario; Asesora en la Subdirecci\u00f3n de servicios sociales del&nbsp;Gobierno de Distrito Federal (hoy Ciudad de M\u00e9xico); Asesora en la Subdirecci\u00f3n&nbsp;de acci\u00f3n social en la Secretar\u00eda de Trabajo y Previsi\u00f3n Social.<\/p>\n\n\n\n<p class=\"wp-block-paragraph\">Soci\u00f3loga en el A\u00f1o Internacional de la mujer de 1975 y en el a\u00f1o Internacional&nbsp;del Ni\u00f1o en 1979; consejera del Instituto de las Mujeres del Distrito Federal;&nbsp;consejera universitaria.<\/p>\n\n\n\n<p class=\"wp-block-paragraph\">SEM\/sj<\/p>\n","protected":false},"excerpt":{"rendered":"<p>Soledad Jarqu\u00edn Edgar SemM\u00e9xico, Ciudad de M\u00e9xico, 11 de julio, 2025.- Delia Selene de Dios Vallejo&nbsp;(Ciudad de M\u00e9xico, 5 de abril de 1937) es doctora en Sociolog\u00eda por la UNAM,&nbsp;instituci\u00f3n educativa de la que fue maestra por m\u00e1s de 50 a\u00f1os, falleci\u00f3 a la edad&nbsp;de 88 a\u00f1os este 10 de julio, su deceso es lamentado [&hellip;]<\/p>\n","protected":false},"author":3,"featured_media":96945,"comment_status":"open","ping_status":"open","sticky":false,"template":"","format":"standard","meta":{"_monsterinsights_skip_tracking":false,"footnotes":""},"categories":[694],"tags":[],"class_list":["post-96944","post","type-post","status-publish","format-standard","has-post-thumbnail","category-destacadas"],"_links":{"self":[{"href":"https:\/\/redsemlac.com\/semmexico\/wp-json\/wp\/v2\/posts\/96944","targetHints":{"allow":["GET"]}}],"collection":[{"href":"https:\/\/redsemlac.com\/semmexico\/wp-json\/wp\/v2\/posts"}],"about":[{"href":"https:\/\/redsemlac.com\/semmexico\/wp-json\/wp\/v2\/types\/post"}],"author":[{"embeddable":true,"href":"https:\/\/redsemlac.com\/semmexico\/wp-json\/wp\/v2\/users\/3"}],"replies":[{"embeddable":true,"href":"https:\/\/redsemlac.com\/semmexico\/wp-json\/wp\/v2\/comments?post=96944"}],"version-history":[{"count":0,"href":"https:\/\/redsemlac.com\/semmexico\/wp-json\/wp\/v2\/posts\/96944\/revisions"}],"wp:featuredmedia":[{"embeddable":true,"href":"https:\/\/redsemlac.com\/semmexico\/wp-json\/wp\/v2\/media\/96945"}],"wp:attachment":[{"href":"https:\/\/redsemlac.com\/semmexico\/wp-json\/wp\/v2\/media?parent=96944"}],"wp:term":[{"taxonomy":"category","embeddable":true,"href":"https:\/\/redsemlac.com\/semmexico\/wp-json\/wp\/v2\/categories?post=96944"},{"taxonomy":"post_tag","embeddable":true,"href":"https:\/\/redsemlac.com\/semmexico\/wp-json\/wp\/v2\/tags?post=96944"}],"curies":[{"name":"wp","href":"https:\/\/api.w.org\/{rel}","templated":true}]}}