{"id":9683,"date":"2019-07-11T17:25:30","date_gmt":"2019-07-11T17:25:30","guid":{"rendered":"https:\/\/redsemlac.com\/semmexico\/?p=9683"},"modified":"2023-07-21T14:50:44","modified_gmt":"2023-07-21T19:50:44","slug":"entresemana-41","status":"publish","type":"post","link":"https:\/\/redsemlac.com\/semmexico\/entresemana-41\/","title":{"rendered":"Entresemana"},"content":{"rendered":"\n<h2 class=\"wp-block-heading\">El gabinete, la disciplina y otros etc\u00e9teras<\/h2>\n\n\n\n<ul class=\"wp-block-list\"><li><strong>Es palabra del <\/strong><em><strong>se\u00f1orpresidente<\/strong><\/em><\/li><\/ul>\n\n\n\n<p class=\"wp-block-paragraph\"><strong>Mois\u00e9s S\u00e1nchez Lim\u00f3n<\/strong><\/p>\n\n\n\n<p class=\"wp-block-paragraph\">SemM\u00e9xico, 11 julio\n2019.- \u00bfEs cobarde el doctor Urz\u00faa por haber divulgado en redes su carta de\nrenuncia, como lo calific\u00f3 la diputada morenista Tatiana Clouthier?<\/p>\n\n\n\n<p class=\"wp-block-paragraph\">Lamentable adjetivo,\nas\u00ed haya sido dislate enunciativo ayer en la sesi\u00f3n de la Comisi\u00f3n Permanente, de\nla legisladora que en tiempos recientes defendi\u00f3 al entonces poderoso, aunque\nahora sabemos no tanto ni menos influyente miembro de la burbuja del licenciado\nL\u00f3pez Obrador quien, horas antes hab\u00eda declarado que tuvo diferencias con su,\nentonces, secretario de Hacienda.<\/p>\n\n\n\n<p class=\"wp-block-paragraph\">\u00a1Ah!, tambi\u00e9n con\nAlfonso Romo y otros personajes del primer nivel de gobierno. \u00bfCon la Oficial\nMayor de Hacienda, Raquel Buenrostro?, no, con ella no, dispens\u00f3 Andr\u00e9s Manuel,\naunque en los hechos, mediante un acuerdo publicado precisamente en el Diario\nOficial de la Federaci\u00f3n le otorg\u00f3, desde hace dos d\u00edas, poderes por encima de\nlos del secretario de Hacienda. Ni m\u00e1s, ni menos.<\/p>\n\n\n\n<p class=\"wp-block-paragraph\">No cabe duda que en\npol\u00edtica no cambian las formas de excluir al divergente, en satanizar y linchar\nal que discrepa de la l\u00ednea y se atreve a exponer sus ideas as\u00ed sean contrarias\na las del jefe, el l\u00edder, el patr\u00f3n, el pr\u00f3cer, el <em>se\u00f1orpresidente<\/em>.<\/p>\n\n\n\n<p class=\"wp-block-paragraph\">Estos ciudadanos\nque llegan a las grandes ligas y se rebelan contra el statu quo del gobierno en\nturno, porque simplemente son congruentes con su decir y hacer, con sus\nconvicciones, de pronto son los demonios ca\u00eddos y, convertidos en perros del\nmal, neoliberales perseguidos por \u00e9mulos de Torquemada al frente de la turba\nque busca colgarlos en la plaza p\u00fablica.<\/p>\n\n\n\n<p class=\"wp-block-paragraph\">En la historia\npol\u00edtica nacional hay ejemplos varios de estos pr\u00f3ceres ca\u00eddos en desgracia.\nUnos han ido a prisi\u00f3n, otros al exilio en embajadas y los m\u00e1s al ostracismo,\naunque con cierta frecuencia se reincorporan a la actividad p\u00fablica amparados\nen otras siglas contrarias a las que los encumbraron e integrantes, por regla\ncom\u00fan, de grupos a los que antes combatieron y convertidos en asesores cuando\nno compadres de los l\u00edderes a quienes calumniaron.<\/p>\n\n\n\n<p class=\"wp-block-paragraph\">Pero, vaya\u2026<\/p>\n\n\n\n<p class=\"wp-block-paragraph\">\u00bfAlguien se ha\nenterado de alg\u00fan miembro del gabinete presidencial que discrepe de las ideas\ndel licenciado Andr\u00e9s Manuel L\u00f3pez Obrador? Hasta ayer que el <em>se\u00f1orpresidente <\/em>aire\u00f3 en p\u00fablico, en la\nma\u00f1anera, los motivos por los que renunciaron Germ\u00e1n Mart\u00ednez y Carlos Urz\u00faa\nMacias los 30 millones y m\u00e1s nos enteramos que ambos, desde el IMSS uno y de\nHacienda, otro, estaban en desacuerdo con la pol\u00edtica hacendaria que dise\u00f1a el\ninquilino de Palacio Nacional.<\/p>\n\n\n\n<p class=\"wp-block-paragraph\">Que apenas se movi\u00f3\nel peso en la paridad con el d\u00f3lar y la ca\u00edda en la Bolsa Mexicana de Valores\nno fue significativa a consecuencia de la renuncia del doctor Urz\u00faa al cargo de\nsecretario de Hacienda, son elementos de la solidez con la que \u00e9ste manej\u00f3 las\nfinanzas nacionales.<\/p>\n\n\n\n<p class=\"wp-block-paragraph\">Y no nos enga\u00f1emos\ncon la explicaci\u00f3n supina del licenciado L\u00f3pez Obrador, tambi\u00e9n merced al\nrespaldo y respeto que los capitanes de empresa, inversionistas nacionales y\nextranjeros han tenido hacia el doctor Urz\u00faa en los siete meses que se\ndesempe\u00f1\u00f3 como secretario de Hacienda, como en la pol\u00edtica monetaria del Banco\nde M\u00e9xico, cuyo gobernador Alejandro D\u00edaz de Le\u00f3n Carrillo no es uno de los\npr\u00f3ceres lopezobradoristas de subrayada animadversi\u00f3n a los economistas itamitas,\naunque Mario Delgado Carrillo, el pr\u00f3ximo dirigente nacional de Morena, es un\nconnotado itamita.<\/p>\n\n\n\n<p class=\"wp-block-paragraph\">Es cierto, en los\ngobiernos priistas y panistas las renuncias generalmente se matizaban con\neufemismos como \u201cmotivos de salud\u201d o \u201cpor razones estrictamente personales\u201d y\n\u201catender asuntos de familia\u201d, tambi\u00e9n \u201cpara cumplir otras encomiendas\u201d, aunque\nen realidad el jefe de la burbuja, el <em>se\u00f1orpresidente\n<\/em>hab\u00eda decidido defenestrarlo y mandarlo a la banca, o en algunos casos en\ncalidad de chivo expiatorio para enfrentar problemas que pon\u00edan en riesgo al\npropio Presidente.<\/p>\n\n\n\n<p class=\"wp-block-paragraph\">Hoy, la renuncia\ndel doctor Urz\u00faa Mac\u00edas fue admitida por el licenciado L\u00f3pez Obrador a quien no\nle qued\u00f3 otra que enfrentar una situaci\u00f3n que puso en vilo al gabinete\npresidencial, pero sobre todo a las decisiones unilaterales que desde siempre\nha tomado Andr\u00e9s Manuel como acto de fe, quiz\u00e1 incluso porque alg\u00fan cham\u00e1n o\ndesde el cielo, en serio, as\u00ed se lo han indicado.<\/p>\n\n\n\n<p class=\"wp-block-paragraph\">Porque, mire usted,\nno es gratuita esa invocaci\u00f3n que suele hacer como ministro de culto acerca de\nlo que es o no cristiano, lo que no se debe hacer so riesgo de no ser admitido\nen el templo. \u00bfAlguien del gabinete ha protestado por esa praxis de corte\nreligioso?<\/p>\n\n\n\n<p class=\"wp-block-paragraph\">As\u00ed, m\u00e1s all\u00e1 de\nque un grupo de legisladores encabezados por el diputado federal Jos\u00e9 El\u00edas\nLixa Abimerhi, entre ellos el propio Porfirio Mu\u00f1oz Ledo, de presentar una\ndemanda ante la Secretar\u00eda de la Funci\u00f3n P\u00fablica, para que se investigue lo\ndicho por el doctor Urz\u00faa respecto del tr\u00e1fico de influencias y conflicto de intereses\nen la designaci\u00f3n de funcionarios en la Secretar\u00eda de Hacienda, el tema es lo\nque ocurre al interior del gabinete y cuyas consecuencias han sido minimizadas\ncon los otros datos que dice tener el licenciado L\u00f3pez Obrador acerca del\ncomportamiento de la econom\u00eda nacional.<\/p>\n\n\n\n<p class=\"wp-block-paragraph\"><strong>Y es que, en la conferencia ma\u00f1anera de ayer, preguntaron al <\/strong>Presidente respecto de la carta que\nescribi\u00f3 el secretario Urz\u00faa. <\/p>\n\n\n\n<p class=\"wp-block-paragraph\">&#8211;Queremos\nque usted le ponga nombres, porque \u00e9l volvi\u00f3 a poner sobre la mesa estas\ndiferencias que ten\u00eda con su gobierno. Usted ha hablado siempre de\ntransparencia y de que hay que hacer la vida p\u00fablica, cada vez m\u00e1s p\u00fablica y\nqueremos que usted le ponga nombres.<\/p>\n\n\n\n<p class=\"wp-block-paragraph\">\u00bfQui\u00e9nes\nson estas personas a las que se refiere Urz\u00faa?, que toman decisiones sin\nsustento, sin evidencia, sin el cuidado de los efectos, que hacen imposiciones\nde funcionarios, que son personajes influyentes que motivan imposiciones.\n\u00bfQui\u00e9nes son, presidente?<\/p>\n\n\n\n<p class=\"wp-block-paragraph\">&#8211;Miren\n\u2013respondi\u00f3 L\u00f3pez Obrador&#8211; en un gobierno democr\u00e1tico y en un gobierno que tiene\ncomo prop\u00f3sito transformar al pa\u00eds, siempre existen diferencias, discrepancias.\nSi se tratara de gobiernos conservadores, de mantener el statu quo, de no\nllevar a cabo cambios, la vida ser\u00eda muy plana, nunca suceder\u00edan cosas, as\u00ed es\nla historia pol\u00edtica de M\u00e9xico.<\/p>\n\n\n\n<p class=\"wp-block-paragraph\">(..) Entonces,\nes un proceso de transformaci\u00f3n, hasta podr\u00edamos decir que se trata de una\nruptura. Y he dicho que no es un simple cambio de gobierno, es un cambio de\nr\u00e9gimen. Entonces, esto lleva a que haya puntos de vista, discrepancias, que se\nproduzcan, incluso enfrentamientos al interior del mismo gobierno, del mismo\ngrupo.<\/p>\n\n\n\n<p class=\"wp-block-paragraph\">&#8211;\u00bfRuptura\ninterna?<\/p>\n\n\n\n<p class=\"wp-block-paragraph\"><strong>&#8212;<\/strong>No tanto, sino diferencias \u2013acot\u00f3 el <em>se\u00f1orpresidente<\/em>&#8211;. Lo\nimportante es que el gobierno contin\u00faa su marcha sin problema, porque ya no\nsomos nosotros los fundamentales, no somos los hombres los m\u00e1s importantes, las\nmujeres, sino es el proceso de transformaci\u00f3n que est\u00e1 echando a andar.<\/p>\n\n\n\n<p class=\"wp-block-paragraph\">He\ndicho que antes de que termine este a\u00f1o queremos dejar sentadas las bases para\nla transformaci\u00f3n; vamos de prisa y no nos vamos a detener, los cambios van.<\/p>\n\n\n\n<p class=\"wp-block-paragraph\">Es\nmejor acostumbrarnos y entender el contexto, las circunstancias de cambios que\nse van a seguir dando, incluso puede haber hasta otras renuncias\u2014enfatiz\u00f3 el\nlicenciado L\u00f3pez Obrador.<\/p>\n\n\n\n<p class=\"wp-block-paragraph\">Bien,\npero por qu\u00e9 no aire\u00f3 esta situaci\u00f3n de severas diferencias, como el que\ndesechara el Plan Nacional de Desarrollo presentado por el doctor Urz\u00faa e\nimpulsado el propio, sin ser experto en estos asuntos, como lo admiti\u00f3 en la\nconferencia. No cabe duda que es el gatopardismo ahora con el sello de la 4T.\nL\u00f3pez Obrador retom\u00f3, aunque dice que no va con \u00e9l y su gobierno, aquella\nm\u00e1xima del poder:<\/p>\n\n\n\n<p class=\"wp-block-paragraph\">&#8211;\u00bfQu\u00e9\nhora es?\u2014 pregunt\u00f3 el Presidente.<\/p>\n\n\n\n<p class=\"wp-block-paragraph\">&#8211;\u00bfLa\nque usted diga, <em>se\u00f1orpresidente<\/em>&#8211;,\nrespondi\u00f3 el subalterno.<\/p>\n\n\n\n<p class=\"wp-block-paragraph\">Y el\ndoctor Urz\u00faa se fue, pero dej\u00f3 el mensaje de lo que ocurre en esa burbuja del\npoder. Es palabra del<em> se\u00f1orpresidente<\/em>.\nConste.<\/p>\n\n\n\n<p class=\"wp-block-paragraph\"><a href=\"mailto:sanchezlimon@gmail.com\">sanchezlimon@gmail.com<\/a><\/p>\n\n\n\n<p class=\"wp-block-paragraph\"><a href=\"http:\/\/www.entresemana.mx\">www.entresemana.mx<\/a><\/p>\n\n\n\n<p class=\"wp-block-paragraph\">@msanchezlimon<\/p>\n","protected":false},"excerpt":{"rendered":"<p>El gabinete, la disciplina y otros etc\u00e9teras<\/p>\n","protected":false},"author":3,"featured_media":8470,"comment_status":"open","ping_status":"open","sticky":false,"template":"","format":"standard","meta":{"_monsterinsights_skip_tracking":false,"footnotes":""},"categories":[690,105,83],"tags":[],"class_list":["post-9683","post","type-post","status-publish","format-standard","has-post-thumbnail","category-690","category-entresemana","category-moises-sanchez-limon"],"_links":{"self":[{"href":"https:\/\/redsemlac.com\/semmexico\/wp-json\/wp\/v2\/posts\/9683","targetHints":{"allow":["GET"]}}],"collection":[{"href":"https:\/\/redsemlac.com\/semmexico\/wp-json\/wp\/v2\/posts"}],"about":[{"href":"https:\/\/redsemlac.com\/semmexico\/wp-json\/wp\/v2\/types\/post"}],"author":[{"embeddable":true,"href":"https:\/\/redsemlac.com\/semmexico\/wp-json\/wp\/v2\/users\/3"}],"replies":[{"embeddable":true,"href":"https:\/\/redsemlac.com\/semmexico\/wp-json\/wp\/v2\/comments?post=9683"}],"version-history":[{"count":0,"href":"https:\/\/redsemlac.com\/semmexico\/wp-json\/wp\/v2\/posts\/9683\/revisions"}],"wp:featuredmedia":[{"embeddable":true,"href":"https:\/\/redsemlac.com\/semmexico\/wp-json\/wp\/v2\/media\/8470"}],"wp:attachment":[{"href":"https:\/\/redsemlac.com\/semmexico\/wp-json\/wp\/v2\/media?parent=9683"}],"wp:term":[{"taxonomy":"category","embeddable":true,"href":"https:\/\/redsemlac.com\/semmexico\/wp-json\/wp\/v2\/categories?post=9683"},{"taxonomy":"post_tag","embeddable":true,"href":"https:\/\/redsemlac.com\/semmexico\/wp-json\/wp\/v2\/tags?post=9683"}],"curies":[{"name":"wp","href":"https:\/\/api.w.org\/{rel}","templated":true}]}}