{"id":96787,"date":"2025-07-04T18:37:33","date_gmt":"2025-07-05T00:37:33","guid":{"rendered":"https:\/\/redsemlac.com\/semmexico\/?p=96787"},"modified":"2025-07-04T18:37:35","modified_gmt":"2025-07-05T00:37:35","slug":"condena-recamvi-distorsion-de-la-realidad-en-plataformas-digitales-contra-daniela-flores","status":"publish","type":"post","link":"https:\/\/redsemlac.com\/semmexico\/condena-recamvi-distorsion-de-la-realidad-en-plataformas-digitales-contra-daniela-flores\/","title":{"rendered":"Condena Recamvi distorsi\u00f3n de la realidad en plataformas digitales contra Daniela Flores"},"content":{"rendered":"\n<ul class=\"wp-block-list\">\n<li>La Red pide a los medios digitales no hacer v\u00edctimas a los agresores<\/li>\n\n\n\n<li>La prioridad son quienes han sido privadas de justicia durante a\u00f1os<\/li>\n<\/ul>\n\n\n\n<p class=\"wp-block-paragraph\">Lorena Vaniezcot<\/p>\n\n\n\n<p class=\"wp-block-paragraph\">SemM\u00e9xico, Puebla, 4 de junio, 2025.- La Red Mujeres por el Derecho Cuidado y Vida Libre de Violencia (Recamvi) denunciaron actos de violencia en contra de la defensora Daniela Flores, contra quien su agresor inici\u00f3 una campa\u00f1a de manipulaci\u00f3n medi\u00e1tica.<\/p>\n\n\n\n<p class=\"wp-block-paragraph\">Daniela Flores lleva a\u00f1os en una lucha incansable para recuperar a su hija, enfrentando variados obst\u00e1culos, algunas veces impuestos por las propias autoridades, ahora por su agresor.<\/p>\n\n\n\n<p class=\"wp-block-paragraph\">La colectiva integrada por diversas organizaciones denuncian y condenaron por ello \u201cel uso perverso de plataformas digitales para distorsionar la realidad\u201d, adem\u00e1s de que el agresor se presenta como v\u00edctima cuando durante a\u00f1os ha ejercido violencia sistem\u00e1tica contra Daniela su hija, lo que ha impedido su leg\u00edtimo derecho a forjar un v\u00ednculo y vivir una vida libre de violencia.<\/p>\n\n\n\n<p class=\"wp-block-paragraph\">\u201cEsta estrategia medi\u00e1tica, busca confundir a la opini\u00f3n p\u00fablica, revictimiza a quienes ya han sufrido lo indecible\u201d, dice Recamvi y sostiene que la violencia vicaria es real y debe ser reconocida como tal por las instituciones, los medios y la sociedad.<\/p>\n\n\n\n<p class=\"wp-block-paragraph\">Las Mujeres por el Derecho Cuidado y Vida Libre de Violencia enfatizan que ning\u00fan agresor puede ser considerado v\u00edctima por difundir narrativas falsas que contradicen a\u00f1os de pruebas, denuncias y sufrimiento silenciado.<\/p>\n\n\n\n<p class=\"wp-block-paragraph\">\u201cEl foco debe permanecer en proteger a las v\u00edctimas, garantizar su seguridad emocional, f\u00edsica y jur\u00eddica, y propiciar su reunificaci\u00f3n\u201d y llaman, en primer lugar, a los medios de comunicaci\u00f3n, audiencias y plataformas sociales a \u201cno ser c\u00f3mplices involuntarios de campa\u00f1as de desinformaci\u00f3n\u201d.<\/p>\n\n\n\n<p class=\"wp-block-paragraph\">Segundo que investiguen a fondo antes de amplificar mensajes que puedan da\u00f1ar m\u00e1s a quienes ya han sido silenciadas y perpetuar la instrumentalizaci\u00f3n de ni\u00f1as, ni\u00f1os y adolescentes para violentar a las madres y, en tercer lugar, demandan priorizar la voz de quienes han sido privadas de justicia durante a\u00f1os.<\/p>\n\n\n\n<p class=\"wp-block-paragraph\">\u201cEs tiempo de romper los pactos de impunidad y mirar de frente una realidad que muchas veces se quiere esconder detr\u00e1s de discursos manipulados. Estamos del lado de las v\u00edctimas, siempre pues este tipo de violencia representa un atentado directo contra los derechos humanos de las mujeres, la ni\u00f1ez y adolescencia\u201d.<\/p>\n\n\n\n<p class=\"wp-block-paragraph\">SEM\/sj<\/p>\n\n\n\n<figure class=\"wp-block-image size-full\"><a href=\"https:\/\/redsemlac.com\/semmexico\/wp-content\/uploads\/2025\/07\/CASO-DANIELA-FLORES.jpg\"><img loading=\"lazy\" decoding=\"async\" width=\"720\" height=\"924\" src=\"https:\/\/redsemlac.com\/semmexico\/wp-content\/uploads\/2025\/07\/CASO-DANIELA-FLORES.jpg\" alt=\"\" class=\"wp-image-96789\" srcset=\"https:\/\/redsemlac.com\/semmexico\/wp-content\/uploads\/2025\/07\/CASO-DANIELA-FLORES.jpg 720w, https:\/\/redsemlac.com\/semmexico\/wp-content\/uploads\/2025\/07\/CASO-DANIELA-FLORES-234x300.jpg 234w, https:\/\/redsemlac.com\/semmexico\/wp-content\/uploads\/2025\/07\/CASO-DANIELA-FLORES-150x193.jpg 150w, https:\/\/redsemlac.com\/semmexico\/wp-content\/uploads\/2025\/07\/CASO-DANIELA-FLORES-300x385.jpg 300w, https:\/\/redsemlac.com\/semmexico\/wp-content\/uploads\/2025\/07\/CASO-DANIELA-FLORES-696x893.jpg 696w\" sizes=\"auto, (max-width: 720px) 100vw, 720px\" \/><\/a><\/figure>\n","protected":false},"excerpt":{"rendered":"<p>Lorena Vaniezcot SemM\u00e9xico, Puebla, 4 de junio, 2025.- La Red Mujeres por el Derecho Cuidado y Vida Libre de Violencia (Recamvi) denunciaron actos de violencia en contra de la defensora Daniela Flores, contra quien su agresor inici\u00f3 una campa\u00f1a de manipulaci\u00f3n medi\u00e1tica. Daniela Flores lleva a\u00f1os en una lucha incansable para recuperar a su hija, [&hellip;]<\/p>\n","protected":false},"author":3,"featured_media":96788,"comment_status":"open","ping_status":"open","sticky":false,"template":"","format":"standard","meta":{"_monsterinsights_skip_tracking":false,"footnotes":""},"categories":[48],"tags":[],"class_list":["post-96787","post","type-post","status-publish","format-standard","has-post-thumbnail","category-no-mas-impunidad-no-mas-impunidad"],"_links":{"self":[{"href":"https:\/\/redsemlac.com\/semmexico\/wp-json\/wp\/v2\/posts\/96787","targetHints":{"allow":["GET"]}}],"collection":[{"href":"https:\/\/redsemlac.com\/semmexico\/wp-json\/wp\/v2\/posts"}],"about":[{"href":"https:\/\/redsemlac.com\/semmexico\/wp-json\/wp\/v2\/types\/post"}],"author":[{"embeddable":true,"href":"https:\/\/redsemlac.com\/semmexico\/wp-json\/wp\/v2\/users\/3"}],"replies":[{"embeddable":true,"href":"https:\/\/redsemlac.com\/semmexico\/wp-json\/wp\/v2\/comments?post=96787"}],"version-history":[{"count":0,"href":"https:\/\/redsemlac.com\/semmexico\/wp-json\/wp\/v2\/posts\/96787\/revisions"}],"wp:featuredmedia":[{"embeddable":true,"href":"https:\/\/redsemlac.com\/semmexico\/wp-json\/wp\/v2\/media\/96788"}],"wp:attachment":[{"href":"https:\/\/redsemlac.com\/semmexico\/wp-json\/wp\/v2\/media?parent=96787"}],"wp:term":[{"taxonomy":"category","embeddable":true,"href":"https:\/\/redsemlac.com\/semmexico\/wp-json\/wp\/v2\/categories?post=96787"},{"taxonomy":"post_tag","embeddable":true,"href":"https:\/\/redsemlac.com\/semmexico\/wp-json\/wp\/v2\/tags?post=96787"}],"curies":[{"name":"wp","href":"https:\/\/api.w.org\/{rel}","templated":true}]}}