{"id":96776,"date":"2025-07-04T18:03:13","date_gmt":"2025-07-05T00:03:13","guid":{"rendered":"https:\/\/redsemlac.com\/semmexico\/?p=96776"},"modified":"2025-07-04T18:03:14","modified_gmt":"2025-07-05T00:03:14","slug":"fortalecer-los-liderazgos-de-las-mujeres-en-espacios-globales-llama-senadora","status":"publish","type":"post","link":"https:\/\/redsemlac.com\/semmexico\/fortalecer-los-liderazgos-de-las-mujeres-en-espacios-globales-llama-senadora\/","title":{"rendered":"Fortalecer los liderazgos de las mujeres en espacios globales, llama senadora"},"content":{"rendered":"\n<ul class=\"wp-block-list\">\n<li>Ruth Gonz\u00e1lez Silva durante el Encuentro Multilateral de la Colectiva Internacional 50+1<\/li>\n\n\n\n<li>Hablar de liderazgo femenino no es un gesto simb\u00f3lico, es una exigencia hist\u00f3rica<\/li>\n<\/ul>\n\n\n\n<p class=\"wp-block-paragraph\">Redacci\u00f3n<\/p>\n\n\n\n<p class=\"wp-block-paragraph\">SemM\u00e9xico, Ciudad de M\u00e9xico, 4 de julio, 2025.- La senadora Ruth Gonz\u00e1lez Silva llam\u00f3 a fortalecer el liderazgo femenino en los espacios globales de decisi\u00f3n, as\u00ed como a garantizar que la igualdad sustantiva sea eje transversal de la pol\u00edtica exterior mexicana.<\/p>\n\n\n\n<p class=\"wp-block-paragraph\">En el marco del Encuentro Multilateral de la Colectiva Internacional 50+1, la presidenta de la Comisi\u00f3n de Relaciones Exteriores Am\u00e9rica del Norte, destac\u00f3 el papel fundamental de las mujeres en la transformaci\u00f3n democr\u00e1tica del pa\u00eds y reconoci\u00f3 el liderazgo de mujeres como la c\u00f3nsul Mar\u00eda Elena Orantes, la senadora Mal\u00fa M\u00edcher y la exlegisladora Diva Gast\u00e9lum, a quienes calific\u00f3 como \u201creferentes sororales que han abierto caminos para nuevas generaciones de liderazgos femeninos\u201d.<\/p>\n\n\n\n<p class=\"wp-block-paragraph\">La legisladora potosina dijo que la \u201cmesa nos convoca a reflexionar sobre el papel de las mujeres en los espacios globales de decisi\u00f3n. Hablar de liderazgo femenino no es un gesto simb\u00f3lico, es una exigencia hist\u00f3rica y una transformaci\u00f3n necesaria\u201d, expres\u00f3.<\/p>\n\n\n\n<p class=\"wp-block-paragraph\">Gonz\u00e1lez Silva resalt\u00f3 que la reciente elecci\u00f3n de Claudia Sheinbaum Pardo como la primera presidenta de M\u00e9xico \u2014y en Am\u00e9rica del Norte\u2014 \u201cmarca un precedente hist\u00f3rico y env\u00eda un mensaje claro: las mujeres est\u00e1n listas para liderar\u201d y confirma que el liderazgo de las mujeres es posible, deseable y eficaz. \u201cCuando una mujer llega al poder, no llega sola: llega con la fuerza de todas las que lucharon antes y la esperanza de quienes vendr\u00e1n despu\u00e9s\u201d.<\/p>\n\n\n\n<p class=\"wp-block-paragraph\">Subray\u00f3 que, aunque el Congreso de la Uni\u00f3n es paritario desde hace casi siete a\u00f1os, a\u00fan persisten desaf\u00edos en la representaci\u00f3n real de las mujeres. \u201cUn ejemplo claro es que todos los coordinadores parlamentarios del Senado siguen siendo hombres.\u201d<\/p>\n\n\n\n<p class=\"wp-block-paragraph\">Ante esta realidad, detall\u00f3 las acciones que se han promovido desde la Comisi\u00f3n que encabeza:&nbsp;Una agenda de colaboraci\u00f3n con los consulados de M\u00e9xico en Estados Unidos y Canad\u00e1 para una atenci\u00f3n consular con perspectiva de g\u00e9nero, as\u00ed como protocolos para prevenir y atender la violencia de g\u00e9nero en espacios diplom\u00e1ticos.<\/p>\n\n\n\n<p class=\"wp-block-paragraph\">Adem\u00e1s, apunt\u00f3 exigieron la participaci\u00f3n efectiva de mujeres en el dise\u00f1o y ejecuci\u00f3n de tratados y mecanismos de cooperaci\u00f3n internacional.<\/p>\n\n\n\n<p class=\"wp-block-paragraph\">Gonz\u00e1lez Silva comparti\u00f3 experiencias en sus visitas a comunidades mexicanas en el exterior, donde ha sido testigo de liderazgos femeninos que, sin ocupar cargos p\u00fablicos, representan a M\u00e9xico todos los d\u00edas.<\/p>\n\n\n\n<p class=\"wp-block-paragraph\">\u201cEllas tambi\u00e9n son embajadoras. Mujeres valientes, trabajadoras, jefas de hogar, defensoras y activistas. Mujeres que deben ser reconocidas como lideresas globales\u201d, afirm\u00f3.<\/p>\n\n\n\n<p class=\"wp-block-paragraph\">La senadora celebr\u00f3 la presentaci\u00f3n del Protocolo de Protecci\u00f3n a Mujeres L\u00edderes, impulsado por 50+1, y se\u00f1al\u00f3 que ejercer el liderazgo siendo mujer sigue implicando enfrentar resistencias, por lo que es indispensable garantizar respaldo institucional y redes de apoyo.<\/p>\n\n\n\n<p class=\"wp-block-paragraph\">\u201cNo venimos a pedir permiso. Venimos a ejercer el poder con dignidad, con visi\u00f3n y con esperanza. La historia no nos espera. La historia nos convoca. Y nosotras estamos listas\u201d,&nbsp;concluy\u00f3 la legisladora.<\/p>\n\n\n\n<p class=\"wp-block-paragraph\">SEM\/sj<\/p>\n\n\n\n<figure class=\"wp-block-image size-large\"><a href=\"https:\/\/redsemlac.com\/semmexico\/wp-content\/uploads\/2025\/07\/Sen.-Ruth-Gonzalez-6-1-scaled.jpg\"><img loading=\"lazy\" decoding=\"async\" width=\"1024\" height=\"611\" src=\"https:\/\/redsemlac.com\/semmexico\/wp-content\/uploads\/2025\/07\/Sen.-Ruth-Gonzalez-6-1-1024x611.jpg\" alt=\"\" class=\"wp-image-96777\" srcset=\"https:\/\/redsemlac.com\/semmexico\/wp-content\/uploads\/2025\/07\/Sen.-Ruth-Gonzalez-6-1-1024x611.jpg 1024w, https:\/\/redsemlac.com\/semmexico\/wp-content\/uploads\/2025\/07\/Sen.-Ruth-Gonzalez-6-1-300x179.jpg 300w, https:\/\/redsemlac.com\/semmexico\/wp-content\/uploads\/2025\/07\/Sen.-Ruth-Gonzalez-6-1-768x458.jpg 768w, https:\/\/redsemlac.com\/semmexico\/wp-content\/uploads\/2025\/07\/Sen.-Ruth-Gonzalez-6-1-1536x916.jpg 1536w, https:\/\/redsemlac.com\/semmexico\/wp-content\/uploads\/2025\/07\/Sen.-Ruth-Gonzalez-6-1-2048x1222.jpg 2048w, https:\/\/redsemlac.com\/semmexico\/wp-content\/uploads\/2025\/07\/Sen.-Ruth-Gonzalez-6-1-150x89.jpg 150w, https:\/\/redsemlac.com\/semmexico\/wp-content\/uploads\/2025\/07\/Sen.-Ruth-Gonzalez-6-1-696x415.jpg 696w, https:\/\/redsemlac.com\/semmexico\/wp-content\/uploads\/2025\/07\/Sen.-Ruth-Gonzalez-6-1-1068x637.jpg 1068w, https:\/\/redsemlac.com\/semmexico\/wp-content\/uploads\/2025\/07\/Sen.-Ruth-Gonzalez-6-1-1920x1146.jpg 1920w\" sizes=\"auto, (max-width: 1024px) 100vw, 1024px\" \/><\/a><\/figure>\n","protected":false},"excerpt":{"rendered":"<p>Redacci\u00f3n SemM\u00e9xico, Ciudad de M\u00e9xico, 4 de julio, 2025.- La senadora Ruth Gonz\u00e1lez Silva llam\u00f3 a fortalecer el liderazgo femenino en los espacios globales de decisi\u00f3n, as\u00ed como a garantizar que la igualdad sustantiva sea eje transversal de la pol\u00edtica exterior mexicana. En el marco del Encuentro Multilateral de la Colectiva Internacional 50+1, la presidenta [&hellip;]<\/p>\n","protected":false},"author":3,"featured_media":96778,"comment_status":"open","ping_status":"open","sticky":false,"template":"","format":"standard","meta":{"_monsterinsights_skip_tracking":false,"footnotes":""},"categories":[50],"tags":[],"class_list":["post-96776","post","type-post","status-publish","format-standard","has-post-thumbnail","category-congreso"],"_links":{"self":[{"href":"https:\/\/redsemlac.com\/semmexico\/wp-json\/wp\/v2\/posts\/96776","targetHints":{"allow":["GET"]}}],"collection":[{"href":"https:\/\/redsemlac.com\/semmexico\/wp-json\/wp\/v2\/posts"}],"about":[{"href":"https:\/\/redsemlac.com\/semmexico\/wp-json\/wp\/v2\/types\/post"}],"author":[{"embeddable":true,"href":"https:\/\/redsemlac.com\/semmexico\/wp-json\/wp\/v2\/users\/3"}],"replies":[{"embeddable":true,"href":"https:\/\/redsemlac.com\/semmexico\/wp-json\/wp\/v2\/comments?post=96776"}],"version-history":[{"count":0,"href":"https:\/\/redsemlac.com\/semmexico\/wp-json\/wp\/v2\/posts\/96776\/revisions"}],"wp:featuredmedia":[{"embeddable":true,"href":"https:\/\/redsemlac.com\/semmexico\/wp-json\/wp\/v2\/media\/96778"}],"wp:attachment":[{"href":"https:\/\/redsemlac.com\/semmexico\/wp-json\/wp\/v2\/media?parent=96776"}],"wp:term":[{"taxonomy":"category","embeddable":true,"href":"https:\/\/redsemlac.com\/semmexico\/wp-json\/wp\/v2\/categories?post=96776"},{"taxonomy":"post_tag","embeddable":true,"href":"https:\/\/redsemlac.com\/semmexico\/wp-json\/wp\/v2\/tags?post=96776"}],"curies":[{"name":"wp","href":"https:\/\/api.w.org\/{rel}","templated":true}]}}