{"id":96769,"date":"2025-07-04T17:46:20","date_gmt":"2025-07-04T23:46:20","guid":{"rendered":"https:\/\/redsemlac.com\/semmexico\/?p=96769"},"modified":"2025-07-04T17:46:22","modified_gmt":"2025-07-04T23:46:22","slug":"sufragismo-y-feminismo-coincidieron-en-la-igualdad-de-derechos","status":"publish","type":"post","link":"https:\/\/redsemlac.com\/semmexico\/sufragismo-y-feminismo-coincidieron-en-la-igualdad-de-derechos\/","title":{"rendered":"Sufragismo y feminismo coincidieron en la igualdad de derechos"},"content":{"rendered":"\n<ul class=\"wp-block-list\">\n<li>Imparte Lucrecia Infante conferencia sobre el hist\u00f3rico voto de las mujeres<\/li>\n\n\n\n<li>La Constituci\u00f3n de 1917 otorg\u00f3 a las mujeres el derecho de participar en demandas ante la ley<\/li>\n<\/ul>\n\n\n\n<p class=\"wp-block-paragraph\">Redacci\u00f3n<\/p>\n\n\n\n<p class=\"wp-block-paragraph\">SemM\u00e9xico, Ciudad de M\u00e9xico, 4 de julio, 2025.- El movimiento por el sufragio de las mujeres en M\u00e9xico est\u00e1 acompa\u00f1ado de forma paralela de la lucha feminista, porque coinciden en la igualdad de derechos entre las mujeres y los hombres, se\u00f1al\u00f3 Lucrecia Infante Vargas, historiadora e investigadora por la Universidad Nacional Aut\u00f3noma de M\u00e9xico.<\/p>\n\n\n\n<p class=\"wp-block-paragraph\">Al impartir la conferencia magistral \u201cEl Voto de la Mujer en las Elecciones Federales, 70 A\u00f1os de Historia\u201d, en el recinto hist\u00f3rico de Xicot\u00e9ncatl, como parte de las actividades acad\u00e9micas y culturales del Senado, la investigadora universitaria consider\u00f3 que el hecho de que actualmente haya mujeres que se dedican al f\u00fatbol, que una mexicana participe en actividades de la NASA o que tengamos una presidenta de la rep\u00fablica son sucesos que se relacionan de manera directa con esas manifestaciones sociales.<\/p>\n\n\n\n<p class=\"wp-block-paragraph\">Lucrecia Infante coment\u00f3 que las mujeres norteamericanas, pioneras en la exigencia de participar en las elecciones en su naci\u00f3n, forman parte de la influencia que tuvieron las mexicanas que alzaron la voz por obtener ese derecho; pero en aquel pa\u00eds, las activistas sufrieron maltrato, torturas y encarcelamiento, como es el caso de Emmeline Pankhurst, quien escribi\u00f3 un diario sobre las experiencias en ese movimiento.<\/p>\n\n\n\n<p class=\"wp-block-paragraph\">\u201cEsta batalla por el derecho a ejercer nuestra opini\u00f3n, como parte del movimiento sufragista va ligado al reconocimiento a la ciudadan\u00eda, y que a las mexicanas se les reconociera como ciudadanas\u201d, expuso.<\/p>\n\n\n\n<p class=\"wp-block-paragraph\">En el recuento, destac\u00f3 a personajes como Hermila Galindo Acosta, quien envi\u00f3 al Congreso Constituyente la solicitud de igualdad de derechos pol\u00edticos para la mujer. Adem\u00e1s de Rita Cetina Guti\u00e9rrez, Gertrudis Tenorio Zavala, Cristina Farf\u00e1n, quienes generaron un ambiente de lucha para que las ni\u00f1as tuvieran derecho a la educaci\u00f3n.<\/p>\n\n\n\n<p class=\"wp-block-paragraph\">Tambi\u00e9n record\u00f3 a Elvia Carrillo Puerto, Raquel Dzib Cicero, Rosa Torre Gonz\u00e1lez y Beatriz Peniche de Ponce, las primeras mexicanas que fueron electas diputadas en el Congreso Estatal de Yucat\u00e1n.<\/p>\n\n\n\n<p class=\"wp-block-paragraph\">Destac\u00f3, entre otros datos que, en la Constituci\u00f3n de 1917, en el apartado sobre relaciones familiares, se otorg\u00f3 a las mujeres el derecho de participar en demandas ante la ley, establecer contratos legales;&nbsp;actuar como tutoras, libertad para administrar y controlar de manera libre sus bienes, sin la autorizaci\u00f3n del marido; as\u00ed como la autorizaci\u00f3n a la pr\u00e1ctica de la abogac\u00eda sin restricci\u00f3n.<\/p>\n\n\n\n<p class=\"wp-block-paragraph\">Subray\u00f3 que L\u00e1zaro C\u00e1rdenas prometi\u00f3 enviar al congreso una iniciativa para reconocer a las mujeres como ciudadanas, la cual se turn\u00f3 a las c\u00e1maras, para septiembre de 1938 el tr\u00e1mite estaba por terminar, pero se detuvo y no se public\u00f3 en el Diario Oficial de la Federaci\u00f3n.<\/p>\n\n\n\n<p class=\"wp-block-paragraph\">En su conferencia, dijo que entre otras mujeres que lucharon por la obtenci\u00f3n del voto de este sector de la poblaci\u00f3n fueron Mar\u00eda Lavalle Urbina y Alicia Arellano Tapia, primeras en ocupar un esca\u00f1o en el Senado de la Rep\u00fablica, y quienes lograron reunir a un grupo importante de activistas que demandaron el reconocimiento de la ciudadan\u00eda.<\/p>\n\n\n\n<p class=\"wp-block-paragraph\">Detall\u00f3 que el 2 de diciembre de 1952, Adolfo Ruiz Cortines envi\u00f3 una modificaci\u00f3n al art\u00edculo 34 de la Constituci\u00f3n Pol\u00edtica de los Estados Unidos Mexicanos,&nbsp;con la que se concret\u00f3 este reconocimiento; reforma que se public\u00f3 en el Diario Oficial de la Federaci\u00f3n el 17 de octubre de 1953.<\/p>\n\n\n\n<p class=\"wp-block-paragraph\">Pero fue hasta el 3 de julio de 1955 cuando las mujeres acudieron a las urnas por primera vez, \u201ctenemos ese registro visual fotogr\u00e1fico de como mujeres de muy diversos grupos est\u00e1n participando en esas jornadas\u201d, mismo que se puede consultar en el Archivo General de la Naci\u00f3n.<\/p>\n\n\n\n<p class=\"wp-block-paragraph\">En su conclusi\u00f3n, Lucrecia Infante insisti\u00f3 en que todos estos sucesos forman parte de \u201cun momento de transformaci\u00f3n que est\u00e1 sucediendo en el pa\u00eds, que hace posible que tengamos una representaci\u00f3n de mujeres en todos los \u00e1mbitos constitucionales\u201d.<\/p>\n\n\n\n<p class=\"wp-block-paragraph\">SEM\/sj<\/p>\n","protected":false},"excerpt":{"rendered":"<p>Redacci\u00f3n SemM\u00e9xico, Ciudad de M\u00e9xico, 4 de julio, 2025.- El movimiento por el sufragio de las mujeres en M\u00e9xico est\u00e1 acompa\u00f1ado de forma paralela de la lucha feminista, porque coinciden en la igualdad de derechos entre las mujeres y los hombres, se\u00f1al\u00f3 Lucrecia Infante Vargas, historiadora e investigadora por la Universidad Nacional Aut\u00f3noma de M\u00e9xico. [&hellip;]<\/p>\n","protected":false},"author":3,"featured_media":96770,"comment_status":"open","ping_status":"open","sticky":false,"template":"","format":"standard","meta":{"_monsterinsights_skip_tracking":false,"footnotes":""},"categories":[748],"tags":[],"class_list":["post-96769","post","type-post","status-publish","format-standard","has-post-thumbnail","category-cultura-feminista"],"_links":{"self":[{"href":"https:\/\/redsemlac.com\/semmexico\/wp-json\/wp\/v2\/posts\/96769","targetHints":{"allow":["GET"]}}],"collection":[{"href":"https:\/\/redsemlac.com\/semmexico\/wp-json\/wp\/v2\/posts"}],"about":[{"href":"https:\/\/redsemlac.com\/semmexico\/wp-json\/wp\/v2\/types\/post"}],"author":[{"embeddable":true,"href":"https:\/\/redsemlac.com\/semmexico\/wp-json\/wp\/v2\/users\/3"}],"replies":[{"embeddable":true,"href":"https:\/\/redsemlac.com\/semmexico\/wp-json\/wp\/v2\/comments?post=96769"}],"version-history":[{"count":0,"href":"https:\/\/redsemlac.com\/semmexico\/wp-json\/wp\/v2\/posts\/96769\/revisions"}],"wp:featuredmedia":[{"embeddable":true,"href":"https:\/\/redsemlac.com\/semmexico\/wp-json\/wp\/v2\/media\/96770"}],"wp:attachment":[{"href":"https:\/\/redsemlac.com\/semmexico\/wp-json\/wp\/v2\/media?parent=96769"}],"wp:term":[{"taxonomy":"category","embeddable":true,"href":"https:\/\/redsemlac.com\/semmexico\/wp-json\/wp\/v2\/categories?post=96769"},{"taxonomy":"post_tag","embeddable":true,"href":"https:\/\/redsemlac.com\/semmexico\/wp-json\/wp\/v2\/tags?post=96769"}],"curies":[{"name":"wp","href":"https:\/\/api.w.org\/{rel}","templated":true}]}}