{"id":96742,"date":"2025-07-03T17:29:03","date_gmt":"2025-07-03T23:29:03","guid":{"rendered":"https:\/\/redsemlac.com\/semmexico\/?p=96742"},"modified":"2025-07-03T17:29:04","modified_gmt":"2025-07-03T23:29:04","slug":"rumores-de-cafe-mama-soy-paquito-no-haretravesuras","status":"publish","type":"post","link":"https:\/\/redsemlac.com\/semmexico\/rumores-de-cafe-mama-soy-paquito-no-haretravesuras\/","title":{"rendered":"Rumores de Caf\u00e9| Mam\u00e1, soy Paquito, no har\u00e9\u2026travesuras"},"content":{"rendered":"\n<p class=\"wp-block-paragraph\">Isabel Ortega Morales*<\/p>\n\n\n\n<p class=\"wp-block-paragraph\">SemM\u00e9xico, Tlapa, Guerrero,3 de julio, 2025.- Mientras las pr\u00f3ximas 48 horas podr\u00eda tener lluvia, aunque no se si las 48 empiezan hoy, contaron desde ayer, son nuevas 48, pido un caf\u00e9 ar\u00e1bica con un poco de leche de coco\u2026 lo agito suavemente, sin prisa, sintiendo lo fresco de la temperatura del medio ambiente recorriendo mis brazos descubiertos.<\/p>\n\n\n\n<p class=\"wp-block-paragraph\">Mi interlocutora solo pide un americano, sin az\u00facar. Coloca su grande bolso en el perchero que amenaza con venirse por suelo.<\/p>\n\n\n\n<p class=\"wp-block-paragraph\">El sabor del coco ha invadido mi boca, sonr\u00edo ante esa agradable sensaci\u00f3n y viene a mi memoria el aire fresco de las costas que, en este momento, no siente el calor porque ha sido visitado por tormentas diversas y huracanes que mece las palmeras que no se si est\u00e9n borrachas o\u2026 me interrumpe mi interlocutora con un -\u00bfentonces, dime, a qu\u00e9 municipio pertenece Metlalapa? Y respondo sosteniendo la taza caliente con ambas manos -pues estoy confundida, seg\u00fan la distribuci\u00f3n territorial, formalmente a Tixtla, pero la defiende Zumpango. As\u00ed que o yo no s\u00e9, o ignoro porque de esto\u2026<\/p>\n\n\n\n<p class=\"wp-block-paragraph\">Una sonora carcajada interrumpe mi reflexi\u00f3n. Ella, mi interlocutora me da una palmada en mi brazo derecho que casi tira mi caf\u00e9. Sonr\u00edo y me dice -no seas inocente. Abro mis ojos, sostengo el trago de caf\u00e9 y ella sigue:<\/p>\n\n\n\n<p class=\"wp-block-paragraph\">No es de territorio es pol\u00edtico y algo m\u00e1s\u2026 dice agitando ahora su mano izquierda.<\/p>\n\n\n\n<p class=\"wp-block-paragraph\">\u00bfPor qu\u00e9 crees que le dieron la voltereta al proyecto de Metlalapa al Alcalde de Chilpancingo? Si tiene todos los permisos, las autorizaciones cient\u00edficas, ecol\u00f3gicas y dem\u00e1s para que sea ah\u00ed el dep\u00f3sito de basura de esos tres municipios (Chilpancingo, Tixtla, Zumpango).<\/p>\n\n\n\n<p class=\"wp-block-paragraph\">Porque? Le digo. Es que el mediador tiene su mirada puesta en el 2027, me dice, y le da un fuerte sorbo a su caf\u00e9.<\/p>\n\n\n\n<p class=\"wp-block-paragraph\">Paquito??? Le digo con incredulidad. Y agrego, pero \u00e9l est\u00e1 buscando ser alcalde de\u2026 me interrumpe con un rotundo -\u00a1Noooo! Pero qu\u00e9 tal se ver\u00eda su esposa, de S\u00edndica???<\/p>\n\n\n\n<p class=\"wp-block-paragraph\">Quieres decir que por eso le dio el lado a la alcaldesa de Zumpango (Eduardo Neri) que pelea un terreno de Tixtla para que no se haga el dep\u00f3sito de basura en Metlalapa y\u2026. me interrumpe, es que hay algo m\u00e1s\u2026<\/p>\n\n\n\n<p class=\"wp-block-paragraph\">Mam\u00e1, soy Paquito;\/ no har\u00e9 travesuras. Y un cielo impasible\/ despliega su curva (Salvador D\u00edaz Mir\u00f3n); el otro, el poderoso Paquito, llamado as\u00ed cari\u00f1osamente por la Gobernadora de Guerrero, es la estrella del gobierno estatal que opera el estado desde el cargo de Subsecretario de Desarrollo Pol\u00edtico<\/p>\n\n\n\n<p class=\"wp-block-paragraph\">Mi interlocutora baja la voz, lo que me lleva a acercarme a su rostro, en ese momento suben el volumen de la m\u00fasica del lugar y\u2026<\/p>\n\n\n\n<p class=\"wp-block-paragraph\">Ops, se termin\u00f3 el caf\u00e9 y el rumor del caf\u00e9 de hoy. Hasta el pr\u00f3ximo caf\u00e9 donde los rumores, a veces son ciertos, a veces tienen alg\u00fan fundamento de verdad o se convierten solo en\u2026chismes que el tiempo nos revela su verdad o lo que se esconde tras ello. Pero, cuando el rio suena \u00bfagua lleva?, dice la voz de la experiencia, a veces un rumor s\u00ed, ni probado, pero tampoco no refutado, pero\u2026es rumor.<\/p>\n\n\n\n<p class=\"wp-block-paragraph\">*(me asumo como periodista, aunque tengo malquerientes)<\/p>\n\n\n\n<p class=\"wp-block-paragraph\"><a href=\"https:\/\/www.facebook.com\/photo\/?fbid=1266932204885670&amp;set=a.260196632225904&amp;__cft__%5b0%5d=AZUykpNXJoKKV0sMfYMiFLPuGt1NXei2GPVn9gaN8dI0dkauSW81YKRDFbiXjs0cm7dkzuC_Lt2qNA22MbdRsNdvlQbu5lK37W0elnr5EodORBWBr3nCT4AkU17AQNLBPt-OBcUiAHP-7oGTTcdtwgRLN9QHg1fIlm3saEF1OB-DJA&amp;__tn__=EH-R\"><\/a><\/p>\n\n\n\n<p class=\"wp-block-paragraph\"><a href=\"https:\/\/www.facebook.com\/photo\/?fbid=1266932204885670&amp;set=a.260196632225904&amp;__cft__%5b0%5d=AZUykpNXJoKKV0sMfYMiFLPuGt1NXei2GPVn9gaN8dI0dkauSW81YKRDFbiXjs0cm7dkzuC_Lt2qNA22MbdRsNdvlQbu5lK37W0elnr5EodORBWBr3nCT4AkU17AQNLBPt-OBcUiAHP-7oGTTcdtwgRLN9QHg1fIlm3saEF1OB-DJA&amp;__tn__=EH-R\">&nbsp;<\/a><\/p>\n","protected":false},"excerpt":{"rendered":"<p>Isabel Ortega Morales* SemM\u00e9xico, Tlapa, Guerrero,3 de julio, 2025.- Mientras las pr\u00f3ximas 48 horas podr\u00eda tener lluvia, aunque no se si las 48 empiezan hoy, contaron desde ayer, son nuevas 48, pido un caf\u00e9 ar\u00e1bica con un poco de leche de coco\u2026 lo agito suavemente, sin prisa, sintiendo lo fresco de la temperatura del medio [&hellip;]<\/p>\n","protected":false},"author":3,"featured_media":96108,"comment_status":"open","ping_status":"open","sticky":false,"template":"","format":"standard","meta":{"_monsterinsights_skip_tracking":false,"footnotes":""},"categories":[198,110,35],"tags":[],"class_list":["post-96742","post","type-post","status-publish","format-standard","has-post-thumbnail","category-isabel-ortega-morales","category-la-opinion-columnas","category-opinion"],"_links":{"self":[{"href":"https:\/\/redsemlac.com\/semmexico\/wp-json\/wp\/v2\/posts\/96742","targetHints":{"allow":["GET"]}}],"collection":[{"href":"https:\/\/redsemlac.com\/semmexico\/wp-json\/wp\/v2\/posts"}],"about":[{"href":"https:\/\/redsemlac.com\/semmexico\/wp-json\/wp\/v2\/types\/post"}],"author":[{"embeddable":true,"href":"https:\/\/redsemlac.com\/semmexico\/wp-json\/wp\/v2\/users\/3"}],"replies":[{"embeddable":true,"href":"https:\/\/redsemlac.com\/semmexico\/wp-json\/wp\/v2\/comments?post=96742"}],"version-history":[{"count":0,"href":"https:\/\/redsemlac.com\/semmexico\/wp-json\/wp\/v2\/posts\/96742\/revisions"}],"wp:featuredmedia":[{"embeddable":true,"href":"https:\/\/redsemlac.com\/semmexico\/wp-json\/wp\/v2\/media\/96108"}],"wp:attachment":[{"href":"https:\/\/redsemlac.com\/semmexico\/wp-json\/wp\/v2\/media?parent=96742"}],"wp:term":[{"taxonomy":"category","embeddable":true,"href":"https:\/\/redsemlac.com\/semmexico\/wp-json\/wp\/v2\/categories?post=96742"},{"taxonomy":"post_tag","embeddable":true,"href":"https:\/\/redsemlac.com\/semmexico\/wp-json\/wp\/v2\/tags?post=96742"}],"curies":[{"name":"wp","href":"https:\/\/api.w.org\/{rel}","templated":true}]}}