{"id":96740,"date":"2025-07-03T17:23:23","date_gmt":"2025-07-03T23:23:23","guid":{"rendered":"https:\/\/redsemlac.com\/semmexico\/?p=96740"},"modified":"2025-07-03T17:23:25","modified_gmt":"2025-07-03T23:23:25","slug":"tras-la-puerta-del-poder-mexico-vive-ya-otro-estado-termina-el-periodo-extraordinario-del-congreso-sin-sorpresas","status":"publish","type":"post","link":"https:\/\/redsemlac.com\/semmexico\/tras-la-puerta-del-poder-mexico-vive-ya-otro-estado-termina-el-periodo-extraordinario-del-congreso-sin-sorpresas\/","title":{"rendered":"Tras la puerta del poder| M\u00e9xico vive ya otro Estado, termina el periodo extraordinario del Congreso, sin sorpresas"},"content":{"rendered":"\n<p class=\"wp-block-paragraph\"><a><\/a>Roberto Vizca\u00edno &nbsp;<\/p>\n\n\n\n<p class=\"wp-block-paragraph\">SemM\u00e9xico, Cd. de M\u00e9xico, 3 de julio, 2025.- En Senado y Diputados cierran sin sorpresas el atropellado y arrollador per\u00edodo extraordinario: las reformas alcanzadas -ante las llamadas de alerta de opositores y sectores sociales-, nos dejan a los mexicanos ya a un tris del M\u00e9xico que so\u00f1\u00f3, dise\u00f1\u00f3, plane\u00f3 y ejecut\u00f3&nbsp;<strong>Andr\u00e9s Manuel L\u00f3pez Obrador<\/strong>.<\/p>\n\n\n\n<p class=\"wp-block-paragraph\">Hoy falta apenas un empujoncito m\u00e1s para vivir la plenitud de ese nuevo Sistema de corte inocultablemente tir\u00e1nico, autoritario, centralista: la Reforma Pol\u00edtico-Electoral.<\/p>\n\n\n\n<p class=\"wp-block-paragraph\">De&nbsp;<strong>AMLO<\/strong>&nbsp;surgi\u00f3 esta transformaci\u00f3n que su heredera, la presidenta&nbsp;<strong>Claudia Sheinbaum,<\/strong>&nbsp;s\u00f3lo condujo gerencialmente en su parte final, con la operaci\u00f3n de&nbsp;<strong>Ad\u00e1n Augusto L\u00f3pez<\/strong>&nbsp;en el Senado y&nbsp;<strong>Ricardo Monreal<\/strong>&nbsp;en San L\u00e1zaro.<\/p>\n\n\n\n<p class=\"wp-block-paragraph\">En este extraordinario, con la aprobaci\u00f3n de las \u00faltimas dos reformas de 16 en curso -la de Seguridad e Inteligencia y la de Telecomunicaci\u00f3n y Radiodifusi\u00f3n- en el Senado y en la C\u00e1mara de Diputados, casi se consolid\u00f3 finalmente el Estado obradorista.<\/p>\n\n\n\n<p class=\"wp-block-paragraph\">S\u00f3lo falta la ya anunciada e inminente<strong>&nbsp;Pol\u00edtico-Electoral<\/strong>, que dice&nbsp;<strong>Sheinbaum<\/strong>&nbsp;no tarda en ser presentada, para ser aprobada igualmente que las tramitadas hasta hoy por la mayor\u00eda legislativa de Morena, PT y Verde, en&nbsp;<strong><em>fast-track<\/em><\/strong>, sin pelar a la oposici\u00f3n ni a los ciudadanos, y sin cambiar una coma.<\/p>\n\n\n\n<p class=\"wp-block-paragraph\">Con esa iniciativa que ya nadie duda que llegar\u00e1 antes de septiembre y se aprobar\u00e1 para desaparecer al INE y los pluris en Senado y Diputados, y de paso el Trife y las Oples en los Estados, con un recorte extremo del financiamiento p\u00fablico a los partidos pol\u00edticos, los cargos de elecci\u00f3n desde diputados locales, federales, senadores, alcaldes, gobernadores y el Presidente de la Rep\u00fablica surgir\u00e1n de nuevo, como en los a\u00f1os 50 del siglo anterior, de un solo dedo y voluntad que hoy habita en Palenque.<\/p>\n\n\n\n<p class=\"wp-block-paragraph\">En la r\u00e1pida recapitulaci\u00f3n de lo vivido en estos 7 a\u00f1os, y en especial en estos \u00faltimos 9 meses de ausencia p\u00fablica del expresidente&nbsp;<strong>L\u00f3pez Obrador<\/strong>, pero con su inocultable y contundente conducci\u00f3n del Gobierno, y de las tareas del Congreso a trav\u00e9s de una l\u00ednea directa con&nbsp;<strong>Ad\u00e1n Augusto L\u00f3pez<\/strong>&nbsp;y con el zacatecano&nbsp;<strong>Monreal<\/strong>&nbsp;-y otros alfiles legislativos-, con algunos gobernadores, sin duda, se puede afirmar que el de Macuspana ya logr\u00f3 desarticular al Sistema pol\u00edtico, social y econ\u00f3mico post-revolucionario que surgi\u00f3 del r\u00e9gimen ideado y creado por&nbsp;<strong>Plutarco El\u00edas Calles<\/strong>.<\/p>\n\n\n\n<p class=\"wp-block-paragraph\">Nada queda hoy del \u00faltimo tramo de cambios y de creaci\u00f3n de instituciones democr\u00e1ticas y de Derechos Humanos surgido de las batallas de&nbsp;<strong>Cuauht\u00e9moc C\u00e1rdenas y Porfirio Mu\u00f1oz Ledo y su Frente Democr\u00e1tico Nacional;<\/strong>&nbsp;de la lucha de&nbsp;<strong>Manuel J. Clouthier<\/strong>&nbsp;y la de&nbsp;<strong>Heberto Castillo<\/strong>, y de otros muchos l\u00edderes y corrientes de izquierda como los&nbsp;<strong>Gasc\u00f3n Mercado<\/strong>, de los a\u00f1os 88 a la fecha.<\/p>\n\n\n\n<p class=\"wp-block-paragraph\">Todo eso se lo carg\u00f3 ya&nbsp;<strong>Andr\u00e9s Manuel L\u00f3pez Obrador<\/strong>&nbsp;para -como&nbsp;<strong>Daniel Ortega<\/strong>&nbsp;en Nicaragua, verdugo y sepulturero del heroico sandinismo del que \u00e9l form\u00f3 parte- para construir paso a paso, desde el Congreso, un nuevo Sistema o Estado en el que s\u00f3lo manda \u00e9l.<\/p>\n\n\n\n<p class=\"wp-block-paragraph\">A&nbsp;<strong>Claudia Sheinbaum<\/strong>&nbsp;la tiene sometida con la amenaza de la revocaci\u00f3n del mandato. Y con cientos, miles de cargos de Morena otorgados por \u00e9l en las gubernaturas de los Estados, en las alcald\u00edas, en el Senado y la C\u00e1mara de Diputados y en el mismo gabinete de la presidenta con a.<\/p>\n\n\n\n<p class=\"wp-block-paragraph\">Los hechos indican a cada momento que la debilidad de la mandataria es abrumadora. Su entorno no est\u00e1 con ella. Tiembla cada que debe tomar una decisi\u00f3n que pueda lastimar a su antecesor.<\/p>\n\n\n\n<p class=\"wp-block-paragraph\">En el grito a coro de la bancada del senado en las \u00faltimas sesiones del extraordinario, en que la panista sonorense&nbsp;<strong>Lilly T\u00e9llez<\/strong>&nbsp;mostr\u00f3 una foto de&nbsp;<strong>AMLO<\/strong>&nbsp;con&nbsp;<strong>Alfonso Romo<\/strong>, el<em>&nbsp;morenismo<\/em>&nbsp;en el pleno retom\u00f3 el grito de: \u201c<strong><em>\u2026 es un honor estar con obrador\u2026 es un honor estar con obrador\u2026\u201d<\/em><\/strong>, p<strong>ara dejar en claro qui\u00e9n manda en este pa\u00eds.<\/strong><\/p>\n\n\n\n<p class=\"wp-block-paragraph\"><strong>Marcelo Ebrard<\/strong>&nbsp;fue el contrincante interno que se rebel\u00f3 y amenaz\u00f3 con romper y causar la derrota de&nbsp;<strong>Claudia Sheinbaum<\/strong>&nbsp;en la presidencial de hace un a\u00f1o. Finalmente,&nbsp;<strong>AMLO<\/strong>&nbsp;lo contuvo. El acuerdo entonces es con \u00e9l expresidente.<\/p>\n\n\n\n<p class=\"wp-block-paragraph\">Ah\u00ed no puede haber lealtad.<\/p>\n\n\n\n<p class=\"wp-block-paragraph\">Y as\u00ed otros muchos:&nbsp;<strong>Rosa Icela Rodr\u00edguez<\/strong>&nbsp;por ejemplo,&nbsp;<strong>Mario Delgado<\/strong>, otro.<\/p>\n\n\n\n<p class=\"wp-block-paragraph\">El perfil de&nbsp;<strong>AMLO<\/strong>&nbsp;se siente en la ubicaci\u00f3n y actuaci\u00f3n de su hijo&nbsp;<strong>Andr\u00e9s Manuel L\u00f3pez Beltr\u00e1n<\/strong>&nbsp;en la secretar\u00eda de Organizaci\u00f3n de Morena. Es su l\u00ednea directa para el reparto de cargos electorales a fin de mantener su control y lealtades en la 4T.<\/p>\n\n\n\n<p class=\"wp-block-paragraph\"><strong>LAS REFORMAS ULTIMAS MARCAN EL FUTURO DE M\u00c9XICO<\/strong><\/p>\n\n\n\n<p class=\"wp-block-paragraph\">Anulado el Poder Judicial, con toda la nueva red de ministros, magistrados y jueces bajo el control del&nbsp;<em>obradorato<\/em>, solo se requer\u00eda establecer mecanismos de sometimiento y conducci\u00f3n social y pol\u00edtico v\u00eda la militarizaci\u00f3n de la Seguridad P\u00fablica, con el establecimiento de sistemas de inteligencia y con la capitulaci\u00f3n de los medios informativos y las redes sociales.<\/p>\n\n\n\n<p class=\"wp-block-paragraph\">Hoy eso es ya una realidad con el establecimiento de una CURP que centralizar\u00e1 todos los datos de los ciudadanos en una sola base, y con la creaci\u00f3n de un registro de celulares que permitir\u00e1 la geolocalizaci\u00f3n de los usuarios.<\/p>\n\n\n\n<p class=\"wp-block-paragraph\">A estos controles se sumar\u00e1 el control de la narrativa desde el Poder con la nueva Ley de Telecomunicaciones y Radiodifusi\u00f3n, que adem\u00e1s les permitir\u00e1 censurar medios de todo tipo y hasta reprimir disidencias de ciudadanos expresadas en redes sociales.<\/p>\n\n\n\n<p class=\"wp-block-paragraph\">Anuladas las instituciones aut\u00f3nomas, colonizadas otras, entramos a la&nbsp;<strong>simulaci\u00f3n de un Estado Democr\u00e1tico<\/strong>&nbsp;en el que existen formalmente todos los poderes de la Rep\u00fablica, pero bajo un solo control.<\/p>\n\n\n\n<p class=\"wp-block-paragraph\">\u00bfEs finalmente un Golpe de Estado v\u00eda las reformas del Congreso?<\/p>\n\n\n\n<p class=\"wp-block-paragraph\">Todo lo anterior, y m\u00e1s, lo sugiere.<\/p>\n\n\n\n<p class=\"wp-block-paragraph\">Mientras los reclamos y advertencias, llamados de alerta de la oposici\u00f3n siguen sin acompa\u00f1amiento social, nadie en las calles del pa\u00eds los escucha. Ellos mismos no se suman y contin\u00faan dispersos cuando todo reclama su unidad, un frente opositor que vaya contra el autoritarismo.<\/p>\n\n\n\n<p class=\"wp-block-paragraph\">As\u00ed las cosas, la Constituci\u00f3n de 1917 ha desaparecido ante la reformada y redise\u00f1ada por&nbsp;<strong>AMLO<\/strong>&nbsp;para construir otro R\u00e9gimen.<\/p>\n\n\n\n<p class=\"wp-block-paragraph\">\u2026 \/ Twitter: @_Vizcaino \/ Facebook<\/p>\n\n\n\n<p class=\"wp-block-paragraph\">\/&nbsp;<a href=\"https:\/\/www.facebook.com\/rvizcainoa\" target=\"_blank\" rel=\"noreferrer noopener\">https:\/\/www.facebook.com\/rvizcainoa<\/a><\/p>\n","protected":false},"excerpt":{"rendered":"<p>Roberto Vizca\u00edno &nbsp; SemM\u00e9xico, Cd. de M\u00e9xico, 3 de julio, 2025.- En Senado y Diputados cierran sin sorpresas el atropellado y arrollador per\u00edodo extraordinario: las reformas alcanzadas -ante las llamadas de alerta de opositores y sectores sociales-, nos dejan a los mexicanos ya a un tris del M\u00e9xico que so\u00f1\u00f3, dise\u00f1\u00f3, plane\u00f3 y ejecut\u00f3&nbsp;Andr\u00e9s Manuel [&hellip;]<\/p>\n","protected":false},"author":3,"featured_media":39589,"comment_status":"open","ping_status":"open","sticky":false,"template":"","format":"standard","meta":{"_monsterinsights_skip_tracking":false,"footnotes":""},"categories":[35,623,622],"tags":[],"class_list":["post-96740","post","type-post","status-publish","format-standard","has-post-thumbnail","category-opinion","category-roberto-vizcaino","category-tras-la-puerta-del-poder"],"_links":{"self":[{"href":"https:\/\/redsemlac.com\/semmexico\/wp-json\/wp\/v2\/posts\/96740","targetHints":{"allow":["GET"]}}],"collection":[{"href":"https:\/\/redsemlac.com\/semmexico\/wp-json\/wp\/v2\/posts"}],"about":[{"href":"https:\/\/redsemlac.com\/semmexico\/wp-json\/wp\/v2\/types\/post"}],"author":[{"embeddable":true,"href":"https:\/\/redsemlac.com\/semmexico\/wp-json\/wp\/v2\/users\/3"}],"replies":[{"embeddable":true,"href":"https:\/\/redsemlac.com\/semmexico\/wp-json\/wp\/v2\/comments?post=96740"}],"version-history":[{"count":0,"href":"https:\/\/redsemlac.com\/semmexico\/wp-json\/wp\/v2\/posts\/96740\/revisions"}],"wp:featuredmedia":[{"embeddable":true,"href":"https:\/\/redsemlac.com\/semmexico\/wp-json\/wp\/v2\/media\/39589"}],"wp:attachment":[{"href":"https:\/\/redsemlac.com\/semmexico\/wp-json\/wp\/v2\/media?parent=96740"}],"wp:term":[{"taxonomy":"category","embeddable":true,"href":"https:\/\/redsemlac.com\/semmexico\/wp-json\/wp\/v2\/categories?post=96740"},{"taxonomy":"post_tag","embeddable":true,"href":"https:\/\/redsemlac.com\/semmexico\/wp-json\/wp\/v2\/tags?post=96740"}],"curies":[{"name":"wp","href":"https:\/\/api.w.org\/{rel}","templated":true}]}}