{"id":96737,"date":"2025-07-03T17:15:28","date_gmt":"2025-07-03T23:15:28","guid":{"rendered":"https:\/\/redsemlac.com\/semmexico\/?p=96737"},"modified":"2025-07-03T17:15:29","modified_gmt":"2025-07-03T23:15:29","slug":"en-cinco-meses-en-guerrero-51-mujeres-asesinadas-una-cada-tercer-dia-diputada-erika-luhrs-cortes","status":"publish","type":"post","link":"https:\/\/redsemlac.com\/semmexico\/en-cinco-meses-en-guerrero-51-mujeres-asesinadas-una-cada-tercer-dia-diputada-erika-luhrs-cortes\/","title":{"rendered":"En cinco meses en Guerrero 51 mujeres asesinadas, una cada tercer d\u00eda: diputada Erika L\u00fchrs Cort\u00e9s"},"content":{"rendered":"\n<p class=\"wp-block-paragraph\"><a href=\"https:\/\/ceprovysa.com\/?p=115977\"><\/a>Afirm\u00f3: las estad\u00edsticas no reflejan el verdadero n\u00famero de v\u00edctimas, muchas mujeres asesinadas est\u00e1n en el registro oficial, mientras\u00a0 la impunidad sigue creciendo<\/p>\n\n\n\n<p class=\"wp-block-paragraph\">Foco rojo, el puerto de Acapulco, siguen creciendo las llamadas al 911<\/p>\n\n\n\n<p class=\"wp-block-paragraph\">&nbsp;Salvador Alejandro<\/p>\n\n\n\n<p class=\"wp-block-paragraph\">SemM\u00e9xico\/ Ceprovysa, Chilpancingo, Guerrero., 3 de julio, 2025.- Guerrero est\u00e1 en sexto lugar nacional por feminicidios, denuncia la diputada Erika L\u00fchrs Cort\u00e9s quien se\u00f1al\u00f3 que sin embargo, \u201clas estad\u00edsticas no reflejan el verdadero n\u00famero de v\u00edctimas\u201d.<\/p>\n\n\n\n<p class=\"wp-block-paragraph\">La diputada por el Partido Movimiento Ciudadano se\u00f1al\u00f3 que de acuerdo a cifras oficiales del Secretariado Ejecutivo del Sistema Nacional de Seguridad P\u00fablica hay al menos 51 mujeres que han perdido la vida por razones de g\u00e9nero y 175 son v\u00edctimas de lesiones dolosas.<\/p>\n\n\n\n<p class=\"wp-block-paragraph\">En su intervenci\u00f3n en tribuna en la sesi\u00f3n del Congreso Local&nbsp; L\u00fchrs Cort\u00e9s dijo \u201cLas estad\u00edsticas no reflejan el verdadero n\u00famero de v\u00edctimas, muchas mujeres asesinadas no llegan al registro oficial y mientras tanto la impunidad sigue creciendo\u201d.<\/p>\n\n\n\n<p class=\"wp-block-paragraph\">La diputada &nbsp;lanz\u00f3 una alerta al se\u00f1alar que de acuerdo al registro de emergencia realizadas al n\u00famero 911, se recibieron m\u00e1s de 6 mil llamadas de violencia contra las mujeres y que esta entidad federativa a nivel nacional ocupa el lugar 25 en el \u00edndice de violencia contra las mujeres.<\/p>\n\n\n\n<p class=\"wp-block-paragraph\">La Diputada de MC dijo que un punto que representa un foco rojo en estos casos es el puerto de Acapulco, que est\u00e1 incluido entre los 20 municipios del pa\u00eds que concentran el 26.2 por ciento de delitos cometidos contra mujeres.<\/p>\n\n\n\n<p class=\"wp-block-paragraph\">La Diputada Erika L\u00fchrs dijo \u201cEn Guerrero se mata, se viola y se casa a las mujeres y ni\u00f1as, eso las condena a perder sus infancias, las convierte en madres antes de tiempo y las borra de los registros oficiales\u201d. Luego afirm\u00f3 sobre esta expresi\u00f3n \u201clo que no se nombra, no existe\u201d.<\/p>\n","protected":false},"excerpt":{"rendered":"<p>Afirm\u00f3: las estad\u00edsticas no reflejan el verdadero n\u00famero de v\u00edctimas, muchas mujeres asesinadas est\u00e1n en el registro oficial, mientras\u00a0 la impunidad sigue creciendo Foco rojo, el puerto de Acapulco, siguen creciendo las llamadas al 911 &nbsp;Salvador Alejandro SemM\u00e9xico\/ Ceprovysa, Chilpancingo, Guerrero., 3 de julio, 2025.- Guerrero est\u00e1 en sexto lugar nacional por feminicidios, denuncia la [&hellip;]<\/p>\n","protected":false},"author":3,"featured_media":96738,"comment_status":"open","ping_status":"open","sticky":false,"template":"","format":"standard","meta":{"_monsterinsights_skip_tracking":false,"footnotes":""},"categories":[694,48],"tags":[],"class_list":["post-96737","post","type-post","status-publish","format-standard","has-post-thumbnail","category-destacadas","category-no-mas-impunidad-no-mas-impunidad"],"_links":{"self":[{"href":"https:\/\/redsemlac.com\/semmexico\/wp-json\/wp\/v2\/posts\/96737","targetHints":{"allow":["GET"]}}],"collection":[{"href":"https:\/\/redsemlac.com\/semmexico\/wp-json\/wp\/v2\/posts"}],"about":[{"href":"https:\/\/redsemlac.com\/semmexico\/wp-json\/wp\/v2\/types\/post"}],"author":[{"embeddable":true,"href":"https:\/\/redsemlac.com\/semmexico\/wp-json\/wp\/v2\/users\/3"}],"replies":[{"embeddable":true,"href":"https:\/\/redsemlac.com\/semmexico\/wp-json\/wp\/v2\/comments?post=96737"}],"version-history":[{"count":0,"href":"https:\/\/redsemlac.com\/semmexico\/wp-json\/wp\/v2\/posts\/96737\/revisions"}],"wp:featuredmedia":[{"embeddable":true,"href":"https:\/\/redsemlac.com\/semmexico\/wp-json\/wp\/v2\/media\/96738"}],"wp:attachment":[{"href":"https:\/\/redsemlac.com\/semmexico\/wp-json\/wp\/v2\/media?parent=96737"}],"wp:term":[{"taxonomy":"category","embeddable":true,"href":"https:\/\/redsemlac.com\/semmexico\/wp-json\/wp\/v2\/categories?post=96737"},{"taxonomy":"post_tag","embeddable":true,"href":"https:\/\/redsemlac.com\/semmexico\/wp-json\/wp\/v2\/tags?post=96737"}],"curies":[{"name":"wp","href":"https:\/\/api.w.org\/{rel}","templated":true}]}}