{"id":96695,"date":"2025-07-02T10:27:26","date_gmt":"2025-07-02T16:27:26","guid":{"rendered":"https:\/\/redsemlac.com\/semmexico\/?p=96695"},"modified":"2025-07-02T10:27:27","modified_gmt":"2025-07-02T16:27:27","slug":"homenaje-a-nieves-paniagua-figura-insigne-de-la-danza-mexicana","status":"publish","type":"post","link":"https:\/\/redsemlac.com\/semmexico\/homenaje-a-nieves-paniagua-figura-insigne-de-la-danza-mexicana\/","title":{"rendered":"Homenaje a Nieves Paniagua, figura insigne de la danza mexicana"},"content":{"rendered":"\n<p class=\"wp-block-paragraph\">La Sala Manuel M. Ponce del Palacio de Bellas Artes reuni\u00f3 a colegas, disc\u00edpulos y familiares para recordar el legado de la artista fallecida el pasado 30 de mayo<\/p>\n\n\n\n<p class=\"wp-block-paragraph\">Con el tributo inicia una serie de actividades que incluye un conversatorio, una exposici\u00f3n fotogr\u00e1fica y una gala de la Compa\u00f1\u00eda Nacional de Danza Folkl\u00f3rica<\/p>\n\n\n\n<p class=\"wp-block-paragraph\">&nbsp;Redacci\u00f3n<\/p>\n\n\n\n<p class=\"wp-block-paragraph\">SemM\u00e9xico, Ciudad de M\u00e9xico, 2 de julio, 2025.- Las autoridades culturales del pa\u00eds rindieron&nbsp; homenaje p\u00f3stumo a Nieves Paniagua, figura fundamental en el enriquecimiento, difusi\u00f3n y preservaci\u00f3n de la danza folcl\u00f3rica de diversas regiones del pa\u00eds.<\/p>\n\n\n\n<p class=\"wp-block-paragraph\">Diversas personalidades de la escena compartieron emotivos mensajes sobre el legado que Paniagua dej\u00f3 en aulas, escenarios y en el coraz\u00f3n de quienes recibieron sus ense\u00f1anzas y consejos. Coincidieron en se\u00f1alar que la bailarina, maestra y gestora les ense\u00f1\u00f3 a amar, respetar y dignificar la danza con ah\u00ednco, rigor y misticismo.<\/p>\n\n\n\n<p class=\"wp-block-paragraph\">Este homenaje fue patrocinado por la Secretar\u00eda de Cultura del Gobierno de M\u00e9xico, a trav\u00e9s del Instituto Nacional de Bellas Artes y Literatura (INBAL) y su Coordinaci\u00f3n Nacional de Danza, rindi\u00f3 hoy lunes 30 de junio de 2025, en la Sala Manuel M. Ponce del Palacio de Bellas Artes,&nbsp;<\/p>\n\n\n\n<p class=\"wp-block-paragraph\">En su oportunidad, la directora general del INBAL, Alejandra de la Paz N\u00e1jera, evoc\u00f3 la figura de Nieves Paniagua: \u201cHoy, desde el INBAL, que fuera su casa, la recordamos y la honramos en reconocimiento a sus valiosas aportaciones a la danza, con el compromiso de dar continuidad a la herencia art\u00edstica que nos dej\u00f3\u201d.<\/p>\n\n\n\n<p class=\"wp-block-paragraph\">Asimismo, resalt\u00f3 que la secretaria de Cultura del Gobierno de M\u00e9xico, Claudia Curiel de Icaza, estableci\u00f3 dentro de las l\u00edneas de trabajo avanzar en el fortalecimiento de la danza, a partir de una estrategia amplia que tiene que ver con convocatorias y con nuevas plataformas, en las cuales distintos grupos y compa\u00f1\u00edas puedan sumarse como un ejercicio de circulaci\u00f3n y fortalecimiento de dicho arte.<\/p>\n\n\n\n<p class=\"wp-block-paragraph\">A su vez, Aurora Paniagua, sobrina de la artista, en representaci\u00f3n de la familia, expres\u00f3 su gratitud a quienes hicieron realidad la creaci\u00f3n de la Compa\u00f1\u00eda Nacional de Danza Folkl\u00f3rica. \u201cMi t\u00eda siempre, siempre hac\u00eda \u00e9nfasis diciendo: \u2018Nunca se hubiera logrado sin el enorme y valioso apoyo del Instituto Nacional de Bellas Artes y Literatura, de la Coordinaci\u00f3n Nacional de Danza y de todos los dem\u00e1s involucrados\u2019. Gracias una vez m\u00e1s por creer en Nieves Paniagua y en su proyecto. La Compa\u00f1\u00eda Nacional de Danza Folkl\u00f3rica de Nieves Paniagua siempre se ha distinguido por la excelencia y as\u00ed seguir\u00e1 trabajando\u201d.<\/p>\n\n\n\n<p class=\"wp-block-paragraph\">Tambi\u00e9n participaron Margarita Tortajada, del CENIDI-Danza Jos\u00e9 Lim\u00f3n, quien abord\u00f3 la biograf\u00eda e impacto de la maestra; Rodrigo Gonz\u00e1lez, asesor de la Compa\u00f1\u00eda Nacional de Danza Folkl\u00f3rica, quien habl\u00f3 sobre su trabajo coreogr\u00e1fico, y Carlos Jes\u00fas Nieves Ixtla, de la Academia de la Danza Mexicana, quien destac\u00f3 sus aportaciones pedag\u00f3gicas a las danzas tradicionales.<\/p>\n\n\n\n<p class=\"wp-block-paragraph\">Como parte del homenaje, se proyect\u00f3 una semblanza en video con im\u00e1genes del acervo del CENIDI-DANZA, que mostr\u00f3 distintas etapas de la formaci\u00f3n y carrera art\u00edstica de Nieves Paniagua.<\/p>\n\n\n\n<p class=\"wp-block-paragraph\"><strong>Artista y formadora de artistas<\/strong><\/p>\n\n\n\n<p class=\"wp-block-paragraph\">Nieves Paniagua Ruiz naci\u00f3 en la Ciudad de M\u00e9xico el 20 de enero de 1934. Se form\u00f3 como maestra normalista e ingres\u00f3 en 1952 a la Academia de la Danza Mexicana, donde fue alumna de figuras como Marcelo Torreblanca, Amado L\u00f3pez, Rodolfo Arana, Elena Jord\u00e1n y Xavier Francis. Desde 1955 form\u00f3 parte de agrupaciones emblem\u00e1ticas como el Ballet de Bellas Artes, el Ballet Waldeen, el Ballet Nacional de M\u00e9xico y el Ballet Popular de M\u00e9xico, con las que se present\u00f3 en Estados Unidos, el Caribe, Centro y Sudam\u00e9rica.<\/p>\n\n\n\n<p class=\"wp-block-paragraph\">Particip\u00f3 en coreograf\u00edas y recibi\u00f3 ense\u00f1anzas de reconocidos maestros como Jos\u00e9 Lim\u00f3n, Waldeen, Guillermina Bravo, Ana M\u00e9rida, Ana Sokolow, Rosa Reyna y Gloria Contreras.<\/p>\n\n\n\n<p class=\"wp-block-paragraph\">Su formaci\u00f3n la llev\u00f3 a desempe\u00f1arse como docente en la Escuela de Iniciaci\u00f3n Art\u00edstica n\u00fam. 1 del INBAL, de 1967 a 1968. Luego, dirigi\u00f3 la Academia de la Danza Mexicana (1969\u20131972), y en 1979 fue nombrada directora de la Escuela Nacional de Danza Folkl\u00f3rica. All\u00ed particip\u00f3 en la reestructuraci\u00f3n de la ense\u00f1anza profesional de la danza en M\u00e9xico, que fueron las bases del Sistema Nacional para la Ense\u00f1anza Profesional de la Danza.<\/p>\n\n\n\n<p class=\"wp-block-paragraph\">Convencida de dignificar la labor de las y los maestros y bailarines de danza folcl\u00f3rica, en 1975 fund\u00f3, junto a Roberto Vallejo, el Ballet Folkl\u00f3rico de la Direcci\u00f3n General de Educaci\u00f3n Tecnol\u00f3gica Industrial, que en 1984 se convirti\u00f3 en la Compa\u00f1\u00eda Nacional de Danza Folkl\u00f3rica, nombre otorgado por el INBAL en reconocimiento a su trayectoria y excelencia.&nbsp;&nbsp;<\/p>\n\n\n\n<p class=\"wp-block-paragraph\">Entre los reconocimientos que recibi\u00f3 se encuentran el Premio Ixtlilton del Festival Internacional de Folklore de Guadalajara (1972), el diploma de la Uni\u00f3n Mexicana de Cronistas de Teatro y M\u00fasica (1989) y el homenaje&nbsp;<em>Una vida en la danza<\/em>, otorgado por el Centro Nacional de Investigaci\u00f3n, Documentaci\u00f3n e Informaci\u00f3n de la Danza Jos\u00e9 Lim\u00f3n (CENIDI-DANZA) del INBAL en 1993.<\/p>\n\n\n\n<p class=\"wp-block-paragraph\"><strong>Actividades para recordar a la maestra<\/strong><\/p>\n\n\n\n<p class=\"wp-block-paragraph\">El INBAL, a trav\u00e9s de la Coordinaci\u00f3n Nacional de Danza, continuar\u00e1 con el homenaje a Nieves Paniagua con diferentes actividades. En el ciclo&nbsp;<em>Autobiograf\u00edas danzadas de mujeres,<\/em>&nbsp;se rendir\u00e1 homenaje a cinco figuras clave de la danza mexicana: Gloria Contreras, Rossana Filomarino, Lidya Romero, Sunny Savoy y Nieves Paniagua.<\/p>\n\n\n\n<p class=\"wp-block-paragraph\">Como parte del ciclo, el martes 15 de julio se inaugurar\u00e1 una exposici\u00f3n fotogr\u00e1fica en el foyer de la Sala Principal del Palacio de Bellas Artes. El s\u00e1bado 19 de julio, en la Sala Manuel M. Ponce, se realizar\u00e1 una mesa de reflexi\u00f3n sobre la trayectoria de Nieves Paniagua y Rossana Filomarino. Y, el mi\u00e9rcoles 30 se llevar\u00e1 a cabo un conversatorio con bailarinas que compartir\u00e1n vivencias sobre la influencia de dichas artistas en su quehacer art\u00edstico.<\/p>\n\n\n\n<p class=\"wp-block-paragraph\">Adem\u00e1s, el jueves 24 de julio, dentro de la temporada&nbsp;<em>Diversas Danzas, Diversos Cuerpos,&nbsp;<\/em>la Compa\u00f1\u00eda Nacional de Danza Folkl\u00f3rica ofrecer\u00e1 una funci\u00f3n especial titulada&nbsp;<em>Gala 50 aniversario: Nieves Paniagua, herencia viva<\/em>, en la Sala Principal del Palacio. El programa celebrar\u00e1 la labor de investigaci\u00f3n y difusi\u00f3n de las danzas tradicionales de M\u00e9xico realizada por su fundadora.<\/p>\n\n\n\n<p class=\"wp-block-paragraph\">Los horarios y sedes se pueden consultar en las p\u00e1ginas del&nbsp;<a href=\"https:\/\/inba.gob.mx\/\">INBAL<\/a>&nbsp;y de&nbsp;<a href=\"https:\/\/www.mexicoescultura.com\/\">M\u00e9xico es Cultura<\/a>. &nbsp;<\/p>\n","protected":false},"excerpt":{"rendered":"<p>La Sala Manuel M. Ponce del Palacio de Bellas Artes reuni\u00f3 a colegas, disc\u00edpulos y familiares para recordar el legado de la artista fallecida el pasado 30 de mayo Con el tributo inicia una serie de actividades que incluye un conversatorio, una exposici\u00f3n fotogr\u00e1fica y una gala de la Compa\u00f1\u00eda Nacional de Danza Folkl\u00f3rica &nbsp;Redacci\u00f3n [&hellip;]<\/p>\n","protected":false},"author":3,"featured_media":96696,"comment_status":"open","ping_status":"open","sticky":false,"template":"","format":"standard","meta":{"_monsterinsights_skip_tracking":false,"footnotes":""},"categories":[748],"tags":[],"class_list":["post-96695","post","type-post","status-publish","format-standard","has-post-thumbnail","category-cultura-feminista"],"_links":{"self":[{"href":"https:\/\/redsemlac.com\/semmexico\/wp-json\/wp\/v2\/posts\/96695","targetHints":{"allow":["GET"]}}],"collection":[{"href":"https:\/\/redsemlac.com\/semmexico\/wp-json\/wp\/v2\/posts"}],"about":[{"href":"https:\/\/redsemlac.com\/semmexico\/wp-json\/wp\/v2\/types\/post"}],"author":[{"embeddable":true,"href":"https:\/\/redsemlac.com\/semmexico\/wp-json\/wp\/v2\/users\/3"}],"replies":[{"embeddable":true,"href":"https:\/\/redsemlac.com\/semmexico\/wp-json\/wp\/v2\/comments?post=96695"}],"version-history":[{"count":0,"href":"https:\/\/redsemlac.com\/semmexico\/wp-json\/wp\/v2\/posts\/96695\/revisions"}],"wp:featuredmedia":[{"embeddable":true,"href":"https:\/\/redsemlac.com\/semmexico\/wp-json\/wp\/v2\/media\/96696"}],"wp:attachment":[{"href":"https:\/\/redsemlac.com\/semmexico\/wp-json\/wp\/v2\/media?parent=96695"}],"wp:term":[{"taxonomy":"category","embeddable":true,"href":"https:\/\/redsemlac.com\/semmexico\/wp-json\/wp\/v2\/categories?post=96695"},{"taxonomy":"post_tag","embeddable":true,"href":"https:\/\/redsemlac.com\/semmexico\/wp-json\/wp\/v2\/tags?post=96695"}],"curies":[{"name":"wp","href":"https:\/\/api.w.org\/{rel}","templated":true}]}}