{"id":96691,"date":"2025-07-02T10:25:47","date_gmt":"2025-07-02T16:25:47","guid":{"rendered":"https:\/\/redsemlac.com\/semmexico\/?p=96691"},"modified":"2025-07-02T10:25:48","modified_gmt":"2025-07-02T16:25:48","slug":"las-mujeres-representan-el-95-de-la-poblacion-excluida-del-mercado-laboral-por-trabajos-de-cuidado-no-remunerado","status":"publish","type":"post","link":"https:\/\/redsemlac.com\/semmexico\/las-mujeres-representan-el-95-de-la-poblacion-excluida-del-mercado-laboral-por-trabajos-de-cuidado-no-remunerado\/","title":{"rendered":"Las mujeres representan el 95% de la poblaci\u00f3n excluida del mercado laboral por trabajos de cuidado no remunerado"},"content":{"rendered":"\n<p class=\"wp-block-paragraph\">Ganan salarios de pobreza m\u00e1s personas que antes de la pandemia, revela nueva plataforma del Observatorio de Trabajo Digno<\/p>\n\n\n\n<p class=\"wp-block-paragraph\">Frente a la Pobreza presentan la nueva plataforma&nbsp; con datos actualizados sobre la precariedad y exclusi\u00f3n laboral en M\u00e9xico<\/p>\n\n\n\n<p class=\"wp-block-paragraph\">En el primer trimestre de 2025, 32.9 millones de personas que trabajan no ganan lo suficiente para adquirir dos canastas b\u00e1sicas; eran 30.4 millones antes de Covid-19 (2020 \u2013 I)<\/p>\n\n\n\n<p class=\"wp-block-paragraph\">Redacci\u00f3n<\/p>\n\n\n\n<p class=\"wp-block-paragraph\"><em>SemM\u00e9xico, Ciudad de M\u00e9xico&nbsp; 2&nbsp; de julio, 2025 &#8211; <\/em>En M\u00e9xico millones de trabajos son en realidad f\u00e1bricas de pobreza: salarios insuficientes para una vida digna, trabajos sin derechos y personas excluidas est\u00e1n en la ra\u00edz de la pobreza. Esta situaci\u00f3n es, incluso, m\u00e1s grave ahora que antes de la pandemia por Covid-19.<\/p>\n\n\n\n<p class=\"wp-block-paragraph\">De acuerdo con los datos de la Encuesta Nacional de Ocupaci\u00f3n y Empleo (ENOE) del INEGI, en el primer trimestre de este a\u00f1o (2025 \u2013 I), presentados por el Observatorio de Trabajo Digno\u2013 OTD, las personas que trabajan y ganan salarios de pobreza, insuficientes para adquirir dos canastas b\u00e1sicas al mes, suman 32.9 millones, que representa 67% de la poblaci\u00f3n ocupada.<\/p>\n\n\n\n<p class=\"wp-block-paragraph\">&nbsp;En el mismo periodo del 2020, justo antes del inicio de la pandemia, en esta situaci\u00f3n estaban 30.4 millones de personas, que en ese entonces eran 62% de la poblaci\u00f3n ocupada.<\/p>\n\n\n\n<p class=\"wp-block-paragraph\">Tener salarios insuficientes no es la \u00fanica carencia que afrontan las personas que trabajan. Sin seguridad social son 35.1 millones, 60% de la poblaci\u00f3n ocupada; cuando antes de la pandemia eran 34.2 millones, que en ese entonces eran 62% de la poblaci\u00f3n ocupada.<\/p>\n\n\n\n<p class=\"wp-block-paragraph\">Quienes trabajan en empleos sin contrato estable son 18.6 millones, contra 18.9 millones en esa situaci\u00f3n hace cinco a\u00f1os, una disminuci\u00f3n m\u00ednima. Y sin afiliaci\u00f3n sindical ahora son 33.1 millones, contra 30.9 millones del 2020, un indicador pr\u00e1cticamente estancado en 86% y 87% de la poblaci\u00f3n ocupada, respectivamente.&nbsp;&nbsp;<\/p>\n\n\n\n<p class=\"wp-block-paragraph\">La exclusi\u00f3n afecta a 21.5 millones de personas. Un indicador relevante y nuevo en el OTD es el de la exclusi\u00f3n por labores de cuidado en el hogar sin remuneraci\u00f3n, que en el primer trimestre de este a\u00f1o afecta a 14.8 millones de personas, de las cuales 14 millones son mujeres, es decir, el 95<strong> %.&nbsp;&nbsp;<\/strong><\/p>\n\n\n\n<p class=\"wp-block-paragraph\">El dato en donde hay una leve disminuci\u00f3n es el de desempleo completo; es decir el que incluye tanto a las personas desocupadas como a las disponibles, que en el 2020 eran 7.7 millones de personas, frente a las 6.7 millones actuales.&nbsp;<\/p>\n\n\n\n<p class=\"wp-block-paragraph\">Rogelio G\u00f3mez Hermosillo, presidente ejecutivo de Acci\u00f3n Ciudadana Frente a la Pobreza, destac\u00f3 que el Observatorio de Trabajo Digno \u2013 OTD sirve para visibilizar las condiciones laborales de exclusi\u00f3n y pobreza que est\u00e1n a la ra\u00edz de la pobreza y muestran una situaci\u00f3n estructural de incumplimiento con las normas del derecho humano al trabajo.<\/p>\n\n\n\n<p class=\"wp-block-paragraph\">\u201cEl trabajo en M\u00e9xico se convierte en una f\u00e1brica de pobreza para millones de personas, cuando debiera ser la puerta de salida, por los bajos salarios, los llamados trabajos \u2018informales\u2019 que en realidad son trabajos sin derechos y sin acceso al seguro social, pues muchos empleos carecen de medios de defensa que son su derecho: la contrataci\u00f3n estable, la negociaci\u00f3n colectiva y la afiliaci\u00f3n sindical. Con el Observatorio queremos insistir que esta realidad debe cambiar, pues el trabajo es un derecho humano, no una mercanc\u00eda\u201d explic\u00f3 G\u00f3mez Hermosillo.<\/p>\n\n\n\n<p class=\"wp-block-paragraph\"><strong>Nueva plataforma del Observatorio de Trabajo Digno<\/strong><\/p>\n\n\n\n<p class=\"wp-block-paragraph\">Esta plataforma alude&nbsp; al convenio 189 de la OIT referida al trabajo digno.<\/p>\n\n\n\n<p class=\"wp-block-paragraph\">Estos y otros indicadores, que marcan la tendencia que desde hace a\u00f1os ha padecido el pa\u00eds, forman parte del Observatorio de Trabajo Digno -OTD, un portal que ha sido renovado y actualizado, el cual ya est\u00e1 disponible para la consulta del p\u00fablico en este v\u00ednculo: <a href=\"https:\/\/otd.frentealapobreza.mx\/\">https:\/\/otd.frentealapobreza.mx<\/a>&nbsp;<\/p>\n\n\n\n<p class=\"wp-block-paragraph\">La nueva visualizaci\u00f3n del OTD de Acci\u00f3n Ciudadana Frente a la Pobreza, se realiz\u00f3 colaborativamente con Data C\u00edvica, y presenta indicadores sobre violaciones evidentes, sistem\u00e1ticas y estructurales al derecho al trabajo digno.<\/p>\n\n\n\n<p class=\"wp-block-paragraph\">Ana Paulina Gonz\u00e1lez, responsable de Investigaci\u00f3n y Datos de Acci\u00f3n Ciudadana Frente a la Pobreza, explic\u00f3 que el OTD presenta diversos indicadores sobre violaciones evidentes, sistem\u00e1ticas y estructurales al derecho al trabajo digno usando informaci\u00f3n estad\u00edstica oficial.&nbsp;<\/p>\n\n\n\n<p class=\"wp-block-paragraph\">\u201cEl prop\u00f3sito es visibilizar las condiciones de trabajo que producen pobreza y desigualdad en M\u00e9xico; los indicadores del Observatorio nos permiten ver con claridad que la ra\u00edz de la pobreza tiene que ver con la exclusi\u00f3n y la precariedad laborales, que adem\u00e1s afectan en mayor medida a mujeres y j\u00f3venes\u201d, refiri\u00f3.<\/p>\n\n\n\n<p class=\"wp-block-paragraph\">La finalidad del OTD, agreg\u00f3, es difundir los datos que sustentan nuestras propuestas para ir a la ra\u00edz de la pobreza, que se resumen en la postura de que \u201cquien trabaja no debe ser pobre\u201d.<\/p>\n\n\n\n<p class=\"wp-block-paragraph\">Sierra Wells, analista de datos de Data C\u00edvica, expuso que el OTD sirve para que periodistas, estudiantes, organizaciones de la sociedad civil, personas de la academia y ciudadanos en general puedan acceder a una vista clara y r\u00e1pida de informaci\u00f3n clave sobre las condiciones de precariedad y exclusi\u00f3n en el sistema laboral del pa\u00eds.<\/p>\n\n\n\n<p class=\"wp-block-paragraph\">\u201cEsta colaboraci\u00f3n surgi\u00f3 desde un deseo de complementar el expertise de Acci\u00f3n Ciudadana en el an\u00e1lisis del sistema laboral, m\u00e1s nuestra experiencia en la visualizaci\u00f3n de datos y en el desarrollo de tecnolog\u00eda enfocada en las personas usuarias\u00bb, refiri\u00f3.<\/p>\n\n\n\n<p class=\"wp-block-paragraph\">Invitamos a periodistas, y a la comunidad en general, a consultar el nuevo Observatorio del Trabajo Digno, esperamos que sea una herramienta \u00fatil para analizar y documentar que en M\u00e9xico la situaci\u00f3n laboral arrastra un rezago significativo desde hace a\u00f1os, lo que impide a millones de familias la posibilidad de superar la pobreza.<\/p>\n","protected":false},"excerpt":{"rendered":"<p>Ganan salarios de pobreza m\u00e1s personas que antes de la pandemia, revela nueva plataforma del Observatorio de Trabajo Digno Frente a la Pobreza presentan la nueva plataforma&nbsp; con datos actualizados sobre la precariedad y exclusi\u00f3n laboral en M\u00e9xico En el primer trimestre de 2025, 32.9 millones de personas que trabajan no ganan lo suficiente para [&hellip;]<\/p>\n","protected":false},"author":3,"featured_media":96692,"comment_status":"open","ping_status":"open","sticky":false,"template":"","format":"standard","meta":{"_monsterinsights_skip_tracking":false,"footnotes":""},"categories":[702],"tags":[],"class_list":["post-96691","post","type-post","status-publish","format-standard","has-post-thumbnail","category-economia"],"_links":{"self":[{"href":"https:\/\/redsemlac.com\/semmexico\/wp-json\/wp\/v2\/posts\/96691","targetHints":{"allow":["GET"]}}],"collection":[{"href":"https:\/\/redsemlac.com\/semmexico\/wp-json\/wp\/v2\/posts"}],"about":[{"href":"https:\/\/redsemlac.com\/semmexico\/wp-json\/wp\/v2\/types\/post"}],"author":[{"embeddable":true,"href":"https:\/\/redsemlac.com\/semmexico\/wp-json\/wp\/v2\/users\/3"}],"replies":[{"embeddable":true,"href":"https:\/\/redsemlac.com\/semmexico\/wp-json\/wp\/v2\/comments?post=96691"}],"version-history":[{"count":0,"href":"https:\/\/redsemlac.com\/semmexico\/wp-json\/wp\/v2\/posts\/96691\/revisions"}],"wp:featuredmedia":[{"embeddable":true,"href":"https:\/\/redsemlac.com\/semmexico\/wp-json\/wp\/v2\/media\/96692"}],"wp:attachment":[{"href":"https:\/\/redsemlac.com\/semmexico\/wp-json\/wp\/v2\/media?parent=96691"}],"wp:term":[{"taxonomy":"category","embeddable":true,"href":"https:\/\/redsemlac.com\/semmexico\/wp-json\/wp\/v2\/categories?post=96691"},{"taxonomy":"post_tag","embeddable":true,"href":"https:\/\/redsemlac.com\/semmexico\/wp-json\/wp\/v2\/tags?post=96691"}],"curies":[{"name":"wp","href":"https:\/\/api.w.org\/{rel}","templated":true}]}}