{"id":96687,"date":"2025-07-02T10:24:08","date_gmt":"2025-07-02T16:24:08","guid":{"rendered":"https:\/\/redsemlac.com\/semmexico\/?p=96687"},"modified":"2025-07-02T10:24:08","modified_gmt":"2025-07-02T16:24:08","slug":"18-anos-acompanando-feminicidios-la-impunidad-sigue-siendo-la-constante","status":"publish","type":"post","link":"https:\/\/redsemlac.com\/semmexico\/18-anos-acompanando-feminicidios-la-impunidad-sigue-siendo-la-constante\/","title":{"rendered":"18 a\u00f1os acompa\u00f1ando feminicidios: la impunidad sigue siendo la constante"},"content":{"rendered":"\n<p class=\"wp-block-paragraph\">Entre el 2015 a abril de 2025 se asesin\u00f3 a 34 mil 715 mujeres, adolescentes y ni\u00f1as\u00a0S\u00f3lo el 24.6 % de los casos se investigan como feminicidio, detalla la informaci\u00f3n recopilada por las activistas.<\/p>\n\n\n\n<p class=\"wp-block-paragraph\">Mayra Gabriela Mart\u00ednez Mart\u00ednez<\/p>\n\n\n\n<p class=\"wp-block-paragraph\">SemM\u00e9xico, Cd. de M\u00e9xico, 2 de julio, 2025.- En M\u00e9xico, 10 mujeres son asesinadas cada d\u00eda. A pesar de contar con una legislaci\u00f3n s\u00f3lida en materia de feminicidio, menos del 25% de estos cr\u00edmenes se investigan como tal.&nbsp;<\/p>\n\n\n\n<p class=\"wp-block-paragraph\">El Observatorio Ciudadano Nacional del Feminicidio OCNF, una red de 43 organizaciones presentes en 23 estados del pa\u00eds, cumple 18 a\u00f1os acompa\u00f1ando a v\u00edctimas y denunciando omisiones institucionales que perpet\u00faan la impunidad.<\/p>\n\n\n\n<p class=\"wp-block-paragraph\">Casos como el de F\u00e1tima Quintana, ni\u00f1a de 12 a\u00f1os asesinada por sus vecinos, y el de Rosa Diana, a quien le fue negada una orden de protecci\u00f3n bajo el argumento de que \u201ceso solo existe en Estados Unidos\u201d, ilustran con crudeza la negligencia de las autoridades frente a la violencia feminicida.<\/p>\n\n\n\n<p class=\"wp-block-paragraph\"><a href=\"https:\/\/www.instagram.com\/atziri.avila\/?hl=es\">Atziri \u00c1vila<\/a> L\u00f3pez, integrante del OCNF y defensora con m\u00e1s de una d\u00e9cada de experiencia, est\u00e1 disponible para entrevista. Puede compartir contexto, datos sobre el informe presentado ante la ONU y testimonios sobre el trabajo de las defensoras y familias, as\u00ed como el llamado urgente a la sociedad para que se sume a su labor a trav\u00e9s de una colecta solidaria..<\/p>\n\n\n\n<p class=\"wp-block-paragraph\"><strong>Una legislaci\u00f3n competente, pero autoridades omisas: A 18 a\u00f1os de acompa\u00f1ar feminicidios en M\u00e9xico&nbsp;<\/strong><\/p>\n\n\n\n<p class=\"wp-block-paragraph\">Mientras desayunabas, hac\u00edas tus actividades, escuchabas m\u00fasica y te duchabas antes de dormir, diez mujeres fueron asesinadas en M\u00e9xico. Eso no solo sucedi\u00f3 hoy, sucede d\u00eda con d\u00eda desde hace m\u00e1s de una d\u00e9cada, de acuerdo con datos que el&nbsp; OCNF entreg\u00f3 a la Organizaci\u00f3n de las Naciones Unidas (ONU).<\/p>\n\n\n\n<p class=\"wp-block-paragraph\">Entre el 2015 a abril de 2025 han sido asesinadas 34 mil 715 mujeres, adolescentes y ni\u00f1as en territorio mexicano, pero <strong>s\u00f3lo el 24.6 % de los casos se investigan como feminicidio<\/strong>, detalla la informaci\u00f3n recopilada por las activistas..<\/p>\n\n\n\n<p class=\"wp-block-paragraph\">Los casos son tan diversos como los n\u00fameros: ni\u00f1as abusadas y asesinadas por sus vecinos, estudiantes que desaparecieron en el transporte y su cuerpo fue hallado con huellas de tortura, madres de familia que por a\u00f1os sufrieron violencia y murieron a golpes.<strong>&nbsp;<\/strong><\/p>\n\n\n\n<p class=\"wp-block-paragraph\">La sa\u00f1a con la que se cometen estos asesinatos refleja la normalizaci\u00f3n de la violencia en la sociedad<strong> <\/strong>mexicana, refiere Atziri \u00c1vila L\u00f3pez.<\/p>\n\n\n\n<p class=\"wp-block-paragraph\"><strong>Algo que no cuadra<\/strong><\/p>\n\n\n\n<p class=\"wp-block-paragraph\">En contraste con la situaci\u00f3n que mujeres y v\u00edctimas indirectas de este delito viven en M\u00e9xico, el pa\u00eds cuenta con una de las mejores legislaciones para investigar y sancionar el delito de feminicidio, siendo, incluso, referente para otros pa\u00edses para abordar la problem\u00e1tica, mencion\u00f3 la activista que junto con otras defensoras, acompa\u00f1an desde hace 18 a\u00f1os&nbsp; v\u00edctimas indirectas de la violencia feminicida.&nbsp;<\/p>\n\n\n\n<p class=\"wp-block-paragraph\">\u201cEl principal reto radica en la implementaci\u00f3n efectiva de las leyes y protocolos existentes, pues no hay acci\u00f3n pronta y eficaz por parte de las autoridades para investigar y sancionar, eso lanza un mensaje claro a los agresores: matar a una mujer no tiene consecuencias\u201d, explic\u00f3.&nbsp;<\/p>\n\n\n\n<p class=\"wp-block-paragraph\">La justicia pronta y expedita es la v\u00eda m\u00e1s corta para evitar la repetici\u00f3n de los asesinatos de mujeres, sin embargo, las autoridades, que son quienes deber\u00edan responder de manera inmediata, tambi\u00e9n son las primeras en minimizar los casos, revictimizar a las mujeres o a sus familias y negar atenci\u00f3n que pudo, incluso, salvar una vida.&nbsp;<\/p>\n\n\n\n<p class=\"wp-block-paragraph\">Uno de los casos que el OCNF acompa\u00f1\u00f3, fue el de F\u00e1tima Quintana, una adolescente de 12 a\u00f1os violada, torturada y lapidada por tres de sus vecinos en Lerma, Estado de M\u00e9xico, uno de ellos menor de edad. Por peritajes deficientes, la justicia mexicana<strong> solo encarcel\u00f3 a uno de ellos<\/strong>, pero activistas y familiares lograron sentencias para los otros dos agresores.&nbsp;<\/p>\n\n\n\n<p class=\"wp-block-paragraph\">En mayo de 2025, la Suprema Corte de Justicia de la Naci\u00f3n sent\u00f3 un precedente hist\u00f3rico a partir del caso de F\u00e1tima, reconociendo que las y los familiares de v\u00edctimas de feminicidio, tambi\u00e9n son v\u00edctimas y son sujetos a una reparaci\u00f3n integral del da\u00f1o.<\/p>\n\n\n\n<p class=\"wp-block-paragraph\">Otro de los casos es el de Rosa Diana, una joven del Estado de M\u00e9xico que sufr\u00eda violencia de su ex pareja, por lo que decidi\u00f3 pedir una orden de protecci\u00f3n a las autoridades. <em>\u201c<\/em>Eso solo existe en Estados Unidos<em>\u201d<\/em>, con esta frase le negaron la atenci\u00f3n y firmaron su sentencia de muerte. A los dos meses, fue asesinada y su cuerpo abandonado en Atizap\u00e1n de Zaragoza. El Observatorio acompa\u00f1\u00f3 a su familia para que las autoridades reconocieran su omisi\u00f3n.<\/p>\n\n\n\n<p class=\"wp-block-paragraph\">Por ello es importante que se sancione a las autoridades omisas, insiste la defensora de los derechos de las mujeres, Atziri \u00c1vila L\u00f3pez, pero para lograrlo, es necesario que los familiares de las v\u00edctimas tengan acompa\u00f1amiento integral durante el proceso. Organizaciones como el OCNF, que cuentan con un mayor conocimiento de las obligaciones institucionales, se encargan de identificar y denunciar inconsistencias y dilaciones en las investigaciones.<\/p>\n\n\n\n<p class=\"wp-block-paragraph\">La labor de activistas y colectivas, visibilizada con mayor ah\u00ednco en los \u00faltimos a\u00f1os, es invaluable y abre caminos que, de otra forma, obstaculizar\u00edan el acceso a la justicia para madres, padres e hijos, v\u00edctimas colaterales del femicidio.<\/p>\n\n\n\n<p class=\"wp-block-paragraph\">\u201cEs necesario que se reconozca la labor de una defensora como leg\u00edtima, pac\u00edfica, \u00e9tica, profesional y necesaria. Su trabajo s\u00f3lo existe ante la falta de respuestas efectivas de las autoridades y su labor busca acompa\u00f1ar a las personas, presentar precedentes y vigilar que las autoridades garanticen el acceso a la justicia y una vida libre de violencia para las mujeres\u201d, expres\u00f3 la activista.&nbsp;<\/p>\n\n\n\n<p class=\"wp-block-paragraph\"><strong>\u00bfC\u00f3mo puedo honrar la labor del OCNF?<\/strong><\/p>\n\n\n\n<p class=\"wp-block-paragraph\">Ante el tit\u00e1nico trabajo que realizan desde el 2007, el Observatorio ha decidido sumar a la sociedad civil a su labor desde el financiamiento, lo que les permitir\u00e1 continuar su labor con familias de v\u00edctimas de feminicidio en el pa\u00eds a abogadas, crimin\u00f3logas, psic\u00f3logas y al resto de su equipo multidisciplinario.&nbsp;<\/p>\n\n\n\n<p class=\"wp-block-paragraph\">Este 2025, el OCNF cumple 18 a\u00f1os, y lanza un llamado urgente para recaudar fondos que le permitan continuar su labor y fortalecer su capacidad de acompa\u00f1amiento legal, medi\u00e1tico y territorial frente a una crisis nacional que no da tregua. A trav\u00e9s de&nbsp; <a href=\"https:\/\/gofund.me\/096c775f\">GoFundMe<\/a>, el Observatorio recibe donativos para que la lucha no cese y puedan contribuir a garantizar a mujeres mexicanas una vida libre de violencia y a familiares de v\u00edctimas ayudarles a obtener justicia.&nbsp;<\/p>\n\n\n\n<p class=\"wp-block-paragraph\">Tu aportaci\u00f3n est\u00e1 protegida con una garant\u00eda de donaciones, que<strong> <\/strong>legitimiza tu concesi\u00f3n para que esta sea utilizada \u00edntegramente en la causa. Una vida sin violencia es mejor para todas y todos. Conoce la iniciativa y s\u00famate en este link: <a href=\"https:\/\/gofund.me\/5cf3530f\">https:\/\/gofund.me\/5cf3530f<\/a>&nbsp;<\/p>\n\n\n\n<p class=\"wp-block-paragraph\"><em>\u201cNo se trata de dinero. Se trata de que en M\u00e9xico ninguna mujer m\u00e1s sea asesinada y su muerte quede impune\u201d.&nbsp;<\/em><\/p>\n\n\n\n<figure class=\"wp-block-image\"><img decoding=\"async\" src=\"https:\/\/lh7-rt.googleusercontent.com\/docsz\/AD_4nXf9a2uMk34meEEMY7pPau0_lRmh7Q8cyTlBggs1yMwosA0bNiY7E325dszl4mu-zPtcrc3by7uDS9mwp8qvOzkyTGJ4UUAOn1z9spMGf5jR2IiiLfrASzURiuyjyTfEkSl_ncXY_w_RZEB58raCCQ?key=Xywhad4_qawaZ-7YtjyxkA\" alt=\"GoFundMe\"\/><\/figure>\n\n\n\n<p class=\"wp-block-paragraph\"><strong>Acerca de <\/strong><a href=\"http:\/\/www.gofundme.com\/es-mx\"><strong>GoFundMe<\/strong><\/a><\/p>\n\n\n\n<p class=\"wp-block-paragraph\">GoFundMe es una plataforma de recaudaci\u00f3n de fondos impulsada por la comunidad con la misi\u00f3n de ayudar a que las personas se ayuden entre s\u00ed. Fundada en 2010, GoFundMe combina el storytelling y la recaudaci\u00f3n de fondos para facilitar que las personas den y reciban ayuda, conecten con donantes y alcancen sus metas. GoFundMe brinda la oportunidad de marcar una diferencia significativa para las comunidades y causas que son m\u00e1s importantes, urgentes y relevantes para las personas y la sociedad.<\/p>\n\n\n\n<p class=\"wp-block-paragraph\">GoFundMe tiene numerosas capas de seguridad y m\u00faltiples controles y procesos para prevenir el uso indebido. Nuestros expertos en Confianza y Seguridad, as\u00ed como los equipos de Riesgo y Cumplimiento de clase mundial, trabajan las 24 hrs del d\u00eda para revisar las recaudaciones de fondo y prevenir cualquier tipo de mal uso, utilizando tecnolog\u00edas y datos de $800 mil millones en recaudaci\u00f3n y millones de donaciones, gracias a una comunidad global de 190 millones de personas, para detectar cualquier anomal\u00eda. Adem\u00e1s de nuestras verificaciones, nuestros socios bancarios realizan una segunda revisi\u00f3n y solamente cuando la persona u organizaci\u00f3n pasa estas verificaciones, el dinero se libera al beneficiario. La Garant\u00eda de Donaciones de GoFundMe ofrece un reembolso completo en el caso de que algo no est\u00e9 bien. Encuentra m\u00e1s informaci\u00f3n sobre nuestra garant\u00eda de donaciones <a href=\"https:\/\/www.gofundme.com\/es-mx\/c\/safety\/gofundme-guarantee\">en este enlace<\/a>.<\/p>\n\n\n\n<p class=\"wp-block-paragraph\">Lee las historias y las novedades de GoFundMe en <a href=\"https:\/\/www.instagram.com\/gofundmees\/\">Instagram<\/a>, <a href=\"https:\/\/whatsapp.com\/channel\/0029VasYtDv7j6g0HMFK202r\">WhatsApp<\/a> y <a href=\"https:\/\/www.facebook.com\/gofundme.es\">Facebook<\/a>.<\/p>\n\n\n\n<figure class=\"wp-block-image\"><img decoding=\"async\" src=\"https:\/\/lh7-rt.googleusercontent.com\/docsz\/AD_4nXchEyp0_-tJSXcB58k3aLU3S8wKgX0Fzq9u76Ov2WPPGhbnDfC2SlG0cR9QWjjZA5GRjX8XzHGttSqJEQ_tSKq522sfaARtGIIuWivB-wiPnseXziB0WBZi1mj7yRaU0l7f3wu-3KtTQRWurIVdjgs?key=Xywhad4_qawaZ-7YtjyxkA\" alt=\"\"\/><\/figure>\n","protected":false},"excerpt":{"rendered":"<p>Entre el 2015 a abril de 2025 se asesin\u00f3 a 34 mil 715 mujeres, adolescentes y ni\u00f1as\u00a0S\u00f3lo el 24.6 % de los casos se investigan como feminicidio, detalla la informaci\u00f3n recopilada por las activistas. Mayra Gabriela Mart\u00ednez Mart\u00ednez SemM\u00e9xico, Cd. de M\u00e9xico, 2 de julio, 2025.- En M\u00e9xico, 10 mujeres son asesinadas cada d\u00eda. A [&hellip;]<\/p>\n","protected":false},"author":3,"featured_media":96688,"comment_status":"open","ping_status":"open","sticky":false,"template":"","format":"standard","meta":{"_monsterinsights_skip_tracking":false,"footnotes":""},"categories":[48],"tags":[],"class_list":["post-96687","post","type-post","status-publish","format-standard","has-post-thumbnail","category-no-mas-impunidad-no-mas-impunidad"],"_links":{"self":[{"href":"https:\/\/redsemlac.com\/semmexico\/wp-json\/wp\/v2\/posts\/96687","targetHints":{"allow":["GET"]}}],"collection":[{"href":"https:\/\/redsemlac.com\/semmexico\/wp-json\/wp\/v2\/posts"}],"about":[{"href":"https:\/\/redsemlac.com\/semmexico\/wp-json\/wp\/v2\/types\/post"}],"author":[{"embeddable":true,"href":"https:\/\/redsemlac.com\/semmexico\/wp-json\/wp\/v2\/users\/3"}],"replies":[{"embeddable":true,"href":"https:\/\/redsemlac.com\/semmexico\/wp-json\/wp\/v2\/comments?post=96687"}],"version-history":[{"count":0,"href":"https:\/\/redsemlac.com\/semmexico\/wp-json\/wp\/v2\/posts\/96687\/revisions"}],"wp:featuredmedia":[{"embeddable":true,"href":"https:\/\/redsemlac.com\/semmexico\/wp-json\/wp\/v2\/media\/96688"}],"wp:attachment":[{"href":"https:\/\/redsemlac.com\/semmexico\/wp-json\/wp\/v2\/media?parent=96687"}],"wp:term":[{"taxonomy":"category","embeddable":true,"href":"https:\/\/redsemlac.com\/semmexico\/wp-json\/wp\/v2\/categories?post=96687"},{"taxonomy":"post_tag","embeddable":true,"href":"https:\/\/redsemlac.com\/semmexico\/wp-json\/wp\/v2\/tags?post=96687"}],"curies":[{"name":"wp","href":"https:\/\/api.w.org\/{rel}","templated":true}]}}