{"id":96678,"date":"2025-07-02T10:17:07","date_gmt":"2025-07-02T16:17:07","guid":{"rendered":"https:\/\/redsemlac.com\/semmexico\/?p=96678"},"modified":"2025-07-02T10:17:08","modified_gmt":"2025-07-02T16:17:08","slug":"incluir-a-las-mujeres-en-el-discurso-publico-el-objetivo-porque-el-lenguaje-no-es-neutral-hortensia-moreno-esparza","status":"publish","type":"post","link":"https:\/\/redsemlac.com\/semmexico\/incluir-a-las-mujeres-en-el-discurso-publico-el-objetivo-porque-el-lenguaje-no-es-neutral-hortensia-moreno-esparza\/","title":{"rendered":"Incluir a las mujeres en el discurso p\u00fablico, el objetivo, porque el lenguaje no es neutral: Hortensia Moreno Esparza"},"content":{"rendered":"\n<p class=\"wp-block-paragraph\"><\/p>\n\n\n\n<p class=\"wp-block-paragraph\">Durante el ciclo \u201cJunio, mes de la diversidad\u201d en el CEPE, la escritora ofreci\u00f3 una charla.\u00a0Foto: archivo\u00a0<em>Gaceta UNAM<\/em>.<\/p>\n\n\n\n<p class=\"wp-block-paragraph\">El masculino gen\u00e9rico tiene fallas,&nbsp; cuando&nbsp; las mujeres deben ser visibilizadas en el discurso p\u00fablico&nbsp;<\/p>\n\n\n\n<p class=\"wp-block-paragraph\">Los espacios p\u00fablicos, los medios de comunicaci\u00f3n y las instancias pol\u00edticas, con&nbsp; lenguaje incluyente se logr\u00f3&nbsp; gan\u00f3&nbsp; por presi\u00f3n social<\/p>\n\n\n\n<p class=\"wp-block-paragraph\">Nancy Guevara<\/p>\n\n\n\n<p class=\"wp-block-paragraph\">SemM\u00e9xico, Cd. de M\u00e9xico, 2 de julio, 2025.- Lo que las feministas soci\u00f3logas, fil\u00f3sofas, ling\u00fcistas, antrop\u00f3logas analizaron el lenguaje no es neutral, en el&nbsp; Centro de Ense\u00f1anza para Extranjeros (CEPE) de la UNAM.<\/p>\n\n\n\n<p class=\"wp-block-paragraph\">En ese espacio se&nbsp; realiz\u00f3 un ciclo de charlas \u201cJunio, mes de la diversidad\u201d, con la firme intenci\u00f3n de abrir el di\u00e1logo en torno a la comunidad LGBTIQ+ y los temas de g\u00e9nero.<\/p>\n\n\n\n<p class=\"wp-block-paragraph\">En la primera charla&nbsp; la periodista y doctora en Ciencias Sociales \u2013con especialidad en Mujer y relaciones de g\u00e9nero\u2013 Hortensia Moreno Esparza habl\u00f3 de&nbsp; \u201cLa disputa por el lenguaje incluyente\u201d, donde reconoci\u00f3 la importancia de incluir a las mujeres en el discurso p\u00fablico.<\/p>\n\n\n\n<p class=\"wp-block-paragraph\">\u201cEsto tiene implicaciones ling\u00fc\u00edsticas, pragm\u00e1ticas, gramaticales, incluso fon\u00e9ticas. Es decir, tiene que ver con las formas en las que hablamos, en las que se comunica en el espacio p\u00fablico, y responde a una larga historia de exclusi\u00f3n, discriminaci\u00f3n y negativa para que las mujeres participaran en el \u00e1mbito p\u00fablico que se ha reflejado en el lenguaje\u201d, reconoci\u00f3 la investigadora y escritora.<\/p>\n\n\n\n<figure class=\"wp-block-image\"><img decoding=\"async\" src=\"https:\/\/lh7-rt.googleusercontent.com\/docsz\/AD_4nXcgzmt-fAQVwRQvC2ByFTwTxq7MN_--sTIOtS75YBEgfUF3tXjD55wpqRPf_V4mBaJw31tMhb5OfxrElMr-stSMTeZMcTsdHg2IvObuxMKlZmdiwfnbKNwSY7lfkyueOp4-yrcVB_F9lzRxxGTYmg?key=zYrGYSPn5l9rq3_dieV5Bg\" alt=\"Hortensia Moreno | Cuentos para la infancia | El Podcast de ...\"\/><\/figure>\n\n\n\n<p class=\"wp-block-paragraph\">La tambi\u00e9n directora de Debate Feminista&nbsp; intercambi\u00f3&nbsp; ideas en torno al buen uso del lenguaje,&nbsp; reconoci\u00f3 que los movimientos feministas han luchado por a\u00f1os para erradicar los estereotipos en la lengua en torno a las mujeres, pues advierte que ellas est\u00e1n siempre representadas por el lugar que ocupan en la familia, si est\u00e1n casadas, y a nivel lexicogr\u00e1fico los sustantivos femeninos suelen estar sexualizados.<\/p>\n\n\n\n<p class=\"wp-block-paragraph\">Por otra parte, afirm\u00f3 que hay espacios p\u00fablicos, como los medios de comunicaci\u00f3n y las instancias pol\u00edticas, donde el lenguaje incluyente ha ido ganando terreno por presi\u00f3n social, y esto permite abrir el radio de acci\u00f3n a la inclusi\u00f3n ling\u00fc\u00edstica.<\/p>\n\n\n\n<p class=\"wp-block-paragraph\">Al cuestionarla sobre la resistencia al uso de este lenguaje incluyente, Moreno Esparza dijo que hay cerca de 600 millones de hablantes del espa\u00f1ol, y en muchas ocasiones los argumentos para no utilizar el lenguaje incluyente son sobre la pureza del lenguaje.<\/p>\n\n\n\n<p class=\"wp-block-paragraph\">\u201cLa defensa que se hace para no utilizar el lenguaje incluyente siempre va dirigida a no ensuciar el espa\u00f1ol, que se reconoce como un bien com\u00fan, donde no quieren que se destroce; pero no advierten que el influjo de la vida social nos va dando cambios. Y a veces no se entiende que el espa\u00f1ol no es un monolito, sino un mosaico enorme y precioso de variantes\u201d.<\/p>\n\n\n\n<figure class=\"wp-block-image\"><img decoding=\"async\" src=\"https:\/\/lh7-rt.googleusercontent.com\/docsz\/AD_4nXc80hR2-hosXoVzUhvgDAFcdp2smocV_Kin7GoMHbFmAaekqyeAlAQuK9NIXKY5LMPC1k4x5tyqKJCxiFaek2PhhMZaKzKTSqWexGWP_0xepTnRmu7ObYjH3JyZJZE8NBoehPALczXetdFYB7CxW1c?key=zYrGYSPn5l9rq3_dieV5Bg\" alt=\"Anel P\u00e9rez \u2013 Facultad de Filosof\u00eda y Letras\"\/><\/figure>\n\n\n\n<p class=\"wp-block-paragraph\">En su oportunidad, la directora del CEPE, Anel P\u00e9rez&nbsp; Mart\u00ednez , asever\u00f3 que la sociedad ha ganado este espacio para abrir el di\u00e1logo en torno a uno de los temas m\u00e1s complejos y pertinentes, as\u00ed como una de las revoluciones m\u00e1s contundentes en las \u00faltimas d\u00e9cadas, como lo es la mirada a la diversidad.<\/p>\n\n\n\n<p class=\"wp-block-paragraph\">\u201cSiendo \u00e9ste un centro de ense\u00f1anza para extranjeros, y donde se ense\u00f1a el espa\u00f1ol y la cultura mexicana, es oportuno y necesario el debate en lo que respecta al g\u00e9nero y la pertinencia de utilizar el lenguaje incluyente y estos esquemas que pueden causar inconveniencia. Para nosotros es fundamental entender en qu\u00e9 momento es conveniente su uso\u201d, afirm\u00f3.<\/p>\n\n\n\n<p class=\"wp-block-paragraph\">Cabe destacar que durante junio se llevaron a cabo en el Auditorio Jos\u00e9 Vasconcelos otras charlas sobre g\u00e9nero, diversidad, arte y feminismo: \u201cCelebrando la diversidad: Teor\u00eda&nbsp;<em>queer<\/em>&nbsp;e interculturalidad\u201d, por Rogelio Laguna; \u201cPersona es algo que dice nosotros\u201d, por Yol Segura, y \u201cFrida Kahlo y el arte feminista y sexodisidente de los a\u00f1os ochenta\u201d, por Luis Vargas.<\/p>\n\n\n\n<figure class=\"wp-block-image\"><img decoding=\"async\" src=\"https:\/\/lh7-rt.googleusercontent.com\/docsz\/AD_4nXc_JC359VM6CNcSHYbtprX-WQzFNCesoDLYBiC25Lmqfu5hH-Ki4J7tjU2id01WdFu7F6Dqw3MtSGFdMgR8G4xrVU7o4Q5PUWtcbzQ7rdGREMq49e_gQ_LOawi-aD05JqJPBpYx_g4-1QeGqlbeBhE?key=zYrGYSPn5l9rq3_dieV5Bg\" alt=\"Un dibujo de una persona\n\nEl contenido generado por IA puede ser incorrecto.\"\/><\/figure>\n","protected":false},"excerpt":{"rendered":"<p>Durante el ciclo \u201cJunio, mes de la diversidad\u201d en el CEPE, la escritora ofreci\u00f3 una charla.\u00a0Foto: archivo\u00a0Gaceta UNAM. El masculino gen\u00e9rico tiene fallas,&nbsp; cuando&nbsp; las mujeres deben ser visibilizadas en el discurso p\u00fablico&nbsp; Los espacios p\u00fablicos, los medios de comunicaci\u00f3n y las instancias pol\u00edticas, con&nbsp; lenguaje incluyente se logr\u00f3&nbsp; gan\u00f3&nbsp; por presi\u00f3n social Nancy Guevara [&hellip;]<\/p>\n","protected":false},"author":3,"featured_media":96679,"comment_status":"open","ping_status":"open","sticky":false,"template":"","format":"standard","meta":{"_monsterinsights_skip_tracking":false,"footnotes":""},"categories":[748],"tags":[],"class_list":["post-96678","post","type-post","status-publish","format-standard","has-post-thumbnail","category-cultura-feminista"],"_links":{"self":[{"href":"https:\/\/redsemlac.com\/semmexico\/wp-json\/wp\/v2\/posts\/96678","targetHints":{"allow":["GET"]}}],"collection":[{"href":"https:\/\/redsemlac.com\/semmexico\/wp-json\/wp\/v2\/posts"}],"about":[{"href":"https:\/\/redsemlac.com\/semmexico\/wp-json\/wp\/v2\/types\/post"}],"author":[{"embeddable":true,"href":"https:\/\/redsemlac.com\/semmexico\/wp-json\/wp\/v2\/users\/3"}],"replies":[{"embeddable":true,"href":"https:\/\/redsemlac.com\/semmexico\/wp-json\/wp\/v2\/comments?post=96678"}],"version-history":[{"count":0,"href":"https:\/\/redsemlac.com\/semmexico\/wp-json\/wp\/v2\/posts\/96678\/revisions"}],"wp:featuredmedia":[{"embeddable":true,"href":"https:\/\/redsemlac.com\/semmexico\/wp-json\/wp\/v2\/media\/96679"}],"wp:attachment":[{"href":"https:\/\/redsemlac.com\/semmexico\/wp-json\/wp\/v2\/media?parent=96678"}],"wp:term":[{"taxonomy":"category","embeddable":true,"href":"https:\/\/redsemlac.com\/semmexico\/wp-json\/wp\/v2\/categories?post=96678"},{"taxonomy":"post_tag","embeddable":true,"href":"https:\/\/redsemlac.com\/semmexico\/wp-json\/wp\/v2\/tags?post=96678"}],"curies":[{"name":"wp","href":"https:\/\/api.w.org\/{rel}","templated":true}]}}