{"id":96632,"date":"2025-06-30T20:33:56","date_gmt":"2025-07-01T02:33:56","guid":{"rendered":"https:\/\/redsemlac.com\/semmexico\/?p=96632"},"modified":"2025-06-30T20:34:28","modified_gmt":"2025-07-01T02:34:28","slug":"grave-accion-de-la-fiscalia-de-oaxaca-tarda-cuatro-meses-en-activar-alerta-amber","status":"publish","type":"post","link":"https:\/\/redsemlac.com\/semmexico\/grave-accion-de-la-fiscalia-de-oaxaca-tarda-cuatro-meses-en-activar-alerta-amber\/","title":{"rendered":"Grave acci\u00f3n de la Fiscal\u00eda de Oaxaca, tarda cuatro meses en activar Alerta Amber"},"content":{"rendered":"\n<ul class=\"wp-block-list\">\n<li>Ruth Milagros desapareci\u00f3 en Tuxtepec, denuncian otras omisiones de la instituci\u00f3n<\/li>\n<\/ul>\n\n\n\n<ul class=\"wp-block-list\">\n<li>La menor desapareci\u00f3 el 16 de noviembre de 2024, la aleta fue activada hasta el 13 de marzo de 2025<\/li>\n<\/ul>\n\n\n\n<p class=\"wp-block-paragraph\">Roc\u00edo Flores<\/p>\n\n\n\n<p class=\"wp-block-paragraph\">SemM\u00e9xico\/OaxacaMedia, Oaxaca, 30 de junio, 2025.- Cuatro meses despu\u00e9s de la desaparici\u00f3n de la adolescente Ruth Milagros Hern\u00e1ndez Armas, en Tuxtepec, Oaxaca, la Fiscal\u00eda de Tuxtepec emiti\u00f3 la Alerta Amber para su localizaci\u00f3n, una demora que para organizaciones sociales y familiares es considerada como una omisi\u00f3n grave, pues la alerta debe activarse inmediatamente despu\u00e9s de que se reporta la desaparici\u00f3n de un ni\u00f1o, ni\u00f1a o adolescente ya que pueden estar en peligro.<\/p>\n\n\n\n<p class=\"wp-block-paragraph\">Alejandrina Hern\u00e1ndez Armas explica que su hermana desapareci\u00f3 el 16 de noviembre de 2024 alrededor de las 20 horas y desde esa fecha no la ha vuelto a ver. Ese d\u00eda su madre acudi\u00f3 a la Unidad de B\u00fasqueda de Personas Desaparecidas y No Localizadas de la Fiscal\u00eda de Tuxtepec.<\/p>\n\n\n\n<p class=\"wp-block-paragraph\">\u201cSe abri\u00f3 una carpeta de investigaci\u00f3n en la que se aportaron datos importantes para la investigaci\u00f3n y sobre los posibles responsables de la desaparici\u00f3n de Ruth\u201d, detalla, sin embargo, la Fiscal\u00eda retras\u00f3 la activaci\u00f3n se hasta el 13 de marzo de 2025 y no investig\u00f3 a quien fue se\u00f1alado como presunto responsable de la desaparici\u00f3n de su hija.<\/p>\n\n\n\n<p class=\"wp-block-paragraph\">La familia se\u00f1al\u00f3 desde esa fecha como responsable a \u00c1ngel B. L de aproximadamente 24 a\u00f1os, pues fue en su domicilio ubicado en 7 Poniente 16, San Juan Bautista Tuxtepec, donde se encontr\u00f3 una prenda de Ruth.&nbsp;<\/p>\n\n\n\n<p class=\"wp-block-paragraph\">Por ello, denuncia omisi\u00f3n y negligencia de la agente del Ministerio P\u00fablico de Tuxtepec, Estefany Avenda\u00f1o Gonz\u00e1lez y el agente estatal Cornelio Cruz C. quienes ten\u00edan conocimiento de los hechos, tuvieron a la vista al presunto agresor y al padre del presunto responsable, y a pesar de eso no integraron las pruebas aportadas y no los investigaron, ahora no hay rastro de quienes podr\u00edan estar involucrados en la desaparici\u00f3n de Ruth.<\/p>\n\n\n\n<p class=\"wp-block-paragraph\">\u201cMi familia est\u00e1 rota porque a mi ni\u00f1a de 14 a\u00f1os se la llevaron y este duelo de cada d\u00eda me carcome la vida\u201d: Anastacia Armas Mart\u00ednez, madre de Ruth.<\/p>\n\n\n\n<p class=\"wp-block-paragraph\">Maurilio Santiago Reyes, del Centro de Derechos Humanos y Asesor\u00eda a Pueblos Ind\u00edgenas (Cedhapi ) A.C., organismo que acompa\u00f1a a la familia, lament\u00f3 que en las fiscal\u00edas de las regiones, sobre todo en lugares lejanos de Tuxtepec, la Mixteca y el Istmo, los agentes del ministerio P\u00fablico no hagan investigaci\u00f3n, a pesar de que existe una fiscal\u00eda especializada.<\/p>\n\n\n\n<p class=\"wp-block-paragraph\">\u201cTuxtepec es un lugar donde han habido muchas desapariciones de personas, existe grupos delincuenciales que tienen diversos giros, no descartamos la trata de personas\u2026 Hemos revisado otros casos que nos llevan a esa l\u00ednea, las enamoran, las seducen, y despu\u00e9s las entregan\u2026\u201d, a\u00f1ade Maurilio Reyes.<\/p>\n\n\n\n<p class=\"wp-block-paragraph\">En coincidencia, Nizayeejh Ch\u00e1vez del colectivo de Derechos Humanos COJUDIDI, coment\u00f3 que existen patrones similares en algunas desapariciones reportadas, y en el caso del presunto responsable de Ruth, Angel B. L. hay indicadores de que pudiera haber establecido relaci\u00f3n con otras j\u00f3venes y as\u00ed tambi\u00e9n hay otros similares que pudieran estar relacionados con redes de trata con fines sexuales.<\/p>\n\n\n\n<p class=\"wp-block-paragraph\">La abogada de Cedhapi, Miriam Velasco destac\u00f3 que las cifras de desapariciones en el pa\u00eds son alarmantes, hay m\u00e1s de 100 mil personas desaparecidas, para el caso de Oaxaca, dijo, el Informe Nacional de Personas Desaparecidas&nbsp; reportaba en 2023, 620 desapariciones; en 2024, 730 personas&nbsp; desaparecidas; y en 2025, 760 personas desaparecidas, \u201clo que m\u00e1s llama la atenci\u00f3n es que se ha incrementado en un 18 por ciento la desaparici\u00f3n de ni\u00f1as ni\u00f1os y adolescentes y mujeres espec\u00edficamente\u201d.<\/p>\n\n\n\n<p class=\"wp-block-paragraph\">SEM-OM\/rf<\/p>\n\n\n\n<p class=\"wp-block-paragraph\"><\/p>\n","protected":false},"excerpt":{"rendered":"<p>Roc\u00edo Flores SemM\u00e9xico\/OaxacaMedia, Oaxaca, 30 de junio, 2025.- Cuatro meses despu\u00e9s de la desaparici\u00f3n de la adolescente Ruth Milagros Hern\u00e1ndez Armas, en Tuxtepec, Oaxaca, la Fiscal\u00eda de Tuxtepec emiti\u00f3 la Alerta Amber para su localizaci\u00f3n, una demora que para organizaciones sociales y familiares es considerada como una omisi\u00f3n grave, pues la alerta debe activarse inmediatamente [&hellip;]<\/p>\n","protected":false},"author":3,"featured_media":96633,"comment_status":"open","ping_status":"open","sticky":false,"template":"","format":"standard","meta":{"_monsterinsights_skip_tracking":false,"footnotes":""},"categories":[700],"tags":[],"class_list":["post-96632","post","type-post","status-publish","format-standard","has-post-thumbnail","category-estados"],"_links":{"self":[{"href":"https:\/\/redsemlac.com\/semmexico\/wp-json\/wp\/v2\/posts\/96632","targetHints":{"allow":["GET"]}}],"collection":[{"href":"https:\/\/redsemlac.com\/semmexico\/wp-json\/wp\/v2\/posts"}],"about":[{"href":"https:\/\/redsemlac.com\/semmexico\/wp-json\/wp\/v2\/types\/post"}],"author":[{"embeddable":true,"href":"https:\/\/redsemlac.com\/semmexico\/wp-json\/wp\/v2\/users\/3"}],"replies":[{"embeddable":true,"href":"https:\/\/redsemlac.com\/semmexico\/wp-json\/wp\/v2\/comments?post=96632"}],"version-history":[{"count":0,"href":"https:\/\/redsemlac.com\/semmexico\/wp-json\/wp\/v2\/posts\/96632\/revisions"}],"wp:featuredmedia":[{"embeddable":true,"href":"https:\/\/redsemlac.com\/semmexico\/wp-json\/wp\/v2\/media\/96633"}],"wp:attachment":[{"href":"https:\/\/redsemlac.com\/semmexico\/wp-json\/wp\/v2\/media?parent=96632"}],"wp:term":[{"taxonomy":"category","embeddable":true,"href":"https:\/\/redsemlac.com\/semmexico\/wp-json\/wp\/v2\/categories?post=96632"},{"taxonomy":"post_tag","embeddable":true,"href":"https:\/\/redsemlac.com\/semmexico\/wp-json\/wp\/v2\/tags?post=96632"}],"curies":[{"name":"wp","href":"https:\/\/api.w.org\/{rel}","templated":true}]}}