{"id":96598,"date":"2025-06-30T19:52:26","date_gmt":"2025-07-01T01:52:26","guid":{"rendered":"https:\/\/redsemlac.com\/semmexico\/?p=96598"},"modified":"2025-06-30T20:23:17","modified_gmt":"2025-07-01T02:23:17","slug":"comunidad-lgbtq-se-alista-para-la-coronacion-del-movimiento-en-el-zocalo","status":"publish","type":"post","link":"https:\/\/redsemlac.com\/semmexico\/comunidad-lgbtq-se-alista-para-la-coronacion-del-movimiento-en-el-zocalo\/","title":{"rendered":"Comunidad LGBTQ+ se alista para la coronaci\u00f3n del movimiento en el Z\u00f3calo"},"content":{"rendered":"\n<p class=\"wp-block-paragraph\">Los integrantes de la comunidad LGBTTTIQ+ salieron este s\u00e1bado a las calles para&nbsp;visibilizar su lucha contra la discriminaci\u00f3n \/ Foto: Daniel Galeana \/ El Sol de M\u00e9xico<\/p>\n\n\n\n<p class=\"wp-block-paragraph\">De acuerdo con el gobierno capitalino, 800 mil personas participaron en esta edici\u00f3n de la&nbsp;marcha del orgullo<\/p>\n\n\n\n<p class=\"wp-block-paragraph\">Montserrat Maldonado<\/p>\n\n\n\n<p class=\"wp-block-paragraph\">SemM\u00e9xico, Cd. de M\u00e9xico, 30 de junio, 2025.- Despu\u00e9s de un recorrido que inici\u00f3 en el&nbsp;\u00c1ngel de la Independencia,&nbsp;<strong>cientos de asistentes a la marcha LGBTIQ+ llegaron a la&nbsp;<\/strong><strong>plancha del z\u00f3calo para culminar la celebraci\u00f3n del D\u00eda del Orgullo Gay&nbsp;<\/strong>que se&nbsp;conmemor\u00f3 este s\u00e1bado 28 de junio.<\/p>\n\n\n\n<p class=\"wp-block-paragraph\">En la&nbsp;<strong>Ciudad de M\u00e9xico<\/strong>, desde muy temprano los contingentes comenzaron reunirse en&nbsp;el \u00c1ngel de la Independencia previo a su&nbsp;<strong>avance por las principales arterias de la&nbsp;<\/strong><strong>ciudad rumbo al z\u00f3calo capitalino,&nbsp;<\/strong>donde se coron\u00f3 al<strong>&nbsp;rey y la reyna del Orgullo<\/strong>. Los&nbsp;asistentes portaban banderas LGBTIQ+, as\u00ed como de otras identidades de g\u00e9nero.<\/p>\n\n\n\n<p class=\"wp-block-paragraph\">Con pancartas, atuendos y m\u00fasica, las personas<strong>&nbsp;celebran la diversidad<\/strong>&nbsp;y al mismo&nbsp;tiempo, piden un&nbsp;<strong>alto a la violencia contra los grupos vulnerables.<\/strong><\/p>\n\n\n\n<p class=\"wp-block-paragraph\">De acuerdo con el Gobierno de la CDMX, 800 mil personas participaron en la 47 edici\u00f3n&nbsp;de la marcha del orgullo.<\/p>\n\n\n\n<p class=\"wp-block-paragraph\">Diversidades exigen que Senado atienda a la comunidad LGBTTTIAQ<\/p>\n\n\n\n<p class=\"wp-block-paragraph\">Durante la 47&nbsp;<strong>marcha del orgullo LGBTIQ+,<\/strong>&nbsp;colectivos de la CDMX&nbsp;<strong>realizaron una&nbsp;<\/strong><strong>protesta afuera del Senado de la Rep\u00fablica.<\/strong><\/p>\n\n\n\n<p class=\"wp-block-paragraph\">Al grito de&nbsp;<strong>\u201clas vidas trans importan\u201d<\/strong>, Victoria S\u00e1mano, activista y trabajadora&nbsp;sexual,&nbsp;<strong>asegur\u00f3 que al Senado \u201cle han valido madre las vidas de la diversidad\u201d.<\/strong><\/p>\n\n\n\n<figure class=\"wp-block-image size-large\"><a href=\"https:\/\/redsemlac.com\/semmexico\/wp-content\/uploads\/2025\/06\/Screenshot_20250630-193355.Word-1.png\"><img loading=\"lazy\" decoding=\"async\" width=\"1024\" height=\"561\" src=\"https:\/\/redsemlac.com\/semmexico\/wp-content\/uploads\/2025\/06\/Screenshot_20250630-193355.Word-1-1024x561.png\" alt=\"\" class=\"wp-image-96600\" srcset=\"https:\/\/redsemlac.com\/semmexico\/wp-content\/uploads\/2025\/06\/Screenshot_20250630-193355.Word-1-1024x561.png 1024w, https:\/\/redsemlac.com\/semmexico\/wp-content\/uploads\/2025\/06\/Screenshot_20250630-193355.Word-1-300x164.png 300w, https:\/\/redsemlac.com\/semmexico\/wp-content\/uploads\/2025\/06\/Screenshot_20250630-193355.Word-1-768x420.png 768w, https:\/\/redsemlac.com\/semmexico\/wp-content\/uploads\/2025\/06\/Screenshot_20250630-193355.Word-1-150x82.png 150w, https:\/\/redsemlac.com\/semmexico\/wp-content\/uploads\/2025\/06\/Screenshot_20250630-193355.Word-1-696x381.png 696w, https:\/\/redsemlac.com\/semmexico\/wp-content\/uploads\/2025\/06\/Screenshot_20250630-193355.Word-1-1068x585.png 1068w, https:\/\/redsemlac.com\/semmexico\/wp-content\/uploads\/2025\/06\/Screenshot_20250630-193355.Word-1.png 1160w\" sizes=\"auto, (max-width: 1024px) 100vw, 1024px\" \/><\/a><\/figure>\n\n\n\n<p class=\"wp-block-paragraph\">La comunidad LGBTQ+ protest\u00f3 en el Senado por los transfeminicidios en el pa\u00eds. \/ Foto:&nbsp;Montserat Maldonado \/ El Sol de M\u00e9xico<\/p>\n\n\n\n<p class=\"wp-block-paragraph\">\u201cPero&nbsp;<strong>nosotras estamos aqu\u00ed para exigirle a las autoridades&nbsp;<\/strong>que<strong>&nbsp;respeten nuestros&nbsp;<\/strong><strong>derechos<\/strong>&nbsp;y de ahora en adelante&nbsp;<strong>los vamos a obligar a escuchar<\/strong>\u201d, agreg\u00f3.<\/p>\n\n\n\n<p class=\"wp-block-paragraph\">Sobre avenida Reforma,&nbsp;<strong>los asistentes a la marcha quitaron las fotograf\u00edas que se&nbsp;<\/strong><strong>encontraban en las rejas del Senado<\/strong>&nbsp;y en su lugar&nbsp;<strong>escribieron frases como \u201cla polic\u00eda&nbsp;<\/strong><strong>no me cuida, me cuidan mis hermanas\u201d&nbsp;<\/strong>y \u201c Estado transfeminicida\u201d.<\/p>\n\n\n\n<figure class=\"wp-block-image size-large\"><a href=\"https:\/\/redsemlac.com\/semmexico\/wp-content\/uploads\/2025\/06\/Screenshot_20250630-193359.Word-1.png\"><img loading=\"lazy\" decoding=\"async\" width=\"1024\" height=\"569\" src=\"https:\/\/redsemlac.com\/semmexico\/wp-content\/uploads\/2025\/06\/Screenshot_20250630-193359.Word-1-1024x569.png\" alt=\"\" class=\"wp-image-96601\" srcset=\"https:\/\/redsemlac.com\/semmexico\/wp-content\/uploads\/2025\/06\/Screenshot_20250630-193359.Word-1-1024x569.png 1024w, https:\/\/redsemlac.com\/semmexico\/wp-content\/uploads\/2025\/06\/Screenshot_20250630-193359.Word-1-300x167.png 300w, https:\/\/redsemlac.com\/semmexico\/wp-content\/uploads\/2025\/06\/Screenshot_20250630-193359.Word-1-768x427.png 768w, https:\/\/redsemlac.com\/semmexico\/wp-content\/uploads\/2025\/06\/Screenshot_20250630-193359.Word-1-150x83.png 150w, https:\/\/redsemlac.com\/semmexico\/wp-content\/uploads\/2025\/06\/Screenshot_20250630-193359.Word-1-696x387.png 696w, https:\/\/redsemlac.com\/semmexico\/wp-content\/uploads\/2025\/06\/Screenshot_20250630-193359.Word-1-1068x594.png 1068w, https:\/\/redsemlac.com\/semmexico\/wp-content\/uploads\/2025\/06\/Screenshot_20250630-193359.Word-1.png 1173w\" sizes=\"auto, (max-width: 1024px) 100vw, 1024px\" \/><\/a><\/figure>\n\n\n\n<p class=\"wp-block-paragraph\">Al grito de \u00ablas diversidades que asesinaste no morir\u00e1n\u00bb, la comunidad LGBTIQ+ protesta&nbsp;en el Senado. \/ Foto: Montserat Maldonado \/ El Sol de M\u00e9xico<\/p>\n\n\n\n<p class=\"wp-block-paragraph\">Adem\u00e1s,&nbsp;<strong>quemaron las im\u00e1genes que hab\u00edan sido retiradas mientras exig\u00edan&nbsp;<\/strong><strong>justicia<\/strong>&nbsp;por las personas de la comunidad asesinadas como Alessa Flores, activista por el&nbsp;trabajo sexual.<\/p>\n\n\n\n<p class=\"wp-block-paragraph\">Bajo la consigna de \u201ccrimen pasional, mentira nacional\u201d se record\u00f3 a le magistrade Ociel&nbsp;Baena.<\/p>\n\n\n\n<figure class=\"wp-block-image size-large\"><a href=\"https:\/\/redsemlac.com\/semmexico\/wp-content\/uploads\/2025\/06\/Screenshot_20250630-193405.Word-1.png\"><img loading=\"lazy\" decoding=\"async\" width=\"1024\" height=\"585\" src=\"https:\/\/redsemlac.com\/semmexico\/wp-content\/uploads\/2025\/06\/Screenshot_20250630-193405.Word-1-1024x585.png\" alt=\"\" class=\"wp-image-96602\" srcset=\"https:\/\/redsemlac.com\/semmexico\/wp-content\/uploads\/2025\/06\/Screenshot_20250630-193405.Word-1-1024x585.png 1024w, https:\/\/redsemlac.com\/semmexico\/wp-content\/uploads\/2025\/06\/Screenshot_20250630-193405.Word-1-300x171.png 300w, https:\/\/redsemlac.com\/semmexico\/wp-content\/uploads\/2025\/06\/Screenshot_20250630-193405.Word-1-768x439.png 768w, https:\/\/redsemlac.com\/semmexico\/wp-content\/uploads\/2025\/06\/Screenshot_20250630-193405.Word-1-150x86.png 150w, https:\/\/redsemlac.com\/semmexico\/wp-content\/uploads\/2025\/06\/Screenshot_20250630-193405.Word-1-696x398.png 696w, https:\/\/redsemlac.com\/semmexico\/wp-content\/uploads\/2025\/06\/Screenshot_20250630-193405.Word-1-1068x610.png 1068w, https:\/\/redsemlac.com\/semmexico\/wp-content\/uploads\/2025\/06\/Screenshot_20250630-193405.Word-1.png 1176w\" sizes=\"auto, (max-width: 1024px) 100vw, 1024px\" \/><\/a><\/figure>\n\n\n\n<p class=\"wp-block-paragraph\">Activistas protestan en el Senado por la violencia a la comunidad LGBTQ+ \/ Foto:&nbsp;Montserat Maldonado \/ El Sol de M\u00e9xico<\/p>\n\n\n\n<p class=\"wp-block-paragraph\"><strong>As\u00ed se vivi\u00f3 la Marcha del Orgullo en CDMX<\/strong><\/p>\n\n\n\n<p class=\"wp-block-paragraph\">Durante la marcha del&nbsp;<strong>Orgullo LGBTTTIAQ<\/strong>&nbsp;y m\u00e1s, colectivos exigieron respeto y&nbsp;reconocimiento a sus derechos humanos.<\/p>\n\n\n\n<figure class=\"wp-block-gallery has-nested-images columns-default is-cropped wp-block-gallery-1 is-layout-flex wp-block-gallery-is-layout-flex\">\n<figure class=\"wp-block-image size-large\"><a href=\"https:\/\/redsemlac.com\/semmexico\/wp-content\/uploads\/2025\/06\/Screenshot_20250630-193409.Word-1.png\"><img loading=\"lazy\" decoding=\"async\" width=\"1024\" height=\"742\" data-id=\"96603\" src=\"https:\/\/redsemlac.com\/semmexico\/wp-content\/uploads\/2025\/06\/Screenshot_20250630-193409.Word-1-1024x742.png\" alt=\"\" class=\"wp-image-96603\" srcset=\"https:\/\/redsemlac.com\/semmexico\/wp-content\/uploads\/2025\/06\/Screenshot_20250630-193409.Word-1-1024x742.png 1024w, https:\/\/redsemlac.com\/semmexico\/wp-content\/uploads\/2025\/06\/Screenshot_20250630-193409.Word-1-300x217.png 300w, https:\/\/redsemlac.com\/semmexico\/wp-content\/uploads\/2025\/06\/Screenshot_20250630-193409.Word-1-768x556.png 768w, https:\/\/redsemlac.com\/semmexico\/wp-content\/uploads\/2025\/06\/Screenshot_20250630-193409.Word-1-150x109.png 150w, https:\/\/redsemlac.com\/semmexico\/wp-content\/uploads\/2025\/06\/Screenshot_20250630-193409.Word-1-696x504.png 696w, https:\/\/redsemlac.com\/semmexico\/wp-content\/uploads\/2025\/06\/Screenshot_20250630-193409.Word-1-1068x774.png 1068w, https:\/\/redsemlac.com\/semmexico\/wp-content\/uploads\/2025\/06\/Screenshot_20250630-193409.Word-1.png 1168w\" sizes=\"auto, (max-width: 1024px) 100vw, 1024px\" \/><\/a><\/figure>\n\n\n\n<figure class=\"wp-block-image size-large\"><a href=\"https:\/\/redsemlac.com\/semmexico\/wp-content\/uploads\/2025\/06\/Screenshot_20250630-193417.Word-1.png\"><img loading=\"lazy\" decoding=\"async\" width=\"1024\" height=\"762\" data-id=\"96604\" src=\"https:\/\/redsemlac.com\/semmexico\/wp-content\/uploads\/2025\/06\/Screenshot_20250630-193417.Word-1-1024x762.png\" alt=\"\" class=\"wp-image-96604\" srcset=\"https:\/\/redsemlac.com\/semmexico\/wp-content\/uploads\/2025\/06\/Screenshot_20250630-193417.Word-1-1024x762.png 1024w, https:\/\/redsemlac.com\/semmexico\/wp-content\/uploads\/2025\/06\/Screenshot_20250630-193417.Word-1-300x223.png 300w, https:\/\/redsemlac.com\/semmexico\/wp-content\/uploads\/2025\/06\/Screenshot_20250630-193417.Word-1-768x571.png 768w, https:\/\/redsemlac.com\/semmexico\/wp-content\/uploads\/2025\/06\/Screenshot_20250630-193417.Word-1-150x112.png 150w, https:\/\/redsemlac.com\/semmexico\/wp-content\/uploads\/2025\/06\/Screenshot_20250630-193417.Word-1-485x360.png 485w, https:\/\/redsemlac.com\/semmexico\/wp-content\/uploads\/2025\/06\/Screenshot_20250630-193417.Word-1-696x518.png 696w, https:\/\/redsemlac.com\/semmexico\/wp-content\/uploads\/2025\/06\/Screenshot_20250630-193417.Word-1-1068x795.png 1068w, https:\/\/redsemlac.com\/semmexico\/wp-content\/uploads\/2025\/06\/Screenshot_20250630-193417.Word-1.png 1176w\" sizes=\"auto, (max-width: 1024px) 100vw, 1024px\" \/><\/a><\/figure>\n<\/figure>\n\n\n\n<p class=\"wp-block-paragraph\">Sin miedo al qu\u00e9 dir\u00e1n, los asistentes lucieron prendas extravagantes y llenas de brillo &#8211;&nbsp;Foto: Daniel Galeana \/ El Sol de M\u00e9xico<\/p>\n\n\n<div class=\"wp-block-image\">\n<figure class=\"aligncenter size-full is-resized\"><a href=\"https:\/\/redsemlac.com\/semmexico\/wp-content\/uploads\/2025\/06\/marcha-25.jpg\"><img loading=\"lazy\" decoding=\"async\" width=\"240\" height=\"180\" src=\"https:\/\/redsemlac.com\/semmexico\/wp-content\/uploads\/2025\/06\/marcha-25.jpg\" alt=\"\" class=\"wp-image-96623\" style=\"width:382px;height:auto\" srcset=\"https:\/\/redsemlac.com\/semmexico\/wp-content\/uploads\/2025\/06\/marcha-25.jpg 240w, https:\/\/redsemlac.com\/semmexico\/wp-content\/uploads\/2025\/06\/marcha-25-150x113.jpg 150w\" sizes=\"auto, (max-width: 240px) 100vw, 240px\" \/><\/a><\/figure>\n<\/div>\n\n\n<p class=\"wp-block-paragraph\">Algunos asistentes luc\u00edan como sacados de un&nbsp;cuento de hadas &#8211; Foto: Daniel Galeana \/ El Sol de M\u00e9xico<\/p>\n\n\n\n<figure class=\"wp-block-embed is-type-rich is-provider-twitter wp-block-embed-twitter\"><div class=\"wp-block-embed__wrapper\">\n<blockquote class=\"twitter-tweet\" data-width=\"550\" data-dnt=\"true\"><p lang=\"es\" dir=\"ltr\">\ud83c\udff3\ufe0f\u200d\u26a7\ufe0fMujeres trans tambi\u00e9n est\u00e1n presentes en esta <a href=\"https:\/\/twitter.com\/hashtag\/MarchaDelOrgullo2025?src=hash&amp;ref_src=twsrc%5Etfw\">#MarchaDelOrgullo2025<\/a> en la <a href=\"https:\/\/twitter.com\/hashtag\/CDMX?src=hash&amp;ref_src=twsrc%5Etfw\">#CDMX<\/a>. <a href=\"https:\/\/twitter.com\/hashtag\/Pride2025?src=hash&amp;ref_src=twsrc%5Etfw\">#Pride2025<\/a> <br><br>\ud83d\udcf8Montserrat S\u00e1nchez  | El Sol de M\u00e9xico <a href=\"https:\/\/t.co\/GWFtqlK7rV\">pic.twitter.com\/GWFtqlK7rV<\/a><\/p>&mdash; El Sol de M\u00e9xico (@elsolde_mexico) <a href=\"https:\/\/twitter.com\/elsolde_mexico\/status\/1939032146984775838?ref_src=twsrc%5Etfw\">June 28, 2025<\/a><\/blockquote><script async src=\"https:\/\/platform.twitter.com\/widgets.js\" charset=\"utf-8\"><\/script>\n<\/div><\/figure>\n\n\n\n<p class=\"wp-block-paragraph\">Al salir del \u00c1ngel de la Independencia,&nbsp;<strong>AMETS<\/strong>&nbsp;de trabajo sexual, Llega y Vive Libre&nbsp;reclamaron la violencia que viven las disidencias.<\/p>\n\n\n\n<p class=\"wp-block-paragraph\">Al grito de Donde est\u00e1n, las vacunas donde est\u00e1n, los colectivos pidieron que la Secretaria&nbsp;de Salud federal tome medidas ante el aumento de casos de viruela s\u00edmica.<\/p>\n\n\n\n<p class=\"wp-block-paragraph\">Tan solo en la capital del pa\u00eds, hasta la semana 24 de este a\u00f1o se tiene registro de 320&nbsp;casos.<\/p>\n\n\n\n<p class=\"wp-block-paragraph\">Adem\u00e1s, los manifestantes se\u00f1alaron que \u201ces urgente atender los casos de&nbsp;transfeminicidio para que no queden en la impunidad\u201d.<\/p>\n\n\n\n<p class=\"wp-block-paragraph\">\u201cLas vidas trans importan\u201d y \u201cDerechos iguales para todas las diversidades\u201d fueron las&nbsp;consignas con las que avanz\u00f3 el contingente a lo largo de Paseo de la Reforma.<\/p>\n\n\n\n<figure class=\"wp-block-image size-large\"><a href=\"https:\/\/redsemlac.com\/semmexico\/wp-content\/uploads\/2025\/06\/Screenshot_20250630-193428.Word-1.png\"><img loading=\"lazy\" decoding=\"async\" width=\"1024\" height=\"669\" src=\"https:\/\/redsemlac.com\/semmexico\/wp-content\/uploads\/2025\/06\/Screenshot_20250630-193428.Word-1-1024x669.png\" alt=\"\" class=\"wp-image-96607\" srcset=\"https:\/\/redsemlac.com\/semmexico\/wp-content\/uploads\/2025\/06\/Screenshot_20250630-193428.Word-1-1024x669.png 1024w, https:\/\/redsemlac.com\/semmexico\/wp-content\/uploads\/2025\/06\/Screenshot_20250630-193428.Word-1-300x196.png 300w, https:\/\/redsemlac.com\/semmexico\/wp-content\/uploads\/2025\/06\/Screenshot_20250630-193428.Word-1-768x502.png 768w, https:\/\/redsemlac.com\/semmexico\/wp-content\/uploads\/2025\/06\/Screenshot_20250630-193428.Word-1-150x98.png 150w, https:\/\/redsemlac.com\/semmexico\/wp-content\/uploads\/2025\/06\/Screenshot_20250630-193428.Word-1-696x455.png 696w, https:\/\/redsemlac.com\/semmexico\/wp-content\/uploads\/2025\/06\/Screenshot_20250630-193428.Word-1-1068x698.png 1068w, https:\/\/redsemlac.com\/semmexico\/wp-content\/uploads\/2025\/06\/Screenshot_20250630-193428.Word-1.png 1177w\" sizes=\"auto, (max-width: 1024px) 100vw, 1024px\" \/><\/a><\/figure>\n\n\n\n<p class=\"wp-block-paragraph\">Con carros&nbsp;aleg\u00f3ricos los representantes de la comunidad marcaron su paso por la Avenida de la&nbsp;Reforma &#8211; Foto: Daniel Galeana \/ El Sol de M\u00e9xico<\/p>\n\n\n\n<figure class=\"wp-block-image size-large\"><a href=\"https:\/\/redsemlac.com\/semmexico\/wp-content\/uploads\/2025\/06\/Screenshot_20250630-193432.Word-1.png\"><img loading=\"lazy\" decoding=\"async\" width=\"1024\" height=\"675\" src=\"https:\/\/redsemlac.com\/semmexico\/wp-content\/uploads\/2025\/06\/Screenshot_20250630-193432.Word-1-1024x675.png\" alt=\"\" class=\"wp-image-96608\" srcset=\"https:\/\/redsemlac.com\/semmexico\/wp-content\/uploads\/2025\/06\/Screenshot_20250630-193432.Word-1-1024x675.png 1024w, https:\/\/redsemlac.com\/semmexico\/wp-content\/uploads\/2025\/06\/Screenshot_20250630-193432.Word-1-300x198.png 300w, https:\/\/redsemlac.com\/semmexico\/wp-content\/uploads\/2025\/06\/Screenshot_20250630-193432.Word-1-768x506.png 768w, https:\/\/redsemlac.com\/semmexico\/wp-content\/uploads\/2025\/06\/Screenshot_20250630-193432.Word-1-150x99.png 150w, https:\/\/redsemlac.com\/semmexico\/wp-content\/uploads\/2025\/06\/Screenshot_20250630-193432.Word-1-696x459.png 696w, https:\/\/redsemlac.com\/semmexico\/wp-content\/uploads\/2025\/06\/Screenshot_20250630-193432.Word-1-1068x704.png 1068w, https:\/\/redsemlac.com\/semmexico\/wp-content\/uploads\/2025\/06\/Screenshot_20250630-193432.Word-1.png 1184w\" sizes=\"auto, (max-width: 1024px) 100vw, 1024px\" \/><\/a><\/figure>\n\n\n\n<p class=\"wp-block-paragraph\">Todos lucieron sus mejores atuendos para iluminar las calles de la CDMX &#8211; Foto: Daniel&nbsp;Galeana \/ El Sol de M\u00e9xico<\/p>\n\n\n\n<p class=\"wp-block-paragraph\">En el recorrido, tambi\u00e9n exigieron que el Gobierno Federal rompa relaciones con Israel&nbsp;tras el genocidio que lleva a cabo en contra de Palestina.<\/p>\n\n\n\n<p class=\"wp-block-paragraph\"><strong>\u201cCon genocidio no hay orgullo\u201d, sostuvieron.<\/strong><\/p>\n\n\n\n<p class=\"wp-block-paragraph\">En la protesta se reclam\u00f3 la presencia de carros aleg\u00f3ricos pues sostuvieron que \u201ces una&nbsp;marcha, no un negocio\u201d.<\/p>\n\n\n\n<figure class=\"wp-block-image size-large\"><a href=\"https:\/\/redsemlac.com\/semmexico\/wp-content\/uploads\/2025\/06\/Screenshot_20250630-193438.Word-1.png\"><img loading=\"lazy\" decoding=\"async\" width=\"1024\" height=\"688\" src=\"https:\/\/redsemlac.com\/semmexico\/wp-content\/uploads\/2025\/06\/Screenshot_20250630-193438.Word-1-1024x688.png\" alt=\"\" class=\"wp-image-96613\" srcset=\"https:\/\/redsemlac.com\/semmexico\/wp-content\/uploads\/2025\/06\/Screenshot_20250630-193438.Word-1-1024x688.png 1024w, https:\/\/redsemlac.com\/semmexico\/wp-content\/uploads\/2025\/06\/Screenshot_20250630-193438.Word-1-300x202.png 300w, https:\/\/redsemlac.com\/semmexico\/wp-content\/uploads\/2025\/06\/Screenshot_20250630-193438.Word-1-768x516.png 768w, https:\/\/redsemlac.com\/semmexico\/wp-content\/uploads\/2025\/06\/Screenshot_20250630-193438.Word-1-150x101.png 150w, https:\/\/redsemlac.com\/semmexico\/wp-content\/uploads\/2025\/06\/Screenshot_20250630-193438.Word-1-696x468.png 696w, https:\/\/redsemlac.com\/semmexico\/wp-content\/uploads\/2025\/06\/Screenshot_20250630-193438.Word-1-1068x718.png 1068w, https:\/\/redsemlac.com\/semmexico\/wp-content\/uploads\/2025\/06\/Screenshot_20250630-193438.Word-1.png 1158w\" sizes=\"auto, (max-width: 1024px) 100vw, 1024px\" \/><\/a><\/figure>\n\n\n\n<p class=\"wp-block-paragraph\"><\/p>\n","protected":false},"excerpt":{"rendered":"<p>Los integrantes de la comunidad LGBTTTIQ+ salieron este s\u00e1bado a las calles para&nbsp;visibilizar su lucha contra la discriminaci\u00f3n \/ Foto: Daniel Galeana \/ El Sol de M\u00e9xico De acuerdo con el gobierno capitalino, 800 mil personas participaron en esta edici\u00f3n de la&nbsp;marcha del orgullo Montserrat Maldonado SemM\u00e9xico, Cd. de M\u00e9xico, 30 de junio, 2025.- Despu\u00e9s [&hellip;]<\/p>\n","protected":false},"author":3,"featured_media":96599,"comment_status":"open","ping_status":"open","sticky":false,"template":"","format":"standard","meta":{"_monsterinsights_skip_tracking":false,"footnotes":""},"categories":[694],"tags":[],"class_list":["post-96598","post","type-post","status-publish","format-standard","has-post-thumbnail","category-destacadas"],"_links":{"self":[{"href":"https:\/\/redsemlac.com\/semmexico\/wp-json\/wp\/v2\/posts\/96598","targetHints":{"allow":["GET"]}}],"collection":[{"href":"https:\/\/redsemlac.com\/semmexico\/wp-json\/wp\/v2\/posts"}],"about":[{"href":"https:\/\/redsemlac.com\/semmexico\/wp-json\/wp\/v2\/types\/post"}],"author":[{"embeddable":true,"href":"https:\/\/redsemlac.com\/semmexico\/wp-json\/wp\/v2\/users\/3"}],"replies":[{"embeddable":true,"href":"https:\/\/redsemlac.com\/semmexico\/wp-json\/wp\/v2\/comments?post=96598"}],"version-history":[{"count":0,"href":"https:\/\/redsemlac.com\/semmexico\/wp-json\/wp\/v2\/posts\/96598\/revisions"}],"wp:featuredmedia":[{"embeddable":true,"href":"https:\/\/redsemlac.com\/semmexico\/wp-json\/wp\/v2\/media\/96599"}],"wp:attachment":[{"href":"https:\/\/redsemlac.com\/semmexico\/wp-json\/wp\/v2\/media?parent=96598"}],"wp:term":[{"taxonomy":"category","embeddable":true,"href":"https:\/\/redsemlac.com\/semmexico\/wp-json\/wp\/v2\/categories?post=96598"},{"taxonomy":"post_tag","embeddable":true,"href":"https:\/\/redsemlac.com\/semmexico\/wp-json\/wp\/v2\/tags?post=96598"}],"curies":[{"name":"wp","href":"https:\/\/api.w.org\/{rel}","templated":true}]}}