{"id":9657,"date":"2019-07-10T18:23:23","date_gmt":"2019-07-10T18:23:23","guid":{"rendered":"https:\/\/redsemlac.com\/semmexico\/?p=9657"},"modified":"2023-07-21T14:50:45","modified_gmt":"2023-07-21T19:50:45","slug":"guerrero","status":"publish","type":"post","link":"https:\/\/redsemlac.com\/semmexico\/guerrero\/","title":{"rendered":"Personal de la Fiscal\u00eda de Guerrero filtr\u00f3 en redes sociales fotos de mujer asesinada: Secretaria de Salud"},"content":{"rendered":"\n<p class=\"wp-block-paragraph\"> <em><strong>La Secretar\u00eda de Salud en el Estado, deslind\u00f3 al personal del Servicio M\u00e9dico Forense (Semefo) <\/strong><\/em><\/p>\n\n\n\n<p class=\"wp-block-paragraph\"><strong>Josefina Aguilar Pastor<\/strong><\/p>\n\n\n\n<p class=\"wp-block-paragraph\">SemM\u00e9xico. Chilpancingo, Guerrero. 10 de julio de 2019.- La Secretar\u00eda de Salud en el Estado, deslind\u00f3 al personal del Servicio M\u00e9dico Forense (Semefo), como responsable de la filtraci\u00f3n en redes sociales, del cuerpo desnudo de Mar\u00eda Guadalupe Memije Baz\u00e1n, y se\u00f1ala como probables responsables a trabajadores de la Coordinaci\u00f3n de Servicios Periciales de la Fiscal\u00eda General del Estado (FGE) y la Polic\u00eda Ministerial.<\/p>\n\n\n\n<p class=\"wp-block-paragraph\">Maricarmen Gonz\u00e1lez procuradora de los Derechos de la Mujer, de la Secretar\u00eda de la Mujer (Semujer), dio a conocer durante la segunda sesi\u00f3n ordinaria del Sistema para Prevenir, Atender, Sancionar y Erradicar la Violencia contra las Mujeres, el resultado del seguimiento a la exigencia hecha por representantes de organizaciones de mujeres, de investigar qu\u00e9 servidores p\u00fablicos filtraron la fotograf\u00eda de Mar\u00eda Guadalupe Memije Baz\u00e1n, encontrada asesinada el pasado domingo 2 de este mes, en las inmediaciones del hospital General, Raymundo Abarca Alarc\u00f3n, en Chilpancingo.<\/p>\n\n\n\n<p class=\"wp-block-paragraph\">Inform\u00f3 de la petici\u00f3n hecha al titular de la Secretar\u00eda de Salud, para iniciar la investigaci\u00f3n correspondiente y solicitaron al director General del Servicio M\u00e9dico Forense, Benyauda Ram\u00edrez Villa, un informe completo con datos del personal que particip\u00f3 en la necropsia de la finada, tambi\u00e9n pidieron al contralor interno H\u00e9ctor Gervasio Jim\u00e9nez, lo correspondiente, ante la posibilidad de que personal de esta instituci\u00f3n pudiera estar involucrado, lo que ir\u00eda en detrimento de la imagen y confiabilidad de la dependencia.<\/p>\n\n\n\n<p class=\"wp-block-paragraph\">El 4 de julio, presentaron por escrito la denuncia correspondiente ante la FGE, donde ya habr\u00edan iniciado seg\u00fan se inform\u00f3, la carpeta de investigaci\u00f3n n\u00famero 12020090300928030719.<\/p>\n\n\n\n<p class=\"wp-block-paragraph\">Tras este procedimiento, la Secretar\u00eda de Salud inform\u00f3 que \u201ces importante se\u00f1alar que de los informes rendidos por el personal del Servicio M\u00e9dico Forense, se puede apreciar que una vez que el cuerpo es ingresado a las instalaciones del servicio aqu\u00ed en Chilpancingo, el cuerpo no tuvo la intervenci\u00f3n del personal de salud, sino de la coordinaci\u00f3n de servicios periciales de la fiscal\u00eda y la polic\u00eda ministerial por lo cual se hace de su conocimiento a efecto de que si consideran necesario ampliar su requerimiento a dicha instituci\u00f3n se haga\u201d.<\/p>\n\n\n\n<p class=\"wp-block-paragraph\">Y finalmente, manifest\u00f3 su voluntad de colaborar con la FGE, para deslindar responsabilidades y en caso de encontrar participaci\u00f3n de los funcionarios de esta instituci\u00f3n, sean sancionados.<\/p>\n","protected":false},"excerpt":{"rendered":"<p>La Secretar\u00eda de Salud en el Estado, deslind\u00f3 al personal del Servicio M\u00e9dico Forense (Semefo) <\/p>\n","protected":false},"author":3,"featured_media":9658,"comment_status":"open","ping_status":"open","sticky":false,"template":"","format":"standard","meta":{"_monsterinsights_skip_tracking":false,"footnotes":""},"categories":[690,51],"tags":[],"class_list":["post-9657","post","type-post","status-publish","format-standard","has-post-thumbnail","category-690","category-ejecutivo"],"_links":{"self":[{"href":"https:\/\/redsemlac.com\/semmexico\/wp-json\/wp\/v2\/posts\/9657","targetHints":{"allow":["GET"]}}],"collection":[{"href":"https:\/\/redsemlac.com\/semmexico\/wp-json\/wp\/v2\/posts"}],"about":[{"href":"https:\/\/redsemlac.com\/semmexico\/wp-json\/wp\/v2\/types\/post"}],"author":[{"embeddable":true,"href":"https:\/\/redsemlac.com\/semmexico\/wp-json\/wp\/v2\/users\/3"}],"replies":[{"embeddable":true,"href":"https:\/\/redsemlac.com\/semmexico\/wp-json\/wp\/v2\/comments?post=9657"}],"version-history":[{"count":0,"href":"https:\/\/redsemlac.com\/semmexico\/wp-json\/wp\/v2\/posts\/9657\/revisions"}],"wp:featuredmedia":[{"embeddable":true,"href":"https:\/\/redsemlac.com\/semmexico\/wp-json\/wp\/v2\/media\/9658"}],"wp:attachment":[{"href":"https:\/\/redsemlac.com\/semmexico\/wp-json\/wp\/v2\/media?parent=9657"}],"wp:term":[{"taxonomy":"category","embeddable":true,"href":"https:\/\/redsemlac.com\/semmexico\/wp-json\/wp\/v2\/categories?post=9657"},{"taxonomy":"post_tag","embeddable":true,"href":"https:\/\/redsemlac.com\/semmexico\/wp-json\/wp\/v2\/tags?post=9657"}],"curies":[{"name":"wp","href":"https:\/\/api.w.org\/{rel}","templated":true}]}}