{"id":96530,"date":"2025-06-28T16:37:29","date_gmt":"2025-06-28T22:37:29","guid":{"rendered":"https:\/\/redsemlac.com\/semmexico\/?p=96530"},"modified":"2025-06-28T16:37:30","modified_gmt":"2025-06-28T22:37:30","slug":"medio-siglo-despues-la-igualdad-no-toca-el-dia-a-dia-de-las-mexicanas","status":"publish","type":"post","link":"https:\/\/redsemlac.com\/semmexico\/medio-siglo-despues-la-igualdad-no-toca-el-dia-a-dia-de-las-mexicanas\/","title":{"rendered":"Medio siglo despu\u00e9s, la igualdad no toca el d\u00eda a d\u00eda de las mexicanas"},"content":{"rendered":"\n<p class=\"wp-block-paragraph\">La Primera Conferencia Mundial sobre la Mujer tuvo lugar del 19 de junio al 2 de julio de 1975\u00a0\/\u00a0Fototeca, Hemeroteca y Biblioteca Mario V\u00e1zquez Ra\u00f1a<\/p>\n\n\n\n<p class=\"wp-block-paragraph\">Ese futuro no lleg\u00f3, las mexicanas en su vida cotidiana viven &nbsp;grandes obst\u00e1culos como la&nbsp;violencia y la impunidad<\/p>\n\n\n\n<p class=\"wp-block-paragraph\">La falta de reconocimiento del trabajo de cuidados son parte de los obst\u00e1culos que enfrentan las mujeres, afirma Gloria Ram\u00edrez&nbsp; Hern\u00e1ndez , experta de la UNAM<\/p>\n\n\n\n<p class=\"wp-block-paragraph\">Gloria L\u00f3pez<\/p>\n\n\n\n<p class=\"wp-block-paragraph\">SemM\u00e9xico \/ El Sol de M\u00e9xico, Cd. de M\u00e9xico, 28 de junio, 2025.- En 1975, la Ciudad de M\u00e9xico fue testigo de un momento hist\u00f3rico, al ser sede de la&nbsp;Primera Conferencia Mundial de la Mujer, convocada por&nbsp;Naciones Unidas. Medio siglo despu\u00e9s, el pa\u00eds ha avanzado en derechos y representaci\u00f3n, pero la&nbsp;igualdad&nbsp;real sigue pendiente.<\/p>\n\n\n\n<p class=\"wp-block-paragraph\">En algunas publicaciones de los&nbsp;peri\u00f3dicos de ese tiempo&nbsp;destacaron notas con buenos augurios y&nbsp;un futuro prometedor para las mujeres, pero en otras el machismo sal\u00eda a relucir con burlas y comentarios negativos del evento.<\/p>\n\n\n\n<p class=\"wp-block-paragraph\">\u201cEn un ambiente saturado de&nbsp;esperanza, alegr\u00eda y entusiasmo&nbsp;ante la perspectiva de que hombres y mujeres trabajen juntos por un mundo mejor, se inici\u00f3 la&nbsp;Conferencia del A\u00f1o Internacional de la Mujer\u201d, cont\u00f3&nbsp;Isabel Zamorano en el peri\u00f3dico El Nacional, un d\u00eda despu\u00e9s de la inauguraci\u00f3n.<\/p>\n\n\n\n<p class=\"wp-block-paragraph\">Sin embargo, ese futuro no lleg\u00f3 para las mexicanas, pues en su vida cotidiana permean grandes obst\u00e1culos como la&nbsp;violencia y la impunidad, se\u00f1al\u00f3 Gloria Ram\u00edrez Hern\u00e1ndez,&nbsp;coordinadora de la C\u00e1tedra UNESCO de Derechos Humanos de la UNAM.<\/p>\n\n\n\n<p class=\"wp-block-paragraph\">\u201cDefinitivamente en 50 a\u00f1os muchas cosas han cambiado.&nbsp;Hoy en M\u00e9xico gozamos de un gran principio y derecho constitucional que es la paridad&nbsp;en todo, ese principio viene a culminar 50 a\u00f1os de luchas, de trabajo y desde luego del&nbsp;movimiento feminista\u201d, explic\u00f3.<\/p>\n\n\n\n<p class=\"wp-block-paragraph\">\u201cMuchas cosas han cambiado sin lugar a dudas por generaciones,&nbsp;mis bisabuelas no pod\u00edan votar,&nbsp;hoy accedemos a puestos de poder, a disciplinas,&nbsp;pero todav\u00eda tenemos muchos obst\u00e1culos.<\/p>\n\n\n\n<figure class=\"wp-block-image size-large\"><a href=\"https:\/\/redsemlac.com\/semmexico\/wp-content\/uploads\/2025\/06\/medio-siglo-02.png\"><img loading=\"lazy\" decoding=\"async\" width=\"1024\" height=\"576\" src=\"https:\/\/redsemlac.com\/semmexico\/wp-content\/uploads\/2025\/06\/medio-siglo-02-1024x576.png\" alt=\"\" class=\"wp-image-96534\" srcset=\"https:\/\/redsemlac.com\/semmexico\/wp-content\/uploads\/2025\/06\/medio-siglo-02-1024x576.png 1024w, https:\/\/redsemlac.com\/semmexico\/wp-content\/uploads\/2025\/06\/medio-siglo-02-300x169.png 300w, https:\/\/redsemlac.com\/semmexico\/wp-content\/uploads\/2025\/06\/medio-siglo-02-768x432.png 768w, https:\/\/redsemlac.com\/semmexico\/wp-content\/uploads\/2025\/06\/medio-siglo-02-150x84.png 150w, https:\/\/redsemlac.com\/semmexico\/wp-content\/uploads\/2025\/06\/medio-siglo-02-696x392.png 696w, https:\/\/redsemlac.com\/semmexico\/wp-content\/uploads\/2025\/06\/medio-siglo-02-1068x601.png 1068w, https:\/\/redsemlac.com\/semmexico\/wp-content\/uploads\/2025\/06\/medio-siglo-02.png 1200w\" sizes=\"auto, (max-width: 1024px) 100vw, 1024px\" \/><\/a><\/figure>\n\n\n\n<p class=\"wp-block-paragraph\">Desde aquella conferencia pionera, dijo,&nbsp;M\u00e9xico ha fortalecido su marco legal en favor de los derechos de las mujeres. Hoy, las leyes reconocen su participaci\u00f3n en la&nbsp;vida p\u00fablica, el acceso a cargos de poder, adem\u00e1s de contar con el derecho a que las mujeres puedan decidir sobre su cuerpo, con la&nbsp;despenalizaci\u00f3n del aborto en 24 entidades.<\/p>\n\n\n\n<p class=\"wp-block-paragraph\">Pero actualmente&nbsp;70 por ciento de las mexicanas&nbsp;reportan haber experimentado al menos un incidente de&nbsp;violencia, ya sea psicol\u00f3gica, econ\u00f3mica, patrimonial, f\u00edsica, sexual o discriminaci\u00f3n, de acuerdo con datos del&nbsp;Inegi, correspondientes a 2021.<\/p>\n\n\n\n<p class=\"wp-block-paragraph\">INEGI: En 2021, en M\u00e9xico, del total de #mujeres de 15 a\u00f1os y m\u00e1s, 70.1% hab\u00eda experimentado al menos un incidente de violencia a lo largo de su vida. En el marco de los #16D\u00edas de Activismo contra la Violencia de G\u00e9nero, te compartimos este #DatoINEGI. <a href=\"https:\/\/inegi.org.mx\/tablerosestadisticos\/vcmm\/\">https:\/\/inegi.org.mx\/tablerosestadisticos\/vcmm\/<\/a><\/p>\n\n\n\n<figure class=\"wp-block-gallery has-nested-images columns-default is-cropped wp-block-gallery-1 is-layout-flex wp-block-gallery-is-layout-flex\">\n<figure class=\"wp-block-image size-large\"><a href=\"https:\/\/redsemlac.com\/semmexico\/wp-content\/uploads\/2025\/06\/medio-siglo-03.jpg\"><img loading=\"lazy\" decoding=\"async\" width=\"360\" height=\"360\" data-id=\"96535\" src=\"https:\/\/redsemlac.com\/semmexico\/wp-content\/uploads\/2025\/06\/medio-siglo-03.jpg\" alt=\"\" class=\"wp-image-96535\" srcset=\"https:\/\/redsemlac.com\/semmexico\/wp-content\/uploads\/2025\/06\/medio-siglo-03.jpg 360w, https:\/\/redsemlac.com\/semmexico\/wp-content\/uploads\/2025\/06\/medio-siglo-03-300x300.jpg 300w, https:\/\/redsemlac.com\/semmexico\/wp-content\/uploads\/2025\/06\/medio-siglo-03-150x150.jpg 150w\" sizes=\"auto, (max-width: 360px) 100vw, 360px\" \/><\/a><\/figure>\n\n\n\n<figure class=\"wp-block-image size-large\"><a href=\"https:\/\/redsemlac.com\/semmexico\/wp-content\/uploads\/2025\/06\/medio-siglo-04.jpg\"><img loading=\"lazy\" decoding=\"async\" width=\"753\" height=\"753\" data-id=\"96536\" src=\"https:\/\/redsemlac.com\/semmexico\/wp-content\/uploads\/2025\/06\/medio-siglo-04.jpg\" alt=\"\" class=\"wp-image-96536\" srcset=\"https:\/\/redsemlac.com\/semmexico\/wp-content\/uploads\/2025\/06\/medio-siglo-04.jpg 753w, https:\/\/redsemlac.com\/semmexico\/wp-content\/uploads\/2025\/06\/medio-siglo-04-300x300.jpg 300w, https:\/\/redsemlac.com\/semmexico\/wp-content\/uploads\/2025\/06\/medio-siglo-04-150x150.jpg 150w, https:\/\/redsemlac.com\/semmexico\/wp-content\/uploads\/2025\/06\/medio-siglo-04-696x696.jpg 696w\" sizes=\"auto, (max-width: 753px) 100vw, 753px\" \/><\/a><\/figure>\n<\/figure>\n\n\n\n<p class=\"wp-block-paragraph\">\u201cMientras se permita, no se castigue y no se cambie esa&nbsp;tradici\u00f3n conservadora&nbsp;que va permeada de&nbsp;desigualdad hist\u00f3rica desde la tradici\u00f3n, cultura, religi\u00f3n, los avances no est\u00e1n lejos de tener riesgos y retrocesos\u201d, asegur\u00f3<\/p>\n\n\n\n<p class=\"wp-block-paragraph\">Entre los principales pendientes, afirm\u00f3, est\u00e1 el reconocimiento&nbsp;del cuidado en los hogares y de las mujeres cuidadoras, un tema incluido en la agenda de la&nbsp;Primera Conferencia.<\/p>\n\n\n\n<p class=\"wp-block-paragraph\">Aunque los legisladores han aprobado modificaciones de ley para reconocer este derecho, la&nbsp;Ley General del Sistema Nacional de Cuidados&nbsp;sigue en el tintero, lo cual afecta principalmente a las mujeres, pues son el&nbsp;75 por ciento de las personas que se dedican a ese tipo de labores, seg\u00fan el Inegi.<\/p>\n\n\n\n<figure class=\"wp-block-image size-large\"><a href=\"https:\/\/redsemlac.com\/semmexico\/wp-content\/uploads\/2025\/06\/medio-siglo-05.png\"><img loading=\"lazy\" decoding=\"async\" width=\"1024\" height=\"576\" src=\"https:\/\/redsemlac.com\/semmexico\/wp-content\/uploads\/2025\/06\/medio-siglo-05-1024x576.png\" alt=\"\" class=\"wp-image-96537\" srcset=\"https:\/\/redsemlac.com\/semmexico\/wp-content\/uploads\/2025\/06\/medio-siglo-05-1024x576.png 1024w, https:\/\/redsemlac.com\/semmexico\/wp-content\/uploads\/2025\/06\/medio-siglo-05-300x169.png 300w, https:\/\/redsemlac.com\/semmexico\/wp-content\/uploads\/2025\/06\/medio-siglo-05-768x432.png 768w, https:\/\/redsemlac.com\/semmexico\/wp-content\/uploads\/2025\/06\/medio-siglo-05-150x84.png 150w, https:\/\/redsemlac.com\/semmexico\/wp-content\/uploads\/2025\/06\/medio-siglo-05-696x392.png 696w, https:\/\/redsemlac.com\/semmexico\/wp-content\/uploads\/2025\/06\/medio-siglo-05-1068x601.png 1068w, https:\/\/redsemlac.com\/semmexico\/wp-content\/uploads\/2025\/06\/medio-siglo-05.png 1200w\" sizes=\"auto, (max-width: 1024px) 100vw, 1024px\" \/><\/a><\/figure>\n\n\n\n<h3 class=\"wp-block-heading\"><strong><em>Asistieron dos mil delegadas y delegados de 133 pa\u00edses adheridos a la ONU, ocho movimientos de liberaci\u00f3n nacional, 31 organizaciones intergubernamentales y 114 no gubernamentales. Esta Conferencia fue llevada a cabo en el marco del A\u00f1o Internacional de la Mujer.<\/em><\/strong><\/h3>\n\n\n\n<p class=\"wp-block-paragraph\">Los avances en papel comenzaron a llegar meses antes de la&nbsp; conferencia mundial &nbsp;pues aunque en un principio se realizar\u00eda en&nbsp;Colombia, un a\u00f1o antes cancel\u00f3 su sede, por lo que&nbsp;M\u00e9xico ofreci\u00f3 su capital para el encuentro. Esto oblig\u00f3 al gobierno a cambiar de manera inmediata la&nbsp;legislaci\u00f3n&nbsp;para estar a la vanguardia y a la altura del evento, pues&nbsp;la figura de igualdad entre hombres y mujeres no exist\u00eda.<\/p>\n\n\n\n<p class=\"wp-block-paragraph\">Fue en noviembre de 1974 cuando la&nbsp;C\u00e1mara de Senadores&nbsp;modific\u00f3 el art\u00edculo 4 de la&nbsp;Constituci\u00f3n&nbsp;para establecer que hombres y mujeres son iguales ante la ley. Texto elaborado por Ma. Luisa Leal, entonces subsecretaria de Gobernaci\u00f3n.<\/p>\n\n\n\n<p class=\"wp-block-paragraph\">\u201cFue una decisi\u00f3n muy importante y que gracias a esa conferencia el gobierno tuvo previamente que reformar la Constituci\u00f3n porque&nbsp;en 1974 todav\u00eda no ten\u00edamos en M\u00e9xico la igualdad ante la ley.&nbsp;Eso fue precisamente por la&nbsp;Conferencia Mundial de Mujeres&nbsp;y fue un pas\u00f3 muy importante\u201d, indic\u00f3 Ram\u00edrez.<\/p>\n\n\n\n<figure class=\"wp-block-image size-full\"><a href=\"https:\/\/redsemlac.com\/semmexico\/wp-content\/uploads\/2025\/06\/medio-siglo-06.png\"><img loading=\"lazy\" decoding=\"async\" width=\"298\" height=\"335\" src=\"https:\/\/redsemlac.com\/semmexico\/wp-content\/uploads\/2025\/06\/medio-siglo-06.png\" alt=\"\" class=\"wp-image-96538\" srcset=\"https:\/\/redsemlac.com\/semmexico\/wp-content\/uploads\/2025\/06\/medio-siglo-06.png 298w, https:\/\/redsemlac.com\/semmexico\/wp-content\/uploads\/2025\/06\/medio-siglo-06-267x300.png 267w, https:\/\/redsemlac.com\/semmexico\/wp-content\/uploads\/2025\/06\/medio-siglo-06-150x169.png 150w\" sizes=\"auto, (max-width: 298px) 100vw, 298px\" \/><\/a><\/figure>\n\n\n\n<p class=\"wp-block-paragraph\">Foto agenda, Homenaje a Mujeres Periodistas, INMUJERES 2013.La publicaci\u00f3n M\u00e9xico 75 en sus 12 n\u00fameros dio cuenta de la primera Conferencia Mundial de la Mujer. La dirigi\u00f3 Kena Moreno.<\/p>\n\n\n\n<figure class=\"wp-block-gallery has-nested-images columns-default is-cropped wp-block-gallery-2 is-layout-flex wp-block-gallery-is-layout-flex\">\n<figure class=\"wp-block-image size-large\"><a href=\"https:\/\/redsemlac.com\/semmexico\/wp-content\/uploads\/2025\/06\/medio-siglo-07.png\"><img loading=\"lazy\" decoding=\"async\" width=\"1000\" height=\"572\" data-id=\"96539\" src=\"https:\/\/redsemlac.com\/semmexico\/wp-content\/uploads\/2025\/06\/medio-siglo-07.png\" alt=\"\" class=\"wp-image-96539\" srcset=\"https:\/\/redsemlac.com\/semmexico\/wp-content\/uploads\/2025\/06\/medio-siglo-07.png 1000w, https:\/\/redsemlac.com\/semmexico\/wp-content\/uploads\/2025\/06\/medio-siglo-07-300x172.png 300w, https:\/\/redsemlac.com\/semmexico\/wp-content\/uploads\/2025\/06\/medio-siglo-07-768x439.png 768w, https:\/\/redsemlac.com\/semmexico\/wp-content\/uploads\/2025\/06\/medio-siglo-07-150x86.png 150w, https:\/\/redsemlac.com\/semmexico\/wp-content\/uploads\/2025\/06\/medio-siglo-07-696x398.png 696w\" sizes=\"auto, (max-width: 1000px) 100vw, 1000px\" \/><\/a><\/figure>\n\n\n\n<figure class=\"wp-block-image size-large\"><a href=\"https:\/\/redsemlac.com\/semmexico\/wp-content\/uploads\/2025\/06\/medio-siglo-08.png\"><img loading=\"lazy\" decoding=\"async\" width=\"1000\" height=\"615\" data-id=\"96540\" src=\"https:\/\/redsemlac.com\/semmexico\/wp-content\/uploads\/2025\/06\/medio-siglo-08.png\" alt=\"\" class=\"wp-image-96540\" srcset=\"https:\/\/redsemlac.com\/semmexico\/wp-content\/uploads\/2025\/06\/medio-siglo-08.png 1000w, https:\/\/redsemlac.com\/semmexico\/wp-content\/uploads\/2025\/06\/medio-siglo-08-300x185.png 300w, https:\/\/redsemlac.com\/semmexico\/wp-content\/uploads\/2025\/06\/medio-siglo-08-768x472.png 768w, https:\/\/redsemlac.com\/semmexico\/wp-content\/uploads\/2025\/06\/medio-siglo-08-150x92.png 150w, https:\/\/redsemlac.com\/semmexico\/wp-content\/uploads\/2025\/06\/medio-siglo-08-696x428.png 696w\" sizes=\"auto, (max-width: 1000px) 100vw, 1000px\" \/><\/a><\/figure>\n<\/figure>\n\n\n\n<p class=\"wp-block-paragraph\">En ese foro alterno participaron mujeres\u00a0 a sociedad civil . Cuatro mil personas asistieron al encuentro celebrado en el auditorio del Centro M\u00e9dico &#8211; Archivo General de la Naci\u00f3n<\/p>\n\n\n\n<figure class=\"wp-block-image size-full\"><a href=\"https:\/\/redsemlac.com\/semmexico\/wp-content\/uploads\/2025\/06\/medio-siglo-09.png\"><img loading=\"lazy\" decoding=\"async\" width=\"1000\" height=\"429\" src=\"https:\/\/redsemlac.com\/semmexico\/wp-content\/uploads\/2025\/06\/medio-siglo-09.png\" alt=\"\" class=\"wp-image-96541\" srcset=\"https:\/\/redsemlac.com\/semmexico\/wp-content\/uploads\/2025\/06\/medio-siglo-09.png 1000w, https:\/\/redsemlac.com\/semmexico\/wp-content\/uploads\/2025\/06\/medio-siglo-09-300x129.png 300w, https:\/\/redsemlac.com\/semmexico\/wp-content\/uploads\/2025\/06\/medio-siglo-09-768x329.png 768w, https:\/\/redsemlac.com\/semmexico\/wp-content\/uploads\/2025\/06\/medio-siglo-09-150x64.png 150w, https:\/\/redsemlac.com\/semmexico\/wp-content\/uploads\/2025\/06\/medio-siglo-09-696x299.png 696w\" sizes=\"auto, (max-width: 1000px) 100vw, 1000px\" \/><\/a><\/figure>\n\n\n\n<figure class=\"wp-block-image size-full\"><a href=\"https:\/\/redsemlac.com\/semmexico\/wp-content\/uploads\/2025\/06\/medio-siglo-10.png\"><img loading=\"lazy\" decoding=\"async\" width=\"665\" height=\"1000\" src=\"https:\/\/redsemlac.com\/semmexico\/wp-content\/uploads\/2025\/06\/medio-siglo-10.png\" alt=\"\" class=\"wp-image-96542\" srcset=\"https:\/\/redsemlac.com\/semmexico\/wp-content\/uploads\/2025\/06\/medio-siglo-10.png 665w, https:\/\/redsemlac.com\/semmexico\/wp-content\/uploads\/2025\/06\/medio-siglo-10-200x300.png 200w, https:\/\/redsemlac.com\/semmexico\/wp-content\/uploads\/2025\/06\/medio-siglo-10-150x226.png 150w, https:\/\/redsemlac.com\/semmexico\/wp-content\/uploads\/2025\/06\/medio-siglo-10-300x451.png 300w\" sizes=\"auto, (max-width: 665px) 100vw, 665px\" \/><\/a><\/figure>\n\n\n\n<p class=\"wp-block-paragraph\">Mar\u00eda Esther Zuno, primera dama de M\u00e9xico durante el gobierno de Echeverr\u00eda (centro) &#8211; Archivo General de la Naci\u00f3n<\/p>\n\n\n\n<p class=\"wp-block-paragraph\"><strong>Parteaguas de un legado internacional<\/strong><\/p>\n\n\n\n<p class=\"wp-block-paragraph\">La experta consider\u00f3 que esa fue la antesala para que el&nbsp;movimiento feminista&nbsp;se consolidara en M\u00e9xico y el resto del mundo y abri\u00f3 paso a otros encuentros importantes como&nbsp;la Segunda Conferencia, en Copenhage (1980); la Tercera, en Nairobi (1985), y la Cuarta, en Beijing (1995).<\/p>\n\n\n\n<p class=\"wp-block-paragraph\">\u201cEl principio fundamental que va emerger desde la primera conferencia en M\u00e9xico y en las tres posteriores es buscar llegar al principio de la igualdad porque&nbsp;somos iguales, somos equivalentes, lo cual nos cost\u00f3 un gran trabajo precisamente que se reconociera en la norma y m\u00e1s&nbsp;nos est\u00e1 costando que se reconozca en la pr\u00e1ctica\u201d, destac\u00f3.<\/p>\n\n\n\n<p class=\"wp-block-paragraph\">Llegamos a Beijing con una gran hoja de ruta, pero tambi\u00e9n en 1993 se realiz\u00f3 una conferencia Mundial sobre los Derechos Humanos &nbsp;en Viena, donde por primera vez se reconoce que la violencia es una violaci\u00f3n a los derechos de las mujeres y que las mujeres tienen derechos humanos.<\/p>\n\n\n\n<p class=\"wp-block-paragraph\">Estas conferencias, precis\u00f3, incidieron en el&nbsp;cambio de normativas y pr\u00e1cticas&nbsp;hasta considerar que es una obligaci\u00f3n del Estado respetar los derechos de las mujeres. \u201cContra esa omisi\u00f3n se crea una serie de figuras, de \u00f3rganos, una relator\u00eda especial, se promueven tambi\u00e9n&nbsp;pol\u00edticas para los derechos de las mujeres\u201d, se\u00f1al\u00f3.<\/p>\n\n\n\n<p class=\"wp-block-paragraph\">Aunque esta era la primera vez que se llevar\u00eda a cabo una conferencia a nivel internacional para poner sobre la mesa el derecho de las mujeres a ser reconocidas bajo el principio de igualdad, la principal iron\u00eda fue que el entonces&nbsp;presidente Luis Echeverr\u00eda&nbsp;design\u00f3 como encargado al&nbsp;Procurador General de la Rep\u00fablica, Pedro Ojeda Paullada, generando controversia entre las activistas.<\/p>\n\n\n\n<figure class=\"wp-block-image size-large\"><a href=\"https:\/\/redsemlac.com\/semmexico\/wp-content\/uploads\/2025\/06\/medio-siglo-11.png\"><img loading=\"lazy\" decoding=\"async\" width=\"1024\" height=\"575\" src=\"https:\/\/redsemlac.com\/semmexico\/wp-content\/uploads\/2025\/06\/medio-siglo-11-1024x575.png\" alt=\"\" class=\"wp-image-96531\" srcset=\"https:\/\/redsemlac.com\/semmexico\/wp-content\/uploads\/2025\/06\/medio-siglo-11-1024x575.png 1024w, https:\/\/redsemlac.com\/semmexico\/wp-content\/uploads\/2025\/06\/medio-siglo-11-300x169.png 300w, https:\/\/redsemlac.com\/semmexico\/wp-content\/uploads\/2025\/06\/medio-siglo-11-768x431.png 768w, https:\/\/redsemlac.com\/semmexico\/wp-content\/uploads\/2025\/06\/medio-siglo-11-150x84.png 150w, https:\/\/redsemlac.com\/semmexico\/wp-content\/uploads\/2025\/06\/medio-siglo-11-696x391.png 696w, https:\/\/redsemlac.com\/semmexico\/wp-content\/uploads\/2025\/06\/medio-siglo-11-1068x600.png 1068w, https:\/\/redsemlac.com\/semmexico\/wp-content\/uploads\/2025\/06\/medio-siglo-11.png 1200w\" sizes=\"auto, (max-width: 1024px) 100vw, 1024px\" \/><\/a><\/figure>\n\n\n\n<p class=\"wp-block-paragraph\">La inauguraci\u00f3n se realiz\u00f3 en el Gimnasio Juan de la Barrera en la Ciudad de M\u00e9xico el 19 de junio de 1975\u00a0\/\u00a0Foto ONU\/B Lane<\/p>\n\n\n\n<p class=\"wp-block-paragraph\">Pese a ello, marc\u00f3 un precedente importante en la lucha de los derechos de las mujeres a nivel mundial. Al&nbsp;Gimnasio Ol\u00edmpico Juan de la Barrera, ubicado en la entonces delegaci\u00f3n Benito Ju\u00e1rez, asistieron&nbsp;representantes de 133 pa\u00edses, entre ellos, hombres y mujeres.<\/p>\n\n\n\n<p class=\"wp-block-paragraph\">\u201cEn ella se mezclaron&nbsp;lenguas, razas, ideolog\u00edas y aspiraciones diferentes, formando una Torre de Babel que a pesar de todo ostentaba una sola meta: alcanzar en el futuro paz y justicia para el desarrollo\u201d, detall\u00f3 Isabel en su nota.<\/p>\n\n\n\n<p class=\"wp-block-paragraph\">Los temas centrales fueron la&nbsp;igualdad, desarrollo y paz, as\u00ed como el mejoramiento de las condiciones de trabajo, elevaci\u00f3n de la vida rural y oportunidades educativas.&nbsp;La erradicaci\u00f3n de la discriminaci\u00f3n, prejuicios y pr\u00e1cticas basadas en la idea de la inferioridad de la mujer.<\/p>\n\n\n\n<figure class=\"wp-block-image size-full\"><a href=\"https:\/\/redsemlac.com\/semmexico\/wp-content\/uploads\/2025\/06\/medio-siglo-12.jpg\"><img loading=\"lazy\" decoding=\"async\" width=\"680\" height=\"680\" src=\"https:\/\/redsemlac.com\/semmexico\/wp-content\/uploads\/2025\/06\/medio-siglo-12.jpg\" alt=\"\" class=\"wp-image-96532\" srcset=\"https:\/\/redsemlac.com\/semmexico\/wp-content\/uploads\/2025\/06\/medio-siglo-12.jpg 680w, https:\/\/redsemlac.com\/semmexico\/wp-content\/uploads\/2025\/06\/medio-siglo-12-300x300.jpg 300w, https:\/\/redsemlac.com\/semmexico\/wp-content\/uploads\/2025\/06\/medio-siglo-12-150x150.jpg 150w\" sizes=\"auto, (max-width: 680px) 100vw, 680px\" \/><\/a><\/figure>\n\n\n\n<p class=\"wp-block-paragraph\"><strong>Un presente con sombras del pasado<\/strong><\/p>\n\n\n\n<p class=\"wp-block-paragraph\">Luego de que M\u00e9xico dio un paso importante con la modificaci\u00f3n de la Constituci\u00f3n, el&nbsp;presidente Luis Echeverr\u00eda encabez\u00f3 la Conferencia&nbsp;con un&nbsp;discurso progresista en el que se compromet\u00eda a mejorar las condiciones de las mujeres&nbsp;y a encontrar m\u00e9todos y estrategias para igualar sus oportunidades con las de los hombres.<\/p>\n\n\n\n<p class=\"wp-block-paragraph\">\u201cEs un hecho indiscutible que la mujer ha sufrido distintos grados de marginaci\u00f3n a trav\u00e9s de los siglos&nbsp;y que a\u00fan en el mundo de nuestros d\u00edas, no goza de una completa igualdad jur\u00eddica ni real frente al hombre\u201d, fueron algunas de las palabras de su discurso.<\/p>\n\n\n\n<p class=\"wp-block-paragraph\">Acompa\u00f1ado de su esposa&nbsp;Mar\u00eda Esther Zuno, subray\u00f3 que no era un evento \u00fanico de mujeres, sino de hombres con los que hab\u00eda que trabajar en conjunto para lograr la igualdad entre ambos.<\/p>\n\n\n\n<p class=\"wp-block-paragraph\">Poner fin a la marginaci\u00f3n de la mujer requiere que ella adquiera plena conciencia de su situaci\u00f3n. Se requiere tambi\u00e9n, que el var\u00f3n reflexione sobre su conducta y modifique su actitud tradicional<\/p>\n\n\n\n<p class=\"wp-block-paragraph\">\u201cUno y otro comprender que el destino de&nbsp;g\u00e9nero humano es uno solo y que su mejoramiento exige la uni\u00f3n de sus afanes. Por eso, esta no es solo una conferencia de mujeres. Es una conferencia de mujeres y hombres que trabajan juntos por mejorar la condici\u00f3n jur\u00eddica y social de la poblaci\u00f3n femenina\u201d, expres\u00f3.<\/p>\n\n\n\n<p class=\"wp-block-paragraph\">La presencia de la primera dama contribuy\u00f3 al&nbsp;ambiente de inclusi\u00f3n y di\u00e1logo con las mujeres. Que a decir del periodista Froylan M. L\u00f3pez Narv\u00e1ez en su columna \u201cA\u00f1o Internacional\u201d, en el peri\u00f3dico Exc\u00e9lsior, la concurrencia fue selecta y conservadora, pues la mayor\u00eda de&nbsp;las invitadas representaban gobiernos, delegaciones oficiales u organizaciones mundiales, mientras que la participaci\u00f3n de las mujeres j\u00f3venes fue m\u00ednima.<\/p>\n\n\n\n<p class=\"wp-block-paragraph\"><a href=\"https:\/\/www.whatsapp.com\/channel\/0029Va7IpF5Id7nJvkxFt02Q\" target=\"_blank\" rel=\"noreferrer noopener\"><\/a>Incluso en plena conferencia, donde se exig\u00eda el derecho al libre desarrollo y paz, madres de familia, maestras e integrantes de Comit\u00e9s vecinales de la delegaci\u00f3n Cuauht\u00e9moc hicieron llegar al&nbsp;presidente Echeverr\u00eda&nbsp;una carta donde le ped\u00edan investigar a la activista&nbsp;Nancy C\u00e1rdenas, defensora de los derechos LGBTQ+.<\/p>\n\n\n\n<p class=\"wp-block-paragraph\">\u201cEn el a\u00f1o internacional de la Mujer pedimos que se conserven los valores de la mujer mexicana; que se guarde el valor de la familia mexicana y se cuide lo m\u00e1s preciado como es nuestra ni\u00f1ez y nuestra juventud, la cual ante actitudes equivocadas y antinaturales como la de la se\u00f1ora C\u00e1rdenas corre el peligro de ser desorientada\u201d, se lee en la carta firmada en junio de 1975.<\/p>\n\n\n\n<p class=\"wp-block-paragraph\">50 a\u00f1os despu\u00e9s hay avances, en M\u00e9xico, sobre todo legislativos, pero situaciones cr\u00edticas reconocidas hace 30 a\u00f1os (en 1995), se han agudizado.<\/p>\n\n\n\n<p class=\"wp-block-paragraph\">Como la violencia contra las mujeres, las zonas de guerra y la crisis humanitaria en las migraciones, tanto econ\u00f3micas como forzadas&nbsp; y todav\u00eda en el mundo las mujeres no acceden a una real paridad pol\u00edtica; hay nuevas situaciones y brechas identificadas entre hombres y mujeres; nuevas movilizaciones por problemas de reconocimiento a la diversidad sexual; las desapariciones (madres buscadoras); &nbsp;la violencia en el trabajo; la inseguridad por el crimen y el cambio clim\u00e1tico.<\/p>\n\n\n\n<p class=\"wp-block-paragraph\">En NY este marzo los gobiernos&nbsp; hicieron &nbsp;un nuevo balance de d\u00f3nde estamos. Estuvieron &nbsp;igualmente, las organizaciones sociales, feministas y no gubernamentales.<\/p>\n","protected":false},"excerpt":{"rendered":"<p>La Primera Conferencia Mundial sobre la Mujer tuvo lugar del 19 de junio al 2 de julio de 1975\u00a0\/\u00a0Fototeca, Hemeroteca y Biblioteca Mario V\u00e1zquez Ra\u00f1a Ese futuro no lleg\u00f3, las mexicanas en su vida cotidiana viven &nbsp;grandes obst\u00e1culos como la&nbsp;violencia y la impunidad La falta de reconocimiento del trabajo de cuidados son parte de los [&hellip;]<\/p>\n","protected":false},"author":3,"featured_media":96533,"comment_status":"open","ping_status":"open","sticky":false,"template":"","format":"standard","meta":{"_monsterinsights_skip_tracking":false,"footnotes":""},"categories":[694],"tags":[],"class_list":["post-96530","post","type-post","status-publish","format-standard","has-post-thumbnail","category-destacadas"],"_links":{"self":[{"href":"https:\/\/redsemlac.com\/semmexico\/wp-json\/wp\/v2\/posts\/96530","targetHints":{"allow":["GET"]}}],"collection":[{"href":"https:\/\/redsemlac.com\/semmexico\/wp-json\/wp\/v2\/posts"}],"about":[{"href":"https:\/\/redsemlac.com\/semmexico\/wp-json\/wp\/v2\/types\/post"}],"author":[{"embeddable":true,"href":"https:\/\/redsemlac.com\/semmexico\/wp-json\/wp\/v2\/users\/3"}],"replies":[{"embeddable":true,"href":"https:\/\/redsemlac.com\/semmexico\/wp-json\/wp\/v2\/comments?post=96530"}],"version-history":[{"count":0,"href":"https:\/\/redsemlac.com\/semmexico\/wp-json\/wp\/v2\/posts\/96530\/revisions"}],"wp:featuredmedia":[{"embeddable":true,"href":"https:\/\/redsemlac.com\/semmexico\/wp-json\/wp\/v2\/media\/96533"}],"wp:attachment":[{"href":"https:\/\/redsemlac.com\/semmexico\/wp-json\/wp\/v2\/media?parent=96530"}],"wp:term":[{"taxonomy":"category","embeddable":true,"href":"https:\/\/redsemlac.com\/semmexico\/wp-json\/wp\/v2\/categories?post=96530"},{"taxonomy":"post_tag","embeddable":true,"href":"https:\/\/redsemlac.com\/semmexico\/wp-json\/wp\/v2\/tags?post=96530"}],"curies":[{"name":"wp","href":"https:\/\/api.w.org\/{rel}","templated":true}]}}