{"id":96524,"date":"2025-06-27T20:36:29","date_gmt":"2025-06-28T02:36:29","guid":{"rendered":"https:\/\/redsemlac.com\/semmexico\/?p=96524"},"modified":"2025-06-27T20:36:29","modified_gmt":"2025-06-28T02:36:29","slug":"altavoz-radio-presenta-su-5a-marcha-radiofonica-la-caravana-diversa","status":"publish","type":"post","link":"https:\/\/redsemlac.com\/semmexico\/altavoz-radio-presenta-su-5a-marcha-radiofonica-la-caravana-diversa\/","title":{"rendered":"Altavoz Radio presenta su 5\u00aa Marcha Radiof\u00f3nica: \u201cLa Caravana Diversa\u201d"},"content":{"rendered":"\n<ul class=\"wp-block-list\">\n<li>Celebraron la \u201cDiversidad sin fronteras: \u00a1Justicia, Resistencia, Unidad!\u201d<\/li>\n\n\n\n<li>En el mes de la Diversidad LGBTTTIQA+, Altavoz Radio lanza una programaci\u00f3n especial<\/li>\n<\/ul>\n\n\n\n<p class=\"wp-block-paragraph\">SemM\u00e9xico, Ciudad de M\u00e9xico, 27 de junio, 2025.- En el marco del D\u00eda Internacional del Orgullo LGBTTTIQA+, Altavoz Radio, la red radiof\u00f3nica del Sistema P\u00fablico de Radiodifusi\u00f3n del Estado Mexicano (SPR) realiz\u00f3 este viernes por quinto a\u00f1o consecutivo, su Marcha Radiof\u00f3nica: La Caravana Diversa.<\/p>\n\n\n\n<p class=\"wp-block-paragraph\">La Caravana Diversa realiz\u00f3 un recorrido simb\u00f3lico a bordo de un tren radiof\u00f3nico que entrelaza arte, memoria y lucha por los derechos. A lo largo del trayecto, se escuchar\u00e1n las voces de quienes enfrentan violencias estructurales y de quienes celebr\u00f3 los avances en materia de igualdad y reconocimiento.<\/p>\n\n\n\n<p class=\"wp-block-paragraph\">Al ritmo de Rap, Sof\u00eda Kowo guiar\u00e1 a las audiencias por los vagones de los Derechos Humanos e inclusi\u00f3n de la comunidad LGBTTTIQA+, as\u00ed como de los grupos de movilidad y pol\u00edticas a favor de la comunidad en tr\u00e1nsito.<\/p>\n\n\n\n<p class=\"wp-block-paragraph\">Participaron colectivos de Culiac\u00e1n, Chihuahua, Tabasco, la Comarca Lagunera, Mazatl\u00e1n y M\u00e9rida, quienes detallar\u00e1n el trabajo que realizan en favor de los grupos vulnerables.<\/p>\n\n\n\n<p class=\"wp-block-paragraph\">Desde una perspectiva internacional, la escritora Sandra Lorenzano (Argentina) y el periodista y activista Marlos Castillo (Per\u00fa) abordaron las violaciones a los derechos humanos que enfrentan las personas LGBTTTIQA+ en Am\u00e9rica Latina.<\/p>\n\n\n\n<p class=\"wp-block-paragraph\">En la marcha tambi\u00e9n estuvieron presentes voces desde otras ciudades sede de Altavoz Radio, como Campeche, Colima, Durango, La Paz, Villahermosa y Tapachula. La transmisi\u00f3n cerrar\u00e1 con la m\u00fasica de DJ Eternal Glow.<\/p>\n\n\n\n<p class=\"wp-block-paragraph\"><strong>Altavoz Radio se viste de colores y suma voces<\/strong><\/p>\n\n\n\n<p class=\"wp-block-paragraph\">Como parte de esta conmemoraci\u00f3n, Altavoz Radio ofreci\u00f3 una programaci\u00f3n especial que da espacio a las demandas, experiencias y expresiones de la comunidad LGBTTTIQA+.<\/p>\n\n\n\n<p class=\"wp-block-paragraph\">Este viernes 27 de junio, entre las 10 y las 12 del d\u00eda en Mucho+Q2, particip\u00f3 Horacio Franco, flautista mexicano, quien plane\u00f3 el arte como forma de resistencia.<\/p>\n\n\n\n<p class=\"wp-block-paragraph\">Carol Cervantes, directora esc\u00e9nica y poeta, comparti\u00f3 su poes\u00eda desde la disidencia. Praxedis Razo, cr\u00edtico de cine, abordo la representaci\u00f3n de la diversidad en el s\u00e9ptimo arte. Polymarchs puso el ritmo con luces, sonido y orgullo, y Renee Goust, cantante y compositora, cerrar\u00e1 con M\u00fasica con bandera.<\/p>\n\n\n\n<p class=\"wp-block-paragraph\">Este s\u00e1bado 28 de junio la programaci\u00f3n sigue:<\/p>\n\n\n\n<p class=\"wp-block-paragraph\">Todos los colores, una misma frecuencia | 14:00 a 15:00 h<\/p>\n\n\n\n<p class=\"wp-block-paragraph\">Un programa musical especial para conmemorar el D\u00eda Internacional del Orgullo, con ritmos que celebran la identidad, la alegr\u00eda y la resistencia de la comunidad LGBTTTIQA+. Una coproducci\u00f3n entre Ibero 90.9, Altavoz Radio y Radio Ciudadana (IMER 1350 AM).<\/p>\n\n\n\n<p class=\"wp-block-paragraph\">Escucha Altavoz Radio a trav\u00e9s de sus 15 frecuencias:<\/p>\n\n\n\n<p class=\"wp-block-paragraph\">Acapulco 93.3 FM<\/p>\n\n\n\n<p class=\"wp-block-paragraph\">Campeche 88.5 FM<\/p>\n\n\n\n<p class=\"wp-block-paragraph\">Chihuahua 96.1 FM<\/p>\n\n\n\n<p class=\"wp-block-paragraph\">Ciudad Valles 92.9 FM<\/p>\n\n\n\n<p class=\"wp-block-paragraph\">Coatzacoalcos 104.3 FM<\/p>\n\n\n\n<p class=\"wp-block-paragraph\">Colima 102.9 FM<\/p>\n\n\n\n<p class=\"wp-block-paragraph\">Comarca Lagunera 104.7 FM<\/p>\n\n\n\n<p class=\"wp-block-paragraph\">Culiac\u00e1n 89.1 FM<\/p>\n\n\n\n<p class=\"wp-block-paragraph\">Durango 90.5 FM<\/p>\n\n\n\n<p class=\"wp-block-paragraph\">La Paz 88.9 FM<\/p>\n\n\n\n<p class=\"wp-block-paragraph\">Mazatl\u00e1n 103.5 FM<\/p>\n\n\n\n<p class=\"wp-block-paragraph\">M\u00e9rida 89.7 FM<\/p>\n\n\n\n<p class=\"wp-block-paragraph\">Tapachula 101.1 FM<\/p>\n\n\n\n<p class=\"wp-block-paragraph\">Villahermosa 94.5 FM<\/p>\n\n\n\n<p class=\"wp-block-paragraph\">Tambi\u00e9n puedes disfrutar de esta programaci\u00f3n especial en Radio Ciudadana 1350 AM (IMER), v\u00eda streaming o en las redes sociales de @altavozmxradio: Facebook, Instagram, y X.<\/p>\n\n\n\n<p class=\"wp-block-paragraph\">Por una radio que escuche todas las voces:<\/p>\n\n\n\n<p class=\"wp-block-paragraph\">\u00a1Marchamos en todos los colores, en una misma frecuencia!<\/p>\n\n\n\n<p class=\"wp-block-paragraph\">#UnidosPorLasAudiencias<\/p>\n","protected":false},"excerpt":{"rendered":"<p>SemM\u00e9xico, Ciudad de M\u00e9xico, 27 de junio, 2025.- En el marco del D\u00eda Internacional del Orgullo LGBTTTIQA+, Altavoz Radio, la red radiof\u00f3nica del Sistema P\u00fablico de Radiodifusi\u00f3n del Estado Mexicano (SPR) realiz\u00f3 este viernes por quinto a\u00f1o consecutivo, su Marcha Radiof\u00f3nica: La Caravana Diversa. La Caravana Diversa realiz\u00f3 un recorrido simb\u00f3lico a bordo de un [&hellip;]<\/p>\n","protected":false},"author":3,"featured_media":96525,"comment_status":"open","ping_status":"open","sticky":false,"template":"","format":"standard","meta":{"_monsterinsights_skip_tracking":false,"footnotes":""},"categories":[694],"tags":[],"class_list":["post-96524","post","type-post","status-publish","format-standard","has-post-thumbnail","category-destacadas"],"_links":{"self":[{"href":"https:\/\/redsemlac.com\/semmexico\/wp-json\/wp\/v2\/posts\/96524","targetHints":{"allow":["GET"]}}],"collection":[{"href":"https:\/\/redsemlac.com\/semmexico\/wp-json\/wp\/v2\/posts"}],"about":[{"href":"https:\/\/redsemlac.com\/semmexico\/wp-json\/wp\/v2\/types\/post"}],"author":[{"embeddable":true,"href":"https:\/\/redsemlac.com\/semmexico\/wp-json\/wp\/v2\/users\/3"}],"replies":[{"embeddable":true,"href":"https:\/\/redsemlac.com\/semmexico\/wp-json\/wp\/v2\/comments?post=96524"}],"version-history":[{"count":0,"href":"https:\/\/redsemlac.com\/semmexico\/wp-json\/wp\/v2\/posts\/96524\/revisions"}],"wp:featuredmedia":[{"embeddable":true,"href":"https:\/\/redsemlac.com\/semmexico\/wp-json\/wp\/v2\/media\/96525"}],"wp:attachment":[{"href":"https:\/\/redsemlac.com\/semmexico\/wp-json\/wp\/v2\/media?parent=96524"}],"wp:term":[{"taxonomy":"category","embeddable":true,"href":"https:\/\/redsemlac.com\/semmexico\/wp-json\/wp\/v2\/categories?post=96524"},{"taxonomy":"post_tag","embeddable":true,"href":"https:\/\/redsemlac.com\/semmexico\/wp-json\/wp\/v2\/tags?post=96524"}],"curies":[{"name":"wp","href":"https:\/\/api.w.org\/{rel}","templated":true}]}}