{"id":96518,"date":"2025-06-27T20:27:48","date_gmt":"2025-06-28T02:27:48","guid":{"rendered":"https:\/\/redsemlac.com\/semmexico\/?p=96518"},"modified":"2025-06-27T20:27:49","modified_gmt":"2025-06-28T02:27:49","slug":"cruz-monumental-en-memoria-de-mariana-lima-buendia","status":"publish","type":"post","link":"https:\/\/redsemlac.com\/semmexico\/cruz-monumental-en-memoria-de-mariana-lima-buendia\/","title":{"rendered":"Cruz monumental en memoria de Mariana Lima Buend\u00eda"},"content":{"rendered":"\n<ul class=\"wp-block-list\">\n<li>El acto encabezado por la defensora Irinea Buend\u00eda ser\u00e1 este s\u00e1bado en Netzahualc\u00f3yotl<\/li>\n\n\n\n<li>Ya pasaron 15 a\u00f1os \u201cy estos d\u00edas me siguen pareciendo tristes\u201d, dice<\/li>\n<\/ul>\n\n\n\n<p class=\"wp-block-paragraph\">Soledad Jarqu\u00edn Edgar<\/p>\n\n\n\n<p class=\"wp-block-paragraph\">SemM\u00e9xico, Toluca, 27 de junio, 2025.- A Irinea Buend\u00eda Cortez estos d\u00edas le siguen pareciendo muy tristes e igual de dolorosos, a su memoria vienen los amargos recuerdos del asesinato de su hija Mariana Lima Buend\u00eda, ocurrido un 25 de junio de 2010.<\/p>\n\n\n\n<p class=\"wp-block-paragraph\">En memoria de Mariana, su madre, una destacada defensora de derechos humano, colocar\u00e1 el pr\u00f3ximo s\u00e1bado 28 de junio, en la explanada de la presidencia municipal de Nezahualc\u00f3yotl, la una cruz rosa monumental contra el feminicidio.<\/p>\n\n\n\n<p class=\"wp-block-paragraph\">En estos 15 a\u00f1os, Irinea Buend\u00eda Cortez no ha dejado de luchar ni un solo momento en la b\u00fasqueda de justicia para Mariana. El 25 de marzo de 2015, la Suprema Corte de Justicia de la Naci\u00f3n emiti\u00f3 el primer pronunciamiento relacionado con el feminicidio.<\/p>\n\n\n\n<p class=\"wp-block-paragraph\">La determinaci\u00f3n judicial que estableci\u00f3 que todo homicidio violento de mujeres debe ser investigado con perspectiva de g\u00e9nero y fij\u00f3 reglas que obligan a la autoridad judicial a implementar protocolos de prevenci\u00f3n, investigaci\u00f3n y de procuraci\u00f3n e impartici\u00f3n de justicia.<\/p>\n\n\n\n<p class=\"wp-block-paragraph\">Buend\u00eda Cortez, incansable, recorri\u00f3 en los \u00faltimos a\u00f1os todo el pa\u00eds para divulgar la Sentencia que muy com\u00fanmente siguen omitiendo en los tribunales estatales y en las Fiscal\u00edas.<\/p>\n\n\n\n<p class=\"wp-block-paragraph\">En d\u00edas pasados y en memoria de su hija, Irinea Buend\u00eda Cortez dio un paso m\u00e1s al entregar junto con la presidenta de la Comisi\u00f3n de Salud, Asistencia y Bienestar Social, Jennifer Nathalie Gonz\u00e1lez L\u00f3pez, integrante de la Comisi\u00f3n de Derechos Humanos y de la Comisi\u00f3n de Derechos de la Ni\u00f1ez, Adolescencia y Familia, una iniciativa para tipificar como delito la negaci\u00f3n de justicia por razones de g\u00e9nero, el<\/p>\n\n\n\n<p class=\"wp-block-paragraph\">primero de su tipo en el pa\u00eds.<\/p>\n\n\n\n<p class=\"wp-block-paragraph\">Establecer como obligaci\u00f3n de la Fiscal\u00eda General de Justicia del Estado de<\/p>\n\n\n\n<p class=\"wp-block-paragraph\">M\u00e9xico que todas las muertes violentas de mujeres se investiguen conforme al protocolo de feminicidio, y, tercero que sancione las omisiones de autoridades que perpet\u00faan la impunidad.<\/p>\n\n\n\n<p class=\"wp-block-paragraph\">Por ello, la propuesta adiciona una fracci\u00f3n al art\u00edculo 50 de la Ley de Acceso de las Mujeres a una Vida Libre de Violencia del Estado de M\u00e9xico, sobre las atribuciones que le corresponden a la Fiscal\u00eda General de Justicia del Estado de M\u00e9xico.<\/p>\n\n\n\n<p class=\"wp-block-paragraph\">De esa manera en el cap\u00edtulo De la competencia estatal, art\u00edculo 50, fracci\u00f3n II, propone \u201cinvestigar con perspectiva de g\u00e9nero y debida diligencia, todas las muertes violentas de mujeres y ni\u00f1as, bajo el protocolo del feminicidio, incluidos los suicidios, accidentes y cualquier forma de muerte violenta de mujeres.<\/p>\n\n\n\n<p class=\"wp-block-paragraph\">Tambi\u00e9n propone adicionar la fracci\u00f3n XXXIV del art\u00edculo 353 del C\u00f3digo Penal del Estado de M\u00e9xico; con el objetivo de tipificar el delito de Negaci\u00f3n de la Justicia por Razones de G\u00e9nero, para quedar como sigue: Cap\u00edtulo XIII, Delitos cometidos por servidores p\u00fablicos de la procuraci\u00f3n y administraci\u00f3n de justicia, \u201cEstando obligado a investigar y\/o sancionar un delito cometido contra una mujer por razones de g\u00e9nero, incurra en actos de corrupci\u00f3n, omisiones, falencias, negligencias, obstruya la investigaci\u00f3n y obstruya la justicia, en perjuicio del derecho de la v\u00edctima a la verdad, la justicia y las reparaciones.<\/p>\n\n\n\n<p class=\"wp-block-paragraph\">Finalmente, la iniciativa sugiere a quien cometa los delitos previstos en las fracciones V, VI, X, XI, XII, XIII, XIV, XV, XVI, XVIII, XIX, XX, XXIV, XXV, XXVI, XXVII, XXVIII, XXIX, XXX, XXXI, XXXII, XXXIII y XXXIV, se le impondr\u00e1n de cuatro a diez a\u00f1os de prisi\u00f3n, de cien a ciento cincuenta d\u00edas multa y la destituci\u00f3n e inhabilitaci\u00f3n que corresponda.<\/p>\n","protected":false},"excerpt":{"rendered":"<p>Soledad Jarqu\u00edn Edgar SemM\u00e9xico, Toluca, 27 de junio, 2025.- A Irinea Buend\u00eda Cortez estos d\u00edas le siguen pareciendo muy tristes e igual de dolorosos, a su memoria vienen los amargos recuerdos del asesinato de su hija Mariana Lima Buend\u00eda, ocurrido un 25 de junio de 2010. En memoria de Mariana, su madre, una destacada defensora [&hellip;]<\/p>\n","protected":false},"author":3,"featured_media":96519,"comment_status":"open","ping_status":"open","sticky":false,"template":"","format":"standard","meta":{"_monsterinsights_skip_tracking":false,"footnotes":""},"categories":[748],"tags":[],"class_list":["post-96518","post","type-post","status-publish","format-standard","has-post-thumbnail","category-cultura-feminista"],"_links":{"self":[{"href":"https:\/\/redsemlac.com\/semmexico\/wp-json\/wp\/v2\/posts\/96518","targetHints":{"allow":["GET"]}}],"collection":[{"href":"https:\/\/redsemlac.com\/semmexico\/wp-json\/wp\/v2\/posts"}],"about":[{"href":"https:\/\/redsemlac.com\/semmexico\/wp-json\/wp\/v2\/types\/post"}],"author":[{"embeddable":true,"href":"https:\/\/redsemlac.com\/semmexico\/wp-json\/wp\/v2\/users\/3"}],"replies":[{"embeddable":true,"href":"https:\/\/redsemlac.com\/semmexico\/wp-json\/wp\/v2\/comments?post=96518"}],"version-history":[{"count":0,"href":"https:\/\/redsemlac.com\/semmexico\/wp-json\/wp\/v2\/posts\/96518\/revisions"}],"wp:featuredmedia":[{"embeddable":true,"href":"https:\/\/redsemlac.com\/semmexico\/wp-json\/wp\/v2\/media\/96519"}],"wp:attachment":[{"href":"https:\/\/redsemlac.com\/semmexico\/wp-json\/wp\/v2\/media?parent=96518"}],"wp:term":[{"taxonomy":"category","embeddable":true,"href":"https:\/\/redsemlac.com\/semmexico\/wp-json\/wp\/v2\/categories?post=96518"},{"taxonomy":"post_tag","embeddable":true,"href":"https:\/\/redsemlac.com\/semmexico\/wp-json\/wp\/v2\/tags?post=96518"}],"curies":[{"name":"wp","href":"https:\/\/api.w.org\/{rel}","templated":true}]}}