{"id":96511,"date":"2025-06-27T20:13:45","date_gmt":"2025-06-28T02:13:45","guid":{"rendered":"https:\/\/redsemlac.com\/semmexico\/?p=96511"},"modified":"2025-06-27T20:13:47","modified_gmt":"2025-06-28T02:13:47","slug":"se-casan-mas-mujeres-que-hombres-con-parejas-del-mismo-sexo","status":"publish","type":"post","link":"https:\/\/redsemlac.com\/semmexico\/se-casan-mas-mujeres-que-hombres-con-parejas-del-mismo-sexo\/","title":{"rendered":"Se casan m\u00e1s mujeres que hombres con parejas del mismo sexo"},"content":{"rendered":"\n<ul class=\"wp-block-list\">\n<li>Matrimonio entre personas del mismo sexo representan el 1.3 % del total de casamientos civiles en M\u00e9xico<\/li>\n\n\n\n<li>Tambi\u00e9n son ellas las que m\u00e1s se separan<\/li>\n<\/ul>\n\n\n\n<p class=\"wp-block-paragraph\">Micaela M\u00e1rquez<\/p>\n\n\n\n<p class=\"wp-block-paragraph\">SemM\u00e9xico, Ciudad de M\u00e9xico, 27 de junio, 2025.- En el pa\u00eds los matrimonios de personas contrayentes del mismo sexo representaron el 1.3 por ciento del total, es decir seis mil 606 personas y las entidades donde m\u00e1s se registraron son la Ciudad de M\u00e9xico, Baja California y Jalisco, en contraste las ciudades donde menos matrimonios se registraron fueron Veracruz, Guerrero y Chiapas.<\/p>\n\n\n\n<p class=\"wp-block-paragraph\">En M\u00e9xico, cinco millones de personas se autoidentificaron como LGBTI+, 3.2 millones declararon ser solteras, 1.5 millones estar casadas o vivir en uni\u00f3n libre, y 223.7 mil, separadas, divorciadas o viudas, de acuerdo con el Instituto Nacional de Geograf\u00eda y Estad\u00edstica (INEGI).<\/p>\n\n\n\n<p class=\"wp-block-paragraph\">Con motivo del Dia Internacional del Orgullo LGBTI+, que se conmemora cada 28 de junio desde de 1970, luego de la Revuelta de Stonewall (Nueva York), la cual consisti\u00f3 en una serie de protestas contra una redada policial ocurrida la madrugada del 28 de junio de 1969 contra esta comunidad, el INEGI presenta informaci\u00f3n para conocer las caracter\u00edsticas de esta poblaci\u00f3n a partir de la Encuesta Nacional sobre Diversidad Sexual y de G\u00e9nero (ENDISEG) 2021.<\/p>\n\n\n\n<p class=\"wp-block-paragraph\">En 2023, datos de la Estad\u00edstica de Matrimonios mostraron que seis mil 606 personas del mismo sexo se casaron: de ellas tres mil 964, el 60 por ciento fueron mujeres y dos mil 642, 40 hombres. Mientras que, seg\u00fan la Estad\u00edstica de Divorcios, en 2023 se registraron 714 separaciones legales de personas del mismo sexo: 454, el 63.6 por ciento fueron divorcios entre mujeres y 260, 36.4 por ciento, entre hombres.<\/p>\n\n\n\n<p class=\"wp-block-paragraph\">A nivel nacional se registraron 501 mil 529 matrimonios, de los cuales 494 mil 923 (98.7 %) fueron de personas contrayentes hombre-mujer y seis mil 606 (1.3 %), de personas del mismo sexo. Mientras que los matrimonios entre mujeres han aumentado, ya que, de mil 992 matrimonios registrados en 2019, en 2023 ascendieron a tres mil 694.<\/p>\n\n\n\n<p class=\"wp-block-paragraph\">En 2023 se registraron 704 divorciantes del mismo sexo, los divorcios tambi\u00e9n han ido en aumento principalmente para las mujeres quienes pasaron de 9.6 divorcios por cada 100 matrimonios en 2019 a 11.5 en 2023. Para los hombres, increment\u00f3 de 9.1 a 9.8 en el mismo periodo. Del total de divorcios entre c\u00f3nyuges del mismo sexo, 52.1 por ciento (372) fue voluntario o por mutuo acuerdo y 47.5 por ciento (339), necesario. Para las mujeres, el divorcio voluntario fue de 50.2 por ciento (228) y de 55.4 por ciento (144), para hombres.<\/p>\n\n\n\n<p class=\"wp-block-paragraph\">Por grupo de edad, las contrayentes mujeres son m\u00e1s entre los 15 y 39 a\u00f1os y a partir de los 40 a\u00f1os, el porcentaje de contrayentes hombres fue mayor que el de las mujeres. Mientras que en los grupos de edad de 50 a\u00f1os y m\u00e1s el porcentaje de contrayentes hombres fue el doble que de las mujeres.&nbsp;<\/p>\n\n\n\n<p class=\"wp-block-paragraph\">Por el nivel de escolaridad, tres mil 86 de las contrayentes tienen estudios profesionales, dos mil 316 estudios de preparatoria o equivalente y de secundaria mil 361 mientras. Los contrayentes dos mil 487 tienen estudios profesionales, preparatoria o equivalente mil 428 y secundaria 550.<\/p>\n\n\n\n<p class=\"wp-block-paragraph\"><strong>Concentraciones del Orgullo LGTB 2025<\/strong><\/p>\n\n\n\n<p class=\"wp-block-paragraph\">Con motivo del Dia Internacional del Orgullo LGTB 2025 se realizan marchas en varias entidades del pa\u00eds en la Ciudad de M\u00e9xico parte del \u00c1ngel de la Independencia al Z\u00f3calo. El lema de este a\u00f1o es \u201cDiversidad sin fronteras: \u00a1Justicia, Resistencia y Unidad!\u201d.<\/p>\n\n\n\n<p class=\"wp-block-paragraph\">Por otra parte, esta tarde noche, a partir de las 19 horas, habr\u00e1 una concentraci\u00f3n \u00bfD\u00f3nde est\u00e1n nuestrxs desaparecidxs LGBT+?<\/p>\n\n\n\n<p class=\"wp-block-paragraph\">Una acci\u00f3n de resistencia y memoria, para visibilizar y exigir justicia por las desapariciones de personas LGBTI+ en nuestro pa\u00eds y exigencia de la b\u00fasqueda adecuada y el acceso a la justicia de lxs desaparecidxs LGBTI+ y sus familias.<\/p>\n\n\n\n<p class=\"wp-block-paragraph\">SEM\/mm\/sj<\/p>\n\n\n\n<figure class=\"wp-block-image size-large\"><a href=\"https:\/\/redsemlac.com\/semmexico\/wp-content\/uploads\/2025\/06\/lgtb-.jpg\"><img loading=\"lazy\" decoding=\"async\" width=\"819\" height=\"1024\" src=\"https:\/\/redsemlac.com\/semmexico\/wp-content\/uploads\/2025\/06\/lgtb--819x1024.jpg\" alt=\"\" class=\"wp-image-96512\" srcset=\"https:\/\/redsemlac.com\/semmexico\/wp-content\/uploads\/2025\/06\/lgtb--819x1024.jpg 819w, https:\/\/redsemlac.com\/semmexico\/wp-content\/uploads\/2025\/06\/lgtb--240x300.jpg 240w, https:\/\/redsemlac.com\/semmexico\/wp-content\/uploads\/2025\/06\/lgtb--768x960.jpg 768w, https:\/\/redsemlac.com\/semmexico\/wp-content\/uploads\/2025\/06\/lgtb--150x188.jpg 150w, https:\/\/redsemlac.com\/semmexico\/wp-content\/uploads\/2025\/06\/lgtb--300x375.jpg 300w, https:\/\/redsemlac.com\/semmexico\/wp-content\/uploads\/2025\/06\/lgtb--696x870.jpg 696w, https:\/\/redsemlac.com\/semmexico\/wp-content\/uploads\/2025\/06\/lgtb--1068x1335.jpg 1068w, https:\/\/redsemlac.com\/semmexico\/wp-content\/uploads\/2025\/06\/lgtb-.jpg 1080w\" sizes=\"auto, (max-width: 819px) 100vw, 819px\" \/><\/a><\/figure>\n","protected":false},"excerpt":{"rendered":"<p>Micaela M\u00e1rquez SemM\u00e9xico, Ciudad de M\u00e9xico, 27 de junio, 2025.- En el pa\u00eds los matrimonios de personas contrayentes del mismo sexo representaron el 1.3 por ciento del total, es decir seis mil 606 personas y las entidades donde m\u00e1s se registraron son la Ciudad de M\u00e9xico, Baja California y Jalisco, en contraste las ciudades donde [&hellip;]<\/p>\n","protected":false},"author":3,"featured_media":96513,"comment_status":"open","ping_status":"open","sticky":false,"template":"","format":"standard","meta":{"_monsterinsights_skip_tracking":false,"footnotes":""},"categories":[694],"tags":[],"class_list":["post-96511","post","type-post","status-publish","format-standard","has-post-thumbnail","category-destacadas"],"_links":{"self":[{"href":"https:\/\/redsemlac.com\/semmexico\/wp-json\/wp\/v2\/posts\/96511","targetHints":{"allow":["GET"]}}],"collection":[{"href":"https:\/\/redsemlac.com\/semmexico\/wp-json\/wp\/v2\/posts"}],"about":[{"href":"https:\/\/redsemlac.com\/semmexico\/wp-json\/wp\/v2\/types\/post"}],"author":[{"embeddable":true,"href":"https:\/\/redsemlac.com\/semmexico\/wp-json\/wp\/v2\/users\/3"}],"replies":[{"embeddable":true,"href":"https:\/\/redsemlac.com\/semmexico\/wp-json\/wp\/v2\/comments?post=96511"}],"version-history":[{"count":0,"href":"https:\/\/redsemlac.com\/semmexico\/wp-json\/wp\/v2\/posts\/96511\/revisions"}],"wp:featuredmedia":[{"embeddable":true,"href":"https:\/\/redsemlac.com\/semmexico\/wp-json\/wp\/v2\/media\/96513"}],"wp:attachment":[{"href":"https:\/\/redsemlac.com\/semmexico\/wp-json\/wp\/v2\/media?parent=96511"}],"wp:term":[{"taxonomy":"category","embeddable":true,"href":"https:\/\/redsemlac.com\/semmexico\/wp-json\/wp\/v2\/categories?post=96511"},{"taxonomy":"post_tag","embeddable":true,"href":"https:\/\/redsemlac.com\/semmexico\/wp-json\/wp\/v2\/tags?post=96511"}],"curies":[{"name":"wp","href":"https:\/\/api.w.org\/{rel}","templated":true}]}}