{"id":9651,"date":"2019-07-10T18:05:39","date_gmt":"2019-07-10T18:05:39","guid":{"rendered":"https:\/\/redsemlac.com\/semmexico\/?p=9651"},"modified":"2023-07-21T14:50:45","modified_gmt":"2023-07-21T19:50:45","slug":"cese-a-la-criminalizacion-en-contra-de-una-mujer-indigena-por-parte-del-presidente-municipal-de-tlapa-de-comonfort-exigen-activistas","status":"publish","type":"post","link":"https:\/\/redsemlac.com\/semmexico\/cese-a-la-criminalizacion-en-contra-de-una-mujer-indigena-por-parte-del-presidente-municipal-de-tlapa-de-comonfort-exigen-activistas\/","title":{"rendered":"Cese a la criminalizaci\u00f3n en contra de una mujer ind\u00edgena por parte del presidente municipal de Tlapa de Comonfort, exigen activistas"},"content":{"rendered":"\n<p class=\"wp-block-paragraph\"> <strong>Las activistas rechazan la criminalizaci\u00f3n que a trav\u00e9s de redes sociales han hecho en contra de la joven madre.<\/strong><\/p>\n\n\n\n<p class=\"wp-block-paragraph\"><strong>Josefina Aguilar Pastor<\/strong><\/p>\n\n\n\n<p class=\"wp-block-paragraph\">SemM\u00e9xico. Chilpancingo, Guerrero; 10 de julio de 2019.- Organizaciones civiles de mujeres, piden al gobierno del Estado, intervenir para solucionar el caso de Yaqueline Cruz Nemorio, madre soltera acusada y criminalizada por abandonar supuestamente a su hijo en la calle.<\/p>\n\n\n\n<p class=\"wp-block-paragraph\">Marina Reyna Aguilar, presidenta de la&nbsp;Asociaci\u00f3n Guerrerense contra la Violencia hacia las Mujeres, dio a conocer un escrito dirigido al Secretario General de gobierno, Florencio Salazar Adame, en su calidad de presidente del&nbsp;Sistema para Prevenir, Atender, Sancionar y Erradicar la Violencia contra las Mujeres, en el que solicitan su intervenci\u00f3n para solucionar el caso de Yaqueline Cruz Nemorio, originaria de San Mart\u00edn Jolalpan, del municipio de Cualac, en la regi\u00f3n de la monta\u00f1a alta de Guerrero.<\/p>\n\n\n\n<p class=\"wp-block-paragraph\">Las activistas rechazan la criminalizaci\u00f3n que a trav\u00e9s de redes sociales han hecho en contra de la joven madre, as\u00ed como por parte del propio presidente municipal de Tlapa de Comonfort, Dionicio Merced Pichardo Garc\u00eda, quien adem\u00e1s ha descalificado el trabajo que realizan la abogada del Centro de Derechos Humanos de la Monta\u00f1a \u201cTlalchinollan\u201d, Neil Arias Vitinio y la periodista Carmen Gonz\u00e1lez Benicio respecto a este caso.<\/p>\n\n\n\n<p class=\"wp-block-paragraph\">En dicha petici\u00f3n presentada al interior de la segunda sesi\u00f3n ordinaria del Sistema para Prevenir, Atender, Sancionar y Erradicar la Violencia contra las Mujeres, llevada a cabo este martes, las activistas solicitan al Secretario General de Gobierno, que las dependencias responsables con injerencia en este caso, act\u00faen de manera profesional, responsable, \u00e9tica y con perspectiva de g\u00e9nero, para concluir con apego a derechos, respetando los derechos humanos de Cruz Nemorio.<\/p>\n\n\n\n<p class=\"wp-block-paragraph\">Que&nbsp;&nbsp;junto con la Secretar\u00eda Ejecutiva del Sistema, Salazar Adame, llame al alcalde de Tlapa, a conducirse con prudencia, imparcialidad y bajo estricto respeto a los derechos de Yaqueline Cruz; tambi\u00e9n solicitaron que la Secretar\u00eda de la Mujer, a trav\u00e9s del Centro de Justicia para Mujeres de la Monta\u00f1a, dentro de la impartici\u00f3n de justicia con perspectiva de g\u00e9nero, brinde acompa\u00f1amiento y atenci\u00f3n psicol\u00f3gica si ella lo requiere.<\/p>\n\n\n\n<p class=\"wp-block-paragraph\">Tambi\u00e9n que brinde medidas de protecci\u00f3n para preservar la seguridad e integridad f\u00edsica de la periodistas Carmen Gonz\u00e1lez Benicio y de la abogada Neil Arias Vitinio, as\u00ed como de la propia Yaqueline Cruz y su familia, que han sido blanco de las declaraciones descalificativas y con tinte mis\u00f3gino del presidente municipal de Tlapa, Dionicio Merced Pichardo Garc\u00eda.<\/p>\n\n\n\n<p class=\"wp-block-paragraph\">Firman este documento; Erika Salinas Valadez, Coalici\u00f3n de Mujeres Rurales A.C; rosa Delia Guillen Valent\u00edn, del Grupo interdisciplinario para la Igualdad; Beatriz Eslava Borja, Organizaci\u00f3n Feminista Kaniche Eslava A.C.; Marina Reyna Aguilar de la Asociaci\u00f3n Guerrerense contra las la Violencia hacia las Mujeres; Alma Delia Garc\u00eda S\u00e1nchez, Desarrollo Humano Internacional A.C; Silvia Galena Valente, presidenta de la Fundaci\u00f3n Bloque de Mujeres al Poder A.C., Yuridia Melchor S\u00e1nchez, de la organizaci\u00f3n Mujeres de Tlapa.<\/p>\n","protected":false},"excerpt":{"rendered":"<p>Las activistas rechazan la criminalizaci\u00f3n que a trav\u00e9s de redes sociales han hecho en contra de la joven madre<\/p>\n","protected":false},"author":3,"featured_media":9652,"comment_status":"open","ping_status":"open","sticky":false,"template":"","format":"standard","meta":{"_monsterinsights_skip_tracking":false,"footnotes":""},"categories":[690,54],"tags":[],"class_list":["post-9651","post","type-post","status-publish","format-standard","has-post-thumbnail","category-690","category-mujeres"],"_links":{"self":[{"href":"https:\/\/redsemlac.com\/semmexico\/wp-json\/wp\/v2\/posts\/9651","targetHints":{"allow":["GET"]}}],"collection":[{"href":"https:\/\/redsemlac.com\/semmexico\/wp-json\/wp\/v2\/posts"}],"about":[{"href":"https:\/\/redsemlac.com\/semmexico\/wp-json\/wp\/v2\/types\/post"}],"author":[{"embeddable":true,"href":"https:\/\/redsemlac.com\/semmexico\/wp-json\/wp\/v2\/users\/3"}],"replies":[{"embeddable":true,"href":"https:\/\/redsemlac.com\/semmexico\/wp-json\/wp\/v2\/comments?post=9651"}],"version-history":[{"count":0,"href":"https:\/\/redsemlac.com\/semmexico\/wp-json\/wp\/v2\/posts\/9651\/revisions"}],"wp:featuredmedia":[{"embeddable":true,"href":"https:\/\/redsemlac.com\/semmexico\/wp-json\/wp\/v2\/media\/9652"}],"wp:attachment":[{"href":"https:\/\/redsemlac.com\/semmexico\/wp-json\/wp\/v2\/media?parent=9651"}],"wp:term":[{"taxonomy":"category","embeddable":true,"href":"https:\/\/redsemlac.com\/semmexico\/wp-json\/wp\/v2\/categories?post=9651"},{"taxonomy":"post_tag","embeddable":true,"href":"https:\/\/redsemlac.com\/semmexico\/wp-json\/wp\/v2\/tags?post=9651"}],"curies":[{"name":"wp","href":"https:\/\/api.w.org\/{rel}","templated":true}]}}