{"id":96507,"date":"2025-06-27T20:03:22","date_gmt":"2025-06-28T02:03:22","guid":{"rendered":"https:\/\/redsemlac.com\/semmexico\/?p=96507"},"modified":"2025-06-27T20:03:23","modified_gmt":"2025-06-28T02:03:23","slug":"violencia-obstetrica-hacia-una-respuesta-colectiva","status":"publish","type":"post","link":"https:\/\/redsemlac.com\/semmexico\/violencia-obstetrica-hacia-una-respuesta-colectiva\/","title":{"rendered":"Violencia obst\u00e9trica: hacia una respuesta colectiva"},"content":{"rendered":"\n<ul class=\"wp-block-list\">\n<li>GIRE, el Instituto Uehiro de la Universidad de Oxford y el Instituto de Investigaciones Jur\u00eddicas de la UNAM fortalecen una agenda com\u00fan<\/li>\n\n\n\n<li>Quieren contribuir, de manera sostenida y articulada, a erradicar la violencia obst\u00e9trica en M\u00e9xico<\/li>\n<\/ul>\n\n\n\n<p class=\"wp-block-paragraph\">Camila Riva Palacio Rabad\u00e1n e Ir\u00e9kani Alarc\u00f3n Acosta<\/p>\n\n\n\n<p class=\"wp-block-paragraph\">SemM\u00e9xico, 27 de junio, 2025.- En 2011, GIRE ampli\u00f3 sus ejes de trabajo para incorporar la&nbsp;violencia obst\u00e9trica&nbsp;como parte central de su agenda, reconoci\u00e9ndola como una&nbsp;manifestaci\u00f3n espec\u00edfica de violencia institucional que demuestra las fallas estructurales dentro del sistema de salud. A trav\u00e9s de iniciativas como el&nbsp;Tribunal Simb\u00f3lico sobre violencia obst\u00e9trica y muerte materna, publicaciones como&nbsp;Justicia olvidada: violencia e impunidad en la salud reproductiva&nbsp;y herramientas como&nbsp;Monitor S\/R Salud reproductiva&nbsp;ha presentado evidencia y propuesto un enfoque que trascienda lo punitivo, insistiendo en la necesidad de transformar las condiciones institucionales que permiten la vulneraci\u00f3n de los derechos de las mujeres y personas gestantes durante la atenci\u00f3n obst\u00e9trica.<\/p>\n\n\n\n<p class=\"wp-block-paragraph\">Durante m\u00e1s de diez a\u00f1os se ha documentado c\u00f3mo esta forma de violencia ocurre durante el embarazo, el parto y el posparto, afectando de manera desproporcionada a personas j\u00f3venes, ind\u00edgenas, con discapacidad o que se encuentran en contextos de mayor vulnerabilidad. Se ha se\u00f1alado que no puede ser abordada desde una l\u00f3gica individualizante y punitiva, pues ello invisibiliza el origen estructural del problema, y que en lugar de apostar por la criminalizaci\u00f3n deben buscarse alternativas sist\u00e9micas:&nbsp;reformas normativas y de pol\u00edtica p\u00fablica que garanticen condiciones dignas de atenci\u00f3n a la salud&nbsp;y reconozcan la diversidad de necesidades de las mujeres y personas gestantes.<\/p>\n\n\n\n<p class=\"wp-block-paragraph\">En este sentido, conscientes de la necesidad de articular esfuerzos y generar espacios de di\u00e1logo que permitan un abordaje multidisciplinario y m\u00e1s efectivo del tema,&nbsp;GIRE, el Instituto Uehiro de la Universidad de Oxford y el Instituto de Investigaciones Jur\u00eddicas de la UNAM organizamos un proyecto de colaboraci\u00f3n&nbsp;con el objetivo de explorar la violencia obst\u00e9trica, aumentar la comprensi\u00f3n de sus efectos y discutir enfoques pr\u00e1cticos para mejorar la atenci\u00f3n de la salud reproductiva. Asimismo, buscamos fomentar el di\u00e1logo entre personas acad\u00e9micas de diversas disciplinas y trayectorias para promover soluciones innovadoras y sostenibles que reconozcan las condiciones estructurales e institucionales de esta problem\u00e1tica.<\/p>\n\n\n\n<p class=\"wp-block-paragraph\">El primer paso de esta colaboraci\u00f3n fue un&nbsp;taller realizado en la Universidad de Oxford, donde participaron acad\u00e9micas de distintos pa\u00edses y disciplinas, as\u00ed como parteras, doulas y organizaciones de la sociedad civil. Durante dos d\u00edas, las asistentes compartieron experiencias sobre violencia obst\u00e9trica desde sus contextos locales, lo que permiti\u00f3 complejizar la comprensi\u00f3n del fen\u00f3meno y discutir rutas alternativas para su transformaci\u00f3n. Entre los principales hallazgos de las investigaciones presentadas, destac\u00f3 la&nbsp;persistencia de la violencia obst\u00e9trica&nbsp;incluso en&nbsp;sistemas de salud desarrollados y con esquemas de parter\u00eda institucionalizados; el debate sobre los&nbsp;l\u00edmites del concepto como herramienta para fortalecer estrategias socio-legales, as\u00ed como&nbsp;la importancia de reconocerla como una forma de violencia institucionalizada, interseccional y racializada&nbsp;para potenciar su capacidad de cambio. GIRE present\u00f3 la investigaci\u00f3n&nbsp;\u00bfQu\u00e9 dicen los datos p\u00fablicos? Radiograf\u00eda de la violencia obst\u00e9trica y la muerte materna, con base en los principales resultados de la ENDIREH con relaci\u00f3n a la atenci\u00f3n obst\u00e9trica en sus versiones 2016 y 2021, enfatizando la importancia del involucramiento de la sociedad civil y la academia en la producci\u00f3n de informaci\u00f3n estad\u00edstica por parte de las instituciones p\u00fablicas.<\/p>\n\n\n\n<p class=\"wp-block-paragraph\">El segundo paso consisti\u00f3 en un&nbsp;ejercicio que tuvo como objetivo contextualizar la discusi\u00f3n en M\u00e9xico. Para ello, se organiz\u00f3 un evento de dos d\u00edas. En la&nbsp;primera jornada, acad\u00e9micas y especialistas de distintas disciplinas presentaron investigaciones clave para profundizar en la comprensi\u00f3n de la violencia obst\u00e9trica desde diferentes \u00e1ngulos. Se discutieron temas como: la experiencia de GIRE en la documentaci\u00f3n, investigaci\u00f3n,&nbsp; incidencia y acompa\u00f1amiento de casos en la \u00faltima d\u00e9cada;&nbsp;las consecuencias en las vidas y los cuerpos de las personas que vivieron violencia obst\u00e9trica;&nbsp;la evoluci\u00f3n estad\u00edstica de esta problem\u00e1tica en M\u00e9xico entre 2011 y 2021;&nbsp; la necesidad de pensar en modelos de atenci\u00f3n que permitan parir sin violencia, as\u00ed como los patrones institucionales que han normalizado pr\u00e1cticas como las ces\u00e1reas y la anticoncepci\u00f3n quir\u00fargica sin consentimiento informado. Estas reflexiones permitieron abrir un espacio colectivo de an\u00e1lisis cr\u00edtico sobre c\u00f3mo se ejerce, registra y se puede prevenir esta forma de violencia estructural.<\/p>\n\n\n\n<p class=\"wp-block-paragraph\">La segunda jornada consisti\u00f3 en un taller, facilitado por el equipo de&nbsp;Colmena Consultoras, expertas en gesti\u00f3n de proyectos, investigaci\u00f3n y capacitaci\u00f3n en salud p\u00fablica, en el que participaron profesionales de atenci\u00f3n a la salud sexual y reproductiva en M\u00e9xico involucrados en el debate en torno a la conceptualizaci\u00f3n, los alcances, los desaf\u00edos y las estrategias para la identificaci\u00f3n y eliminaci\u00f3n de la violencia obst\u00e9trica. Se exploraron y analizaron las definiciones de esta problem\u00e1tica, sus manifestaciones, las causas y los factores asociados, las estrategias y las buenas pr\u00e1cticas dentro del sector salud para combatirla. Tambi\u00e9n se discutieron y reconocieron los desaf\u00edos para cada una de las personas involucradas en la atenci\u00f3n, y la defensa y promoci\u00f3n de los derechos reproductivos de las mujeres y personas con capacidad de gestar.<\/p>\n\n\n\n<p class=\"wp-block-paragraph\">Estos espacios de encuentro y reflexi\u00f3n no fueron ejercicios aislados, sino parte de un esfuerzo m\u00e1s amplio por construir estrategias innovadoras que se traduzcan en transformaciones concretas. A partir del intercambio entre disciplinas, saberes pr\u00e1cticos y experiencias institucionales, se delinearon propuestas que apuntan a mejorar la atenci\u00f3n en salud reproductiva, as\u00ed como a incidir en la estructura misma de las instituciones y en el dise\u00f1o de pol\u00edticas p\u00fablicas. El trabajo conjunto que se impulsa desde esta colaboraci\u00f3n busca fortalecer una agenda com\u00fan que contribuya, de manera sostenida y articulada, a erradicar la violencia obst\u00e9trica en M\u00e9xico.<\/p>\n\n\n\n<p class=\"wp-block-paragraph\">* Camila Riva Palacio Rabad\u00e1n (<a href=\"https:\/\/x.com\/RivaPalacio98\" target=\"_blank\" rel=\"noreferrer noopener\">@RivaPalacio98<\/a>) es Investigadora Jur\u00eddica e Ir\u00e9kani Alarc\u00f3n Acosta es Investigador en&nbsp;<a href=\"https:\/\/x.com\/GIRE_mx\" target=\"_blank\" rel=\"noreferrer noopener\">@GIRE_mx<\/a>. * Publicado originalmente en Animal Pol\u00edtico<\/p>\n\n\n\n<figure class=\"wp-block-image size-large\"><a href=\"https:\/\/redsemlac.com\/semmexico\/wp-content\/uploads\/2025\/06\/GIRE-scaled.jpg\"><img loading=\"lazy\" decoding=\"async\" width=\"448\" height=\"1024\" src=\"https:\/\/redsemlac.com\/semmexico\/wp-content\/uploads\/2025\/06\/GIRE-448x1024.jpg\" alt=\"\" class=\"wp-image-96508\" srcset=\"https:\/\/redsemlac.com\/semmexico\/wp-content\/uploads\/2025\/06\/GIRE-448x1024.jpg 448w, https:\/\/redsemlac.com\/semmexico\/wp-content\/uploads\/2025\/06\/GIRE-131x300.jpg 131w, https:\/\/redsemlac.com\/semmexico\/wp-content\/uploads\/2025\/06\/GIRE-768x1757.jpg 768w, https:\/\/redsemlac.com\/semmexico\/wp-content\/uploads\/2025\/06\/GIRE-895x2048.jpg 895w, https:\/\/redsemlac.com\/semmexico\/wp-content\/uploads\/2025\/06\/GIRE-150x343.jpg 150w, https:\/\/redsemlac.com\/semmexico\/wp-content\/uploads\/2025\/06\/GIRE-300x686.jpg 300w, https:\/\/redsemlac.com\/semmexico\/wp-content\/uploads\/2025\/06\/GIRE-696x1592.jpg 696w, https:\/\/redsemlac.com\/semmexico\/wp-content\/uploads\/2025\/06\/GIRE-1068x2443.jpg 1068w, https:\/\/redsemlac.com\/semmexico\/wp-content\/uploads\/2025\/06\/GIRE-scaled.jpg 1119w\" sizes=\"auto, (max-width: 448px) 100vw, 448px\" \/><\/a><\/figure>\n","protected":false},"excerpt":{"rendered":"<p>Camila Riva Palacio Rabad\u00e1n e Ir\u00e9kani Alarc\u00f3n Acosta SemM\u00e9xico, 27 de junio, 2025.- En 2011, GIRE ampli\u00f3 sus ejes de trabajo para incorporar la&nbsp;violencia obst\u00e9trica&nbsp;como parte central de su agenda, reconoci\u00e9ndola como una&nbsp;manifestaci\u00f3n espec\u00edfica de violencia institucional que demuestra las fallas estructurales dentro del sistema de salud. A trav\u00e9s de iniciativas como el&nbsp;Tribunal Simb\u00f3lico sobre [&hellip;]<\/p>\n","protected":false},"author":3,"featured_media":96509,"comment_status":"open","ping_status":"open","sticky":false,"template":"","format":"standard","meta":{"_monsterinsights_skip_tracking":false,"footnotes":""},"categories":[748],"tags":[],"class_list":["post-96507","post","type-post","status-publish","format-standard","has-post-thumbnail","category-cultura-feminista"],"_links":{"self":[{"href":"https:\/\/redsemlac.com\/semmexico\/wp-json\/wp\/v2\/posts\/96507","targetHints":{"allow":["GET"]}}],"collection":[{"href":"https:\/\/redsemlac.com\/semmexico\/wp-json\/wp\/v2\/posts"}],"about":[{"href":"https:\/\/redsemlac.com\/semmexico\/wp-json\/wp\/v2\/types\/post"}],"author":[{"embeddable":true,"href":"https:\/\/redsemlac.com\/semmexico\/wp-json\/wp\/v2\/users\/3"}],"replies":[{"embeddable":true,"href":"https:\/\/redsemlac.com\/semmexico\/wp-json\/wp\/v2\/comments?post=96507"}],"version-history":[{"count":0,"href":"https:\/\/redsemlac.com\/semmexico\/wp-json\/wp\/v2\/posts\/96507\/revisions"}],"wp:featuredmedia":[{"embeddable":true,"href":"https:\/\/redsemlac.com\/semmexico\/wp-json\/wp\/v2\/media\/96509"}],"wp:attachment":[{"href":"https:\/\/redsemlac.com\/semmexico\/wp-json\/wp\/v2\/media?parent=96507"}],"wp:term":[{"taxonomy":"category","embeddable":true,"href":"https:\/\/redsemlac.com\/semmexico\/wp-json\/wp\/v2\/categories?post=96507"},{"taxonomy":"post_tag","embeddable":true,"href":"https:\/\/redsemlac.com\/semmexico\/wp-json\/wp\/v2\/tags?post=96507"}],"curies":[{"name":"wp","href":"https:\/\/api.w.org\/{rel}","templated":true}]}}