{"id":96501,"date":"2025-06-27T19:37:54","date_gmt":"2025-06-28T01:37:54","guid":{"rendered":"https:\/\/redsemlac.com\/semmexico\/?p=96501"},"modified":"2025-06-27T19:37:55","modified_gmt":"2025-06-28T01:37:55","slug":"llama-onu-dh-a-excluir-toda-prueba-obtenida-mediante-tortura","status":"publish","type":"post","link":"https:\/\/redsemlac.com\/semmexico\/llama-onu-dh-a-excluir-toda-prueba-obtenida-mediante-tortura\/","title":{"rendered":"Llama ONU-DH a excluir toda prueba obtenida mediante tortura"},"content":{"rendered":"\n<ul class=\"wp-block-list\">\n<li>Anima los poderes judiciales a garantizar los derechos de las v\u00edctimas de tortura<\/li>\n\n\n\n<li>El respeto a la independencia judicial es esencial para materializar un control efectivo del quehacer de las instituciones<\/li>\n<\/ul>\n\n\n\n<p class=\"wp-block-paragraph\">Redacci\u00f3n<\/p>\n\n\n\n<p class=\"wp-block-paragraph\">SemM\u00e9xico, Ciudad de M\u00e9xico, 27 de junio, 2025.- En un contexto de renovaci\u00f3n de los poderes judiciales en M\u00e9xico, la Oficina en M\u00e9xico del Alto Comisionado de las Naciones Unidas para los Derechos Humanos (ONU-DH) anima particularmente a las autoridades encargadas de impartir justicia a excluir de manera integral toda prueba obtenida mediante tortura o cualquier otra violaci\u00f3n a derechos humanos.<br><br><\/p>\n\n\n\n<p class=\"wp-block-paragraph\">El&nbsp;D\u00eda Internacional en Apoyo de las V\u00edctimas de la Tortura, que se conmemor\u00f3 este jueves, hace un llamado a los poderes judiciales a comprometerse de manera efectiva con la erradicaci\u00f3n de la tortura y la dignificaci\u00f3n de las v\u00edctimas.<br><br>Excluir de manera integral toda prueba obtenida mediante tortura requiere que las autoridades judiciales tengan la capacidad de realizar una revisi\u00f3n inmediata, independiente e imparcial de las investigaciones, de las detenciones y de los procesos penales; est\u00e9n dotadas de las capacidades t\u00e9cnicas necesarias para ello, y act\u00faen libres de cualquier influencia, presi\u00f3n, amenaza o intromisi\u00f3n indebida.<br><br>El respeto a la independencia judicial es esencial para materializar un control efectivo del quehacer de las instituciones encargadas de la seguridad p\u00fablica y la procuraci\u00f3n de justicia, as\u00ed como para salvaguardar los derechos de las v\u00edctimas de tortura.<br><br>De manera especial, alentamos a que las y los jueces de control funcionen como aut\u00e9nticos garantes de los derechos de las personas desde las etapas iniciales del proceso penal, en particular al momento de verificar la legalidad de la detenci\u00f3n. De igual forma, resulta fundamental que las personas procesadas que opten por un procedimiento abreviado lo hagan libres de toda coacci\u00f3n, con pleno conocimiento de sus alternativas y sus consecuencias, y que gocen en todo momento de una defensa adecuada.<br><br>Cabe recordar que la tortura est\u00e1 prohibida de forma absoluta. Esta pr\u00e1ctica aberrante lesiona la dignidad inherente al ser humano, trastoca la integridad de las personas, socava la confianza en las instituciones y es un medio para la fabricaci\u00f3n de culpables. Dada su naturaleza intr\u00ednsicamente perniciosa, nada justifica su uso. Los problemas de inseguridad y violencia no deben combatirse mediante actos adicionales de injusticia.<br>&nbsp;<br>La Oficina reconoce aquellas resoluciones que han tutelado el principio de exclusi\u00f3n de pruebas il\u00edcitas, y saluda la adopci\u00f3n de herramientas y pol\u00edticas judiciales y administrativas orientadas en la misma direcci\u00f3n. Alentamos a que, en el futuro, impere el principio de progresividad y que los avances registrados se preserven, expandan y profundicen.<br><br>En un marco en el que tambi\u00e9n se est\u00e1 valorando la reforma de las instancias de seguridad y procuraci\u00f3n de justicia, resulta fundamental que se profesionalicen las investigaciones, se erradique la tortura y se garantice el acceso a la justicia para las v\u00edctimas sobrevivientes, enfrentando decididamente la impunidad.<br><br>Finalmente, en este D\u00eda Internacional en Apoyo de las V\u00edctimas de la Tortura, la ONU-DH renueva su respaldo y solidaridad hacia las v\u00edctimas de tortura, en particular con aquellas que han sido hist\u00f3ricamente vulneradas por motivos relacionados con su apariencia, condici\u00f3n socioecon\u00f3mica, g\u00e9nero, origen \u00e9tnico, racial o nacional, entre otras formas de discriminaci\u00f3n.<\/p>\n\n\n\n<p class=\"wp-block-paragraph\">SEM\/sj<\/p>\n","protected":false},"excerpt":{"rendered":"<p>Redacci\u00f3n SemM\u00e9xico, Ciudad de M\u00e9xico, 27 de junio, 2025.- En un contexto de renovaci\u00f3n de los poderes judiciales en M\u00e9xico, la Oficina en M\u00e9xico del Alto Comisionado de las Naciones Unidas para los Derechos Humanos (ONU-DH) anima particularmente a las autoridades encargadas de impartir justicia a excluir de manera integral toda prueba obtenida mediante tortura [&hellip;]<\/p>\n","protected":false},"author":3,"featured_media":96502,"comment_status":"open","ping_status":"open","sticky":false,"template":"","format":"standard","meta":{"_monsterinsights_skip_tracking":false,"footnotes":""},"categories":[694],"tags":[],"class_list":["post-96501","post","type-post","status-publish","format-standard","has-post-thumbnail","category-destacadas"],"_links":{"self":[{"href":"https:\/\/redsemlac.com\/semmexico\/wp-json\/wp\/v2\/posts\/96501","targetHints":{"allow":["GET"]}}],"collection":[{"href":"https:\/\/redsemlac.com\/semmexico\/wp-json\/wp\/v2\/posts"}],"about":[{"href":"https:\/\/redsemlac.com\/semmexico\/wp-json\/wp\/v2\/types\/post"}],"author":[{"embeddable":true,"href":"https:\/\/redsemlac.com\/semmexico\/wp-json\/wp\/v2\/users\/3"}],"replies":[{"embeddable":true,"href":"https:\/\/redsemlac.com\/semmexico\/wp-json\/wp\/v2\/comments?post=96501"}],"version-history":[{"count":0,"href":"https:\/\/redsemlac.com\/semmexico\/wp-json\/wp\/v2\/posts\/96501\/revisions"}],"wp:featuredmedia":[{"embeddable":true,"href":"https:\/\/redsemlac.com\/semmexico\/wp-json\/wp\/v2\/media\/96502"}],"wp:attachment":[{"href":"https:\/\/redsemlac.com\/semmexico\/wp-json\/wp\/v2\/media?parent=96501"}],"wp:term":[{"taxonomy":"category","embeddable":true,"href":"https:\/\/redsemlac.com\/semmexico\/wp-json\/wp\/v2\/categories?post=96501"},{"taxonomy":"post_tag","embeddable":true,"href":"https:\/\/redsemlac.com\/semmexico\/wp-json\/wp\/v2\/tags?post=96501"}],"curies":[{"name":"wp","href":"https:\/\/api.w.org\/{rel}","templated":true}]}}