{"id":96493,"date":"2025-06-27T18:14:09","date_gmt":"2025-06-28T00:14:09","guid":{"rendered":"https:\/\/redsemlac.com\/semmexico\/?p=96493"},"modified":"2025-06-27T18:14:10","modified_gmt":"2025-06-28T00:14:10","slug":"unam-debe-reforzar-el-trabajo-por-la-cultura-de-la-paz-mario-luis-fuentes","status":"publish","type":"post","link":"https:\/\/redsemlac.com\/semmexico\/unam-debe-reforzar-el-trabajo-por-la-cultura-de-la-paz-mario-luis-fuentes\/","title":{"rendered":"UNAM debe reforzar el trabajo por la cultura de la paz: Mario Luis Fuentes"},"content":{"rendered":"\n<ul class=\"wp-block-list\">\n<li>Se grad\u00faa octava generaci\u00f3n del Diplomado en l\u00ednea sobre Trata de Personas, suman mil 719 personas egresadas<\/li>\n\n\n\n<li>Concluyen estudiantes de 12 pa\u00edses<\/li>\n<\/ul>\n\n\n\n<p class=\"wp-block-paragraph\">Redacci\u00f3n<\/p>\n\n\n\n<p class=\"wp-block-paragraph\">SemM\u00e9xico, Ciudad de M\u00e9xico, 27 de junio, 2025.- Ante la situaci\u00f3n del pa\u00eds y la crisis de violencia por la que atraviesa, la Universidad Nacional debe fortalecer su trabajo conjunto, interdisciplinario e interinstitucional, sostuvo el titular de la C\u00e1tedra Extraordinaria Trata de Personas de la UNAM, Mario Luis Fuentes Alcal\u00e1.<\/p>\n\n\n\n<p class=\"wp-block-paragraph\">Por ello, abund\u00f3, hay que reforzar el trabajo por la cultura de la paz; facultades, seminarios y c\u00e1tedras \u201ctenemos que hacer mucho m\u00e1s para enfrentar una situaci\u00f3n que nos abruma y nos rebasa, pero que nos convoca a enfrentar y detener la espiral de violencia\u201d.<\/p>\n\n\n\n<p class=\"wp-block-paragraph\">Durante la ceremonia de clausura del Diplomado en L\u00ednea sobre Trata de Personas, en su octava edici\u00f3n, el tambi\u00e9n presidente del Patronato Universitario dijo que en esta ocasi\u00f3n se graduaron m\u00e1s de 100 alumnas y alumnos, con lo que suman mil 719 egresados.<\/p>\n\n\n\n<p class=\"wp-block-paragraph\">Los estudiantes fueron: de M\u00e9xico, 51; Costa Rica, 30; Chile, siete; Uruguay, seis; Argentina, dos; Per\u00fa, dos; y uno de Bolivia, Cuba, Ecuador, Polonia, Panam\u00e1 y Venezuela, respectivamente. \u201cSe reconoce el Diplomado como un esfuerzo de la UNAM para formar nuevos agentes de cambio y enfrentar todas las violencias\u201d.<\/p>\n\n\n\n<p class=\"wp-block-paragraph\">Luego de agradecer a las diversas instancias su participaci\u00f3n anunci\u00f3 que existe una iniciativa para que se modifique el documento de creaci\u00f3n de la C\u00e1tedra, y la Escuela Nacional de Ciencias Forenses (ENCiF) sea parte de su Comit\u00e9 T\u00e9cnico.<\/p>\n\n\n\n<p class=\"wp-block-paragraph\">En tanto, la directora de la ENCiF, Zoraida Garc\u00eda Castillo, recalc\u00f3 el trabajo que pueden realizar las entidades acad\u00e9micas de la Universidad Nacional, sobre todo \u201ccuando unimos esfuerzos para abordar temas tan importantes como la trata de personas, que cruza con la mayor\u00eda de violencias que pueden sufrir, y que en nuestro pa\u00eds es un problema muy visible\u201d.<\/p>\n\n\n\n<p class=\"wp-block-paragraph\">Implica referirse a la violaci\u00f3n de prerrogativas fundamentales, desaparici\u00f3n, feminicidio y otros delitos y violencias. Este es un problema estructural, sistem\u00e1tico, que aqueja a nuestra naci\u00f3n y a la regi\u00f3n; de ah\u00ed la preocupaci\u00f3n de la Universidad por atenderlo. La ENCiF, recalc\u00f3, tiene la capacidad de aportar en los temas que trabaja la C\u00e1tedra.<\/p>\n\n\n\n<p class=\"wp-block-paragraph\">En el acto, efectuado en el auditorio de la ENACiF, la directora del Instituto de Investigaciones Sociales, Marcela Amaro Rosales, alert\u00f3 que la persistencia de la pobreza, el crecimiento de las desigualdades, el aumento de los conflictos armados, la profundizaci\u00f3n de las violencias estructurales y el debilitamiento de las instituciones p\u00fablicas han dado paso a escenarios de inseguridad humana sin precedente.<\/p>\n\n\n\n<p class=\"wp-block-paragraph\">Esta realidad expone a millones de personas al riesgo de ser v\u00edctimas de delitos como la trata de personas con fines de explotaci\u00f3n laboral y sexual, acot\u00f3.<\/p>\n\n\n\n<p class=\"wp-block-paragraph\">En este contexto, prosigui\u00f3, resulta urgente y necesario formar, articular y fortalecer capacidades institucionales y sociales para defender la dignidad humana y garantizar una respuesta con enfoque de derechos, g\u00e9nero y justicia social frente a las formas de esclavitud moderna y violencias m\u00faltiples que enfrentan las poblaciones m\u00e1s desprotegidas.<\/p>\n\n\n\n<p class=\"wp-block-paragraph\">\u201cEste Diplomado se ha confirmado como un espacio de formaci\u00f3n que reafirma nuestro compromiso colectivo con la defensa de los derechos humanos y la erradicaci\u00f3n de los cr\u00edmenes m\u00e1s graves que enfrenta nuestra sociedad\u201d, agreg\u00f3.<\/p>\n\n\n\n<p class=\"wp-block-paragraph\">Al hacer uso de la palabra, la directora de la Facultad de Derecho, Sonia Venegas \u00c1lvarez, record\u00f3 que la octava edici\u00f3n se estructur\u00f3 como un riguroso recorrido acad\u00e9mico de 224 horas distribuidas en siete m\u00f3dulos tem\u00e1ticos. Este esfuerzo interinstitucional y acad\u00e9mico es resultado de un trabajo constante, comprometido y sostenido a lo largo de los a\u00f1os.<\/p>\n\n\n\n<p class=\"wp-block-paragraph\">Desde su primera edici\u00f3n en 2017 se ha consolidado como referente nacional e internacional. Mil 719 personas han recorrido este camino formativo, entre ellas 756 servidores p\u00fablicos; 160 integrantes de comunidades acad\u00e9micas y 136 integrantes de organizaciones de la sociedad civil, refiri\u00f3.<\/p>\n\n\n\n<p class=\"wp-block-paragraph\">La directora de la Facultad de Estudios Superiores Acatl\u00e1n,<a> <\/a>Nora del Consuelo Goris Mayans, destac\u00f3 que la misi\u00f3n de la Universidad de la naci\u00f3n es atender los retos que en ocasiones no volteamos a ver, se vuelven cotidianos y se normalizan.<\/p>\n\n\n\n<p class=\"wp-block-paragraph\">M\u00e1s adelante, la titular de la Facultad de Econom\u00eda, Lorena Rodr\u00edguez Le\u00f3n, dijo que mediante esta actividad acad\u00e9mica se ha formado a especialistas comprometidos con la defensa de las garant\u00edas inalienables y la dignidad de las personas.<\/p>\n\n\n\n<p class=\"wp-block-paragraph\">Hay condiciones econ\u00f3micas que posibilitan y perpet\u00faan la situaci\u00f3n de violencia: precariedad, desigualdad, exclusi\u00f3n y pobreza, por eso \u201creafirmamos desde la Facultad el compromiso que tenemos con iniciativas como la C\u00e1tedra y el Diplomado, que promueven una formaci\u00f3n cr\u00edtica y transformadora\u201d.<\/p>\n\n\n\n<p class=\"wp-block-paragraph\">En este contexto, el director de la Facultad de Ciencias Pol\u00edticas y Sociales, Alejandro Chanona Burguete, asegur\u00f3 que los conocimientos y las herramientas que proporciona el Diplomado, desde la parte conceptual y legal hasta los aspectos m\u00e1s t\u00e9cnicos, instruyen personas altamente capacitadas en materia de prevenci\u00f3n, atenci\u00f3n a las v\u00edctimas y lucha contra ese delito.<\/p>\n\n\n\n<p class=\"wp-block-paragraph\">Con perspectiva de g\u00e9nero, detall\u00f3, los m\u00f3dulos incluyen el acceso a la justicia, reintegraci\u00f3n y garant\u00eda de no repetici\u00f3n. La trata de personas es una de las manifestaciones de la delincuencia organizada que m\u00e1s da\u00f1o causa; afecta la integridad f\u00edsica y emocional de las v\u00edctimas y su c\u00edrculo cercano.<\/p>\n\n\n\n<p class=\"wp-block-paragraph\">Se trata de uno de los delitos m\u00e1s rentables, ya que ocupa el segundo puesto en econom\u00edas il\u00edcitas predominantes a nivel internacional. \u201cDe ese tama\u00f1o es el reto que tienen las y los egresados\u201d, enfatiz\u00f3.<\/p>\n\n\n\n<p class=\"wp-block-paragraph\">En representaci\u00f3n de los graduados, Ana Karen Garc\u00eda \u00c1lvarez, agente del Ministerio P\u00fablico en la Fiscal\u00eda del Estado de Guanajuato, agradeci\u00f3 a la UNAM y a la C\u00e1tedra crear un espacio vital de aprendizaje, \u201cpor su rigor acad\u00e9mico y profundo enfoque humano que muestra una vez m\u00e1s que el compromiso de esta Universidad es con los m\u00e1s grandes y dolorosos problemas nacionales y globales\u201d.<\/p>\n\n\n\n<p class=\"wp-block-paragraph\">Nuestro deber es ser la voz que exige, la mano que protege y la acci\u00f3n que transforma; honremos a las v\u00edctimas, a los sobrevivientes y a aquellas personas que a\u00fan no han sido rescatadas, con nuestro trabajo diario, incansable y con profundo respeto a las garant\u00edas individuales, y construyamos un mundo donde la dignidad de cada quien sea, por fin, inviolable, apunt\u00f3.<\/p>\n\n\n\n<p class=\"wp-block-paragraph\">SEM\/sj<\/p>\n\n\n\n<figure class=\"wp-block-gallery has-nested-images columns-default is-cropped wp-block-gallery-1 is-layout-flex wp-block-gallery-is-layout-flex\">\n<figure class=\"wp-block-image size-large\"><a href=\"https:\/\/redsemlac.com\/semmexico\/wp-content\/uploads\/2025\/06\/4284-scaled.jpg\"><img loading=\"lazy\" decoding=\"async\" width=\"1024\" height=\"678\" data-id=\"96495\" src=\"https:\/\/redsemlac.com\/semmexico\/wp-content\/uploads\/2025\/06\/4284-1024x678.jpg\" alt=\"\" class=\"wp-image-96495\" srcset=\"https:\/\/redsemlac.com\/semmexico\/wp-content\/uploads\/2025\/06\/4284-1024x678.jpg 1024w, https:\/\/redsemlac.com\/semmexico\/wp-content\/uploads\/2025\/06\/4284-300x199.jpg 300w, https:\/\/redsemlac.com\/semmexico\/wp-content\/uploads\/2025\/06\/4284-768x508.jpg 768w, https:\/\/redsemlac.com\/semmexico\/wp-content\/uploads\/2025\/06\/4284-1536x1016.jpg 1536w, https:\/\/redsemlac.com\/semmexico\/wp-content\/uploads\/2025\/06\/4284-2048x1355.jpg 2048w, https:\/\/redsemlac.com\/semmexico\/wp-content\/uploads\/2025\/06\/4284-150x99.jpg 150w, https:\/\/redsemlac.com\/semmexico\/wp-content\/uploads\/2025\/06\/4284-696x461.jpg 696w, https:\/\/redsemlac.com\/semmexico\/wp-content\/uploads\/2025\/06\/4284-1068x707.jpg 1068w, https:\/\/redsemlac.com\/semmexico\/wp-content\/uploads\/2025\/06\/4284-1920x1270.jpg 1920w\" sizes=\"auto, (max-width: 1024px) 100vw, 1024px\" \/><\/a><\/figure>\n\n\n\n<figure class=\"wp-block-image size-large\"><a href=\"https:\/\/redsemlac.com\/semmexico\/wp-content\/uploads\/2025\/06\/4282-scaled.jpg\"><img loading=\"lazy\" decoding=\"async\" width=\"1024\" height=\"716\" data-id=\"96494\" src=\"https:\/\/redsemlac.com\/semmexico\/wp-content\/uploads\/2025\/06\/4282-1024x716.jpg\" alt=\"\" class=\"wp-image-96494\" srcset=\"https:\/\/redsemlac.com\/semmexico\/wp-content\/uploads\/2025\/06\/4282-1024x716.jpg 1024w, https:\/\/redsemlac.com\/semmexico\/wp-content\/uploads\/2025\/06\/4282-300x210.jpg 300w, https:\/\/redsemlac.com\/semmexico\/wp-content\/uploads\/2025\/06\/4282-768x537.jpg 768w, https:\/\/redsemlac.com\/semmexico\/wp-content\/uploads\/2025\/06\/4282-1536x1074.jpg 1536w, https:\/\/redsemlac.com\/semmexico\/wp-content\/uploads\/2025\/06\/4282-2048x1432.jpg 2048w, https:\/\/redsemlac.com\/semmexico\/wp-content\/uploads\/2025\/06\/4282-150x105.jpg 150w, https:\/\/redsemlac.com\/semmexico\/wp-content\/uploads\/2025\/06\/4282-696x487.jpg 696w, https:\/\/redsemlac.com\/semmexico\/wp-content\/uploads\/2025\/06\/4282-1068x747.jpg 1068w, https:\/\/redsemlac.com\/semmexico\/wp-content\/uploads\/2025\/06\/4282-1920x1343.jpg 1920w\" sizes=\"auto, (max-width: 1024px) 100vw, 1024px\" \/><\/a><\/figure>\n<\/figure>\n","protected":false},"excerpt":{"rendered":"<p>Redacci\u00f3n SemM\u00e9xico, Ciudad de M\u00e9xico, 27 de junio, 2025.- Ante la situaci\u00f3n del pa\u00eds y la crisis de violencia por la que atraviesa, la Universidad Nacional debe fortalecer su trabajo conjunto, interdisciplinario e interinstitucional, sostuvo el titular de la C\u00e1tedra Extraordinaria Trata de Personas de la UNAM, Mario Luis Fuentes Alcal\u00e1. Por ello, abund\u00f3, hay [&hellip;]<\/p>\n","protected":false},"author":3,"featured_media":96496,"comment_status":"open","ping_status":"open","sticky":false,"template":"","format":"standard","meta":{"_monsterinsights_skip_tracking":false,"footnotes":""},"categories":[748],"tags":[],"class_list":["post-96493","post","type-post","status-publish","format-standard","has-post-thumbnail","category-cultura-feminista"],"_links":{"self":[{"href":"https:\/\/redsemlac.com\/semmexico\/wp-json\/wp\/v2\/posts\/96493","targetHints":{"allow":["GET"]}}],"collection":[{"href":"https:\/\/redsemlac.com\/semmexico\/wp-json\/wp\/v2\/posts"}],"about":[{"href":"https:\/\/redsemlac.com\/semmexico\/wp-json\/wp\/v2\/types\/post"}],"author":[{"embeddable":true,"href":"https:\/\/redsemlac.com\/semmexico\/wp-json\/wp\/v2\/users\/3"}],"replies":[{"embeddable":true,"href":"https:\/\/redsemlac.com\/semmexico\/wp-json\/wp\/v2\/comments?post=96493"}],"version-history":[{"count":0,"href":"https:\/\/redsemlac.com\/semmexico\/wp-json\/wp\/v2\/posts\/96493\/revisions"}],"wp:featuredmedia":[{"embeddable":true,"href":"https:\/\/redsemlac.com\/semmexico\/wp-json\/wp\/v2\/media\/96496"}],"wp:attachment":[{"href":"https:\/\/redsemlac.com\/semmexico\/wp-json\/wp\/v2\/media?parent=96493"}],"wp:term":[{"taxonomy":"category","embeddable":true,"href":"https:\/\/redsemlac.com\/semmexico\/wp-json\/wp\/v2\/categories?post=96493"},{"taxonomy":"post_tag","embeddable":true,"href":"https:\/\/redsemlac.com\/semmexico\/wp-json\/wp\/v2\/tags?post=96493"}],"curies":[{"name":"wp","href":"https:\/\/api.w.org\/{rel}","templated":true}]}}