{"id":96487,"date":"2025-06-27T16:21:30","date_gmt":"2025-06-27T22:21:30","guid":{"rendered":"https:\/\/redsemlac.com\/semmexico\/?p=96487"},"modified":"2025-06-27T16:21:31","modified_gmt":"2025-06-27T22:21:31","slug":"indignacion-por-nombramiento-de-juan-ferrer-como-embajador-ante-la-unesco","status":"publish","type":"post","link":"https:\/\/redsemlac.com\/semmexico\/indignacion-por-nombramiento-de-juan-ferrer-como-embajador-ante-la-unesco\/","title":{"rendered":"Indignaci\u00f3n por nombramiento de Juan Ferrer como embajador ante la UNESCO"},"content":{"rendered":"\n<ul class=\"wp-block-list\">\n<li>Familias de infancias con c\u00e1ncer se\u00f1alan que es \u201cuna bofetada a la dignidad\u201d<\/li>\n\n\n\n<li>El tambi\u00e9n titular de INSABI fue ratificado por el Senado<\/li>\n<\/ul>\n\n\n\n<p class=\"wp-block-paragraph\">Micaela M\u00e1rquez<\/p>\n\n\n\n<p class=\"wp-block-paragraph\">SemM\u00e9xico, Ciudad de M\u00e9xico, 27 de junio, 2025.- El nombramiento de Juan Antonio Ferrer como embajador ante la UNESCO fue calificada como una bofetada a la dignidad de las familias mexicanas afectadas por el desabasto de medicinas y desmantelamiento del sistema de salud, principalmente infancias con c\u00e1ncer.<\/p>\n\n\n\n<p class=\"wp-block-paragraph\">Organizaciones que integran el Movimiento Nacional por la Salud alzan la voz \u201ccon indignaci\u00f3n y furia\u201d ante la sistem\u00e1tica y brutal violaci\u00f3n al derecho humano fundamental a la salud que el gobierno de Claudia Sheinbaum sigue perpetrando contra miles de ni\u00f1as, ni\u00f1os con c\u00e1ncer y enfermedades cr\u00f3nico-degenerativas, as\u00ed como a miles de adultos que claman por medicamentos y procedimientos.<\/p>\n\n\n\n<p class=\"wp-block-paragraph\">Juan Antonio Ferrer, antrop\u00f3logo originario de Tenosique, Tabasco, fue propuesto en marzo por la presidenta Claudia Sheinbaum Pardo y ratificado el pasado mi\u00e9rcoles por el Congreso de la Uni\u00f3n.<\/p>\n\n\n\n<p class=\"wp-block-paragraph\">Las familias de las infancias con c\u00e1ncer fueron testigos de c\u00f3mo bajo el mando de Ferrer en el Instituto de Salud para el Bienestar, INSABI, presenciaron una ola inmensa de malos manejos, una degradaci\u00f3n sin precedentes del sistema de salud, compras que nunca se concretaron, supuestos robos de medicamentos y una cadena interminable de mentiras que protegieron a un r\u00e9gimen insensible, burl\u00e1ndose de cientos de padres y madres de ni\u00f1os gravemente enfermos.<\/p>\n\n\n\n<p class=\"wp-block-paragraph\">Por estos hechos aberrantes informan que han presentado formalmente demandas ante la Fiscal\u00eda General de la Rep\u00fablica contra Juan Antonio Ferrer, \u201cpor su evidente y criminal mal manejo de los recursos destinados a la salud de miles de mexicanos, especialmente de ni\u00f1as y ni\u00f1os con condiciones m\u00e9dicas extremadamente complejas\u201d.<\/p>\n\n\n\n<p class=\"wp-block-paragraph\">Frente a esos hechos, se\u00f1alan las familias, resulta incomprensible y perverso que, desde el \u201cinsensible\u201d Gobierno Federal, se le premie con un cargo tan relevante, ya sea por haber protegido o por haber sido c\u00f3mplice de este fraude genocida que ha provocado el desabasto de quimioterapias, medicamentos y procedimientos esenciales.<\/p>\n\n\n\n<p class=\"wp-block-paragraph\">Al llamado de \u00a1No lo vamos a permitir! Se oponen f\u00e9rreamente a este nombramiento y exigen a la Fiscal\u00eda General de la Rep\u00fablica que no claudique y que contin\u00fae con las investigaciones pertinentes sobre este caso y todos los funcionarios involucrados que han denunciado.<\/p>\n\n\n\n<p class=\"wp-block-paragraph\">La impunidad no es una opci\u00f3n cuando se trata de la vida y la salud de nuestros hijos y de la sociedad en general.<\/p>\n\n\n\n<p class=\"wp-block-paragraph\">Tambi\u00e9n hacen un llamado a los medios de comunicaci\u00f3n y a la sociedad para que se sumen a \u201cnuestra condena, para que se informen y difundan esta verdad innegable. La salud no es un privilegio, es un derecho, y no descansaremos hasta que se haga justicia y se garantice el acceso a medicamentos y tratamientos para todos los mexicanos\u201d.<\/p>\n\n\n\n<p class=\"wp-block-paragraph\">\u00a1Ni un ni\u00f1o m\u00e1s sin medicamentos! \u00a1Ni una vida m\u00e1s sacrificada por la ineptitud y la corrupci\u00f3n!<\/p>\n\n\n\n<p class=\"wp-block-paragraph\">Firman por El Movimiento Nacional por la Salud: Pap\u00e1s de Ni\u00f1os con C\u00e1ncer A.C: Nicoatole A.C; De Coraz\u00f3n A.C., y Padres y Madres de familia de Ni\u00f1os y Ni\u00f1as con C\u00e1ncer agrupados de forma independiente.<\/p>\n\n\n\n<p class=\"wp-block-paragraph\"><strong>Ferrer nombrado embajador permanente en la UNESCO<\/strong><\/p>\n\n\n\n<p class=\"wp-block-paragraph\">Ante la protesta de la senadora Lilly T\u00e9llez quien lo acus\u00f3 de destruir el sistema de salud que provoc\u00f3 el desabasto de medicamentos durante la pandemia y el desv\u00edo de recursos en el sector salud. El funcionario fue ratificado por la <strong>Comisi\u00f3n Permanente del Congreso de la Uni\u00f3n<\/strong>, como embajador de M\u00e9xico ante la Organizaci\u00f3n de las Naciones Unidas para la Educaci\u00f3n, la Ciencia y la Cultura (UNESCO).&nbsp;<\/p>\n\n\n\n<p class=\"wp-block-paragraph\"><\/p>\n","protected":false},"excerpt":{"rendered":"<p>Micaela M\u00e1rquez SemM\u00e9xico, Ciudad de M\u00e9xico, 27 de junio, 2025.- El nombramiento de Juan Antonio Ferrer como embajador ante la UNESCO fue calificada como una bofetada a la dignidad de las familias mexicanas afectadas por el desabasto de medicinas y desmantelamiento del sistema de salud, principalmente infancias con c\u00e1ncer. Organizaciones que integran el Movimiento Nacional [&hellip;]<\/p>\n","protected":false},"author":3,"featured_media":96488,"comment_status":"open","ping_status":"open","sticky":false,"template":"","format":"standard","meta":{"_monsterinsights_skip_tracking":false,"footnotes":""},"categories":[50],"tags":[],"class_list":["post-96487","post","type-post","status-publish","format-standard","has-post-thumbnail","category-congreso"],"_links":{"self":[{"href":"https:\/\/redsemlac.com\/semmexico\/wp-json\/wp\/v2\/posts\/96487","targetHints":{"allow":["GET"]}}],"collection":[{"href":"https:\/\/redsemlac.com\/semmexico\/wp-json\/wp\/v2\/posts"}],"about":[{"href":"https:\/\/redsemlac.com\/semmexico\/wp-json\/wp\/v2\/types\/post"}],"author":[{"embeddable":true,"href":"https:\/\/redsemlac.com\/semmexico\/wp-json\/wp\/v2\/users\/3"}],"replies":[{"embeddable":true,"href":"https:\/\/redsemlac.com\/semmexico\/wp-json\/wp\/v2\/comments?post=96487"}],"version-history":[{"count":0,"href":"https:\/\/redsemlac.com\/semmexico\/wp-json\/wp\/v2\/posts\/96487\/revisions"}],"wp:featuredmedia":[{"embeddable":true,"href":"https:\/\/redsemlac.com\/semmexico\/wp-json\/wp\/v2\/media\/96488"}],"wp:attachment":[{"href":"https:\/\/redsemlac.com\/semmexico\/wp-json\/wp\/v2\/media?parent=96487"}],"wp:term":[{"taxonomy":"category","embeddable":true,"href":"https:\/\/redsemlac.com\/semmexico\/wp-json\/wp\/v2\/categories?post=96487"},{"taxonomy":"post_tag","embeddable":true,"href":"https:\/\/redsemlac.com\/semmexico\/wp-json\/wp\/v2\/tags?post=96487"}],"curies":[{"name":"wp","href":"https:\/\/api.w.org\/{rel}","templated":true}]}}