{"id":9648,"date":"2019-07-10T18:01:14","date_gmt":"2019-07-10T18:01:14","guid":{"rendered":"https:\/\/redsemlac.com\/semmexico\/?p=9648"},"modified":"2023-07-21T14:50:45","modified_gmt":"2023-07-21T19:50:45","slug":"me-respetas-la-nueva-aplicacion-contra-el-bullying-para-adolescentes-con-discapacidad","status":"publish","type":"post","link":"https:\/\/redsemlac.com\/semmexico\/me-respetas-la-nueva-aplicacion-contra-el-bullying-para-adolescentes-con-discapacidad\/","title":{"rendered":"\u201cMe Respetas\u201d: la nueva aplicaci\u00f3n contra el bullying para adolescentes con discapacidad"},"content":{"rendered":"\n<p class=\"wp-block-paragraph\"> <strong><em>La aplicaci\u00f3n tendr\u00e1 total accesibilidad, de modo que pueda ser utilizada por j\u00f3venes con cualquier tipo de discapacidad. <\/em><\/strong><\/p>\n\n\n\n<p class=\"wp-block-paragraph\"><strong><em>Redacci\u00f3n <\/em><\/strong><\/p>\n\n\n\n<p class=\"wp-block-paragraph\">SemM\u00e9xico\/AmecoPress. Madrid. 10 julio. 19. &#8211; La Fundaci\u00f3n CERMI Mujeres (FCM) pondr\u00e1 en marcha el pr\u00f3ximo oto\u00f1o la aplicaci\u00f3n m\u00f3vil \u201cMe respetas\u201d, con el fin de fomentar la prevenci\u00f3n y la erradicaci\u00f3n del acoso escolar en los casos que afectan a las j\u00f3venes con discapacidad de entre 12 y 18 a\u00f1os. La FCM se ha reunido con un grupo de personas expertas este lunes para mostrar los avances en el desarrollo de la aplicaci\u00f3n y recabar su opini\u00f3n, al igual que hizo la semana pasada con mujeres j\u00f3venes con discapacidad en Murcia.<\/p>\n\n\n\n<p class=\"wp-block-paragraph\">La reuni\u00f3n de este lunes ha contado con la participaci\u00f3n, adem\u00e1s de CERMI Mujeres, de representantes del Ministerio de Educaci\u00f3n, Save the Children, la Federaci\u00f3n Espa\u00f1ola de Municipios y Provincias (FEMP), el Instituto de la Juventud, la Comisi\u00f3n de Juventud de Salud Mental Espa\u00f1a, Amnist\u00eda Internacional, la Polic\u00eda Nacional y una abogada especializada en discapacidad.<\/p>\n\n\n\n<p class=\"wp-block-paragraph\">La aplicaci\u00f3n tendr\u00e1 total accesibilidad, de modo que pueda ser utilizada por j\u00f3venes con cualquier tipo de discapacidad. Adem\u00e1s de a las v\u00edctimas, esta herramienta incluir\u00e1 material enfocado a la concienciaci\u00f3n del alumnado, del profesorado y de las familias. La aplicaci\u00f3n contendr\u00e1 desde preguntas para averiguar si se est\u00e1 sufriendo acoso, hasta tel\u00e9fonos y nombres de asociaciones u organismos a los que se puede acudir para denunciar y pedir asesoramiento profesional.<\/p>\n\n\n\n<p class=\"wp-block-paragraph\">\u201cMe respetas\u201d surge a continuaci\u00f3n de \u2018Por m\u00ed\u2019, una aplicaci\u00f3n que CERMI Mujeres lanz\u00f3 hace dos a\u00f1os para contribuir a luchar contra la violencia machista que sufren mujeres con discapacidad.<\/p>\n","protected":false},"excerpt":{"rendered":"<p>La aplicaci\u00f3n tendr\u00e1 total accesibilidad, de modo que pueda ser utilizada por j\u00f3venes con cualquier tipo de discapacidad. <\/p>\n","protected":false},"author":3,"featured_media":9649,"comment_status":"open","ping_status":"open","sticky":false,"template":"","format":"standard","meta":{"_monsterinsights_skip_tracking":false,"footnotes":""},"categories":[690,53],"tags":[],"class_list":["post-9648","post","type-post","status-publish","format-standard","has-post-thumbnail","category-690","category-internacional"],"_links":{"self":[{"href":"https:\/\/redsemlac.com\/semmexico\/wp-json\/wp\/v2\/posts\/9648","targetHints":{"allow":["GET"]}}],"collection":[{"href":"https:\/\/redsemlac.com\/semmexico\/wp-json\/wp\/v2\/posts"}],"about":[{"href":"https:\/\/redsemlac.com\/semmexico\/wp-json\/wp\/v2\/types\/post"}],"author":[{"embeddable":true,"href":"https:\/\/redsemlac.com\/semmexico\/wp-json\/wp\/v2\/users\/3"}],"replies":[{"embeddable":true,"href":"https:\/\/redsemlac.com\/semmexico\/wp-json\/wp\/v2\/comments?post=9648"}],"version-history":[{"count":0,"href":"https:\/\/redsemlac.com\/semmexico\/wp-json\/wp\/v2\/posts\/9648\/revisions"}],"wp:featuredmedia":[{"embeddable":true,"href":"https:\/\/redsemlac.com\/semmexico\/wp-json\/wp\/v2\/media\/9649"}],"wp:attachment":[{"href":"https:\/\/redsemlac.com\/semmexico\/wp-json\/wp\/v2\/media?parent=9648"}],"wp:term":[{"taxonomy":"category","embeddable":true,"href":"https:\/\/redsemlac.com\/semmexico\/wp-json\/wp\/v2\/categories?post=9648"},{"taxonomy":"post_tag","embeddable":true,"href":"https:\/\/redsemlac.com\/semmexico\/wp-json\/wp\/v2\/tags?post=9648"}],"curies":[{"name":"wp","href":"https:\/\/api.w.org\/{rel}","templated":true}]}}