{"id":96469,"date":"2025-06-26T13:52:03","date_gmt":"2025-06-26T19:52:03","guid":{"rendered":"https:\/\/redsemlac.com\/semmexico\/?p=96469"},"modified":"2025-06-26T18:59:33","modified_gmt":"2025-06-27T00:59:33","slug":"nosotros-pintamos-los-primeros-colores-adultos-mayores-lgbtq-crean-un-refugio-para-la-comunidad","status":"publish","type":"post","link":"https:\/\/redsemlac.com\/semmexico\/nosotros-pintamos-los-primeros-colores-adultos-mayores-lgbtq-crean-un-refugio-para-la-comunidad\/","title":{"rendered":"Nosotros pintamos los primeros colores: adultos mayores LGBTQ+ crean un refugio para la comunidad"},"content":{"rendered":"\n<p class=\"wp-block-paragraph\"><sub>Rub\u00e9n Zamarr\u00f3n y Korina Corona, de la organizaci\u00f3n Pintando Arco\u00edris, gestionan talleres para adultos mayores\u00a0\/\u00a0Omar Flores \/ El Sol de M\u00e9xico<\/sub><\/p>\n\n\n\n<p class=\"wp-block-paragraph\"><a href=\"https:\/\/www.facebook.com\/share.php?u=https:\/\/oem.com.mx\/elsoldemexico\/metropoli\/somos-quienes-sacamos-la-brocha-y-pintamos-los-primeros-colores-afirman-adultos-mayores-lgbtq-24439309\" target=\"_blank\" rel=\"noreferrer noopener\"><\/a><a href=\"https:\/\/twitter.com\/share?url=https:\/\/oem.com.mx\/elsoldemexico\/metropoli\/somos-quienes-sacamos-la-brocha-y-pintamos-los-primeros-colores-afirman-adultos-mayores-lgbtq-24439309\" target=\"_blank\" rel=\"noreferrer noopener\"><\/a>Tras una vida de lucha, personas como Rub\u00e9n Zamarr\u00f3n han encontrado en\u00a0Pintando Arco\u00edris un lugar para sanar en colectivo<\/p>\n\n\n\n<p class=\"wp-block-paragraph\">Redacci\u00f3n <\/p>\n\n\n\n<p class=\"wp-block-paragraph\">SemM\u00e9xico, Cd. de M\u00e9xico, 26 junio 2026.- Ante la falta de pol\u00edticas p\u00fablicas, un hogar digno y acceso a servicios de salud, adultos mayores de la comunidad\u00a0<strong>LGBTQ+<\/strong>\u00a0buscan ser visibilizados. Aunque hoy celebran el amor que escondieron en su juventud, quienes abrieron las puertas a la lucha de la diversidad deben continuar con su activismo.<\/p>\n\n\n\n<p class=\"wp-block-paragraph\">A trav\u00e9s de la organizaci\u00f3n civil\u00a0<strong><em>Pintando Arco\u00edris<\/em><\/strong>, un refugio seguro y digno para ellos, construyen comunidad y enfrentan el abandono y precariedad que sufren al ser rechazados por sus\u00a0familias y seres queridos.<\/p>\n\n\n\n<p class=\"wp-block-paragraph\"><strong>Korina Corona<\/strong>, mujer trans, activista y fundadora de la agrupaci\u00f3n, dijo sentirse feliz de los derechos ganados, pero tambi\u00e9n triste de pertenecer a un sector doblemente invisibilizado.<br>\u201cEn primera jam\u00e1s imagin\u00e9 que vivir\u00eda m\u00e1s de 30 a\u00f1os. Ver todo lo que hemos avanzado, que hemos sido parte de estos cambios y de estas juventudes, es algo que nunca me lo imagin\u00e9 y me llena de mucha felicidad saber que contribu\u00ed con un granito de arena para que esto pudiera suceder, pero tambi\u00e9n me entristece porque nos convertimos en adultos mayores y se olvidaron de nosotros\u201d, se\u00f1al\u00f3 en entrevista con\u00a0<strong>El Sol de M\u00e9xico<\/strong>.<br><br><\/p>\n\n\n\n<figure class=\"wp-block-image\"><img decoding=\"async\" src=\"https:\/\/oem.com.mx\/elsoldemexico\/img\/24446999\/1750911627\/BASE_LANDSCAPE\/1200\/image.webp\" alt=\"MET-Somos quienes sacamos la brocha y pintamos los primeros colores-12.jpg\"\/><\/figure>\n\n\n\n<p class=\"wp-block-paragraph\">La organizaci\u00f3n, detall\u00f3, ofrece atenci\u00f3n psicol\u00f3gica y de salud, tambi\u00e9n realiza actividades de convivencia y de aprendizaje para que los adultos mayores desarrollen habilidades sociales y usen herramientas tecnol\u00f3gicas, pues la mayor\u00eda, explic\u00f3, vive sola, sin familia y sin acceso a servicios b\u00e1sicos que les garanticen una vejez digna.<\/p>\n\n\n\n<p class=\"wp-block-paragraph\">\u201cSer una persona adulta mayor requiere de mucha atenci\u00f3n especializada<strong>&nbsp;geri\u00e1trica, m\u00e9dica, psicol\u00f3gica<\/strong>&nbsp;y&nbsp;<strong>psicoterap\u00e9utica<\/strong>&nbsp;en general en el adulto mayor, ahora s\u00famale ser&nbsp;<strong>LGBT<\/strong>, eso es lo que nos invisibiliza, por eso nos tuvimos que dar a la tarea en empezar a construir espacios seguros\u201d, resalt\u00f3.<\/p>\n\n\n\n<figure class=\"wp-block-image size-large\"><a href=\"https:\/\/redsemlac.com\/semmexico\/wp-content\/uploads\/2025\/06\/image-7.webp\"><img loading=\"lazy\" decoding=\"async\" width=\"1024\" height=\"576\" src=\"https:\/\/redsemlac.com\/semmexico\/wp-content\/uploads\/2025\/06\/image-7-1024x576.webp\" alt=\"\" class=\"wp-image-96471\" srcset=\"https:\/\/redsemlac.com\/semmexico\/wp-content\/uploads\/2025\/06\/image-7-1024x576.webp 1024w, https:\/\/redsemlac.com\/semmexico\/wp-content\/uploads\/2025\/06\/image-7-300x169.webp 300w, https:\/\/redsemlac.com\/semmexico\/wp-content\/uploads\/2025\/06\/image-7-768x432.webp 768w, https:\/\/redsemlac.com\/semmexico\/wp-content\/uploads\/2025\/06\/image-7-150x84.webp 150w, https:\/\/redsemlac.com\/semmexico\/wp-content\/uploads\/2025\/06\/image-7-696x392.webp 696w, https:\/\/redsemlac.com\/semmexico\/wp-content\/uploads\/2025\/06\/image-7-1068x601.webp 1068w, https:\/\/redsemlac.com\/semmexico\/wp-content\/uploads\/2025\/06\/image-7.webp 1200w\" sizes=\"auto, (max-width: 1024px) 100vw, 1024px\" \/><\/a><\/figure>\n\n\n\n<p class=\"wp-block-paragraph\"><sub>Korina Corona tiene 61 a\u00f1os y es fundadora de la organizaci\u00f3n\u00a0\/\u00a0Omar Flores \/ El Sol de M\u00e9xico<\/sub><\/p>\n\n\n\n<p class=\"wp-block-paragraph\">Desde antes de 2019, Korina comenz\u00f3 este esfuerzo, pero fue el a\u00f1o pasado cuando decidi\u00f3 dar los talleres de manera m\u00e1s formal. En 2024, cont\u00f3, ya ten\u00edan m\u00e1s de 39 integrantes, por lo que empezaron a reunirse en parques y librer\u00edas, donde les dieron permiso de realizar sus actividades.<\/p>\n\n\n\n<p class=\"wp-block-paragraph\">Ahora operan en un lugar fijo, pero prestado, que se ubica en el n\u00famero 3 de calle Ermita, en la&nbsp;<strong>colonia Narvarte.<\/strong><\/p>\n\n\n\n<p class=\"wp-block-paragraph\">La activista, de 61 a\u00f1os, vive sola, paga renta y genera ingresos del trabajo sexual y las labores que realiza como activista en la agrupaci\u00f3n. A pesar de que no tiene acceso a servicios de salud, un trabajo estable y un hogar propio, se siente afortunada de seguir viva.<\/p>\n\n\n\n<p class=\"wp-block-paragraph\">Record\u00f3 que en su adolescencia fue discriminada, violentada y rechazada por ser una mujer trans, por lo que tuvo que salir de su casa a los 15 a\u00f1os para comenzar una vida sola, lo que la motiv\u00f3 a construir una comunidad.<\/p>\n\n\n\n<p class=\"wp-block-paragraph\">Korina aplaude que las nuevas generaciones puedan hablar de su orientaci\u00f3n sexual libremente, que cuenten con el derecho a cambiar su identidad de g\u00e9nero, a tener un matrimonio igualitario y familias diversas.<\/p>\n\n\n\n<figure class=\"wp-block-image size-large\"><a href=\"https:\/\/redsemlac.com\/semmexico\/wp-content\/uploads\/2025\/06\/image-8.webp\"><img loading=\"lazy\" decoding=\"async\" width=\"1024\" height=\"576\" src=\"https:\/\/redsemlac.com\/semmexico\/wp-content\/uploads\/2025\/06\/image-8-1024x576.webp\" alt=\"\" class=\"wp-image-96472\" srcset=\"https:\/\/redsemlac.com\/semmexico\/wp-content\/uploads\/2025\/06\/image-8-1024x576.webp 1024w, https:\/\/redsemlac.com\/semmexico\/wp-content\/uploads\/2025\/06\/image-8-300x169.webp 300w, https:\/\/redsemlac.com\/semmexico\/wp-content\/uploads\/2025\/06\/image-8-768x432.webp 768w, https:\/\/redsemlac.com\/semmexico\/wp-content\/uploads\/2025\/06\/image-8-150x84.webp 150w, https:\/\/redsemlac.com\/semmexico\/wp-content\/uploads\/2025\/06\/image-8-696x392.webp 696w, https:\/\/redsemlac.com\/semmexico\/wp-content\/uploads\/2025\/06\/image-8-1068x601.webp 1068w, https:\/\/redsemlac.com\/semmexico\/wp-content\/uploads\/2025\/06\/image-8.webp 1200w\" sizes=\"auto, (max-width: 1024px) 100vw, 1024px\" \/><\/a><\/figure>\n\n\n\n<p class=\"wp-block-paragraph\"><sub>Los activistas tienen el sue\u00f1o de convertir la agrupaci\u00f3n en una ONG o fundaci\u00f3n\u00a0\/\u00a0Omar Flores \/ El Sol de M\u00e9xico<\/sub><\/p>\n\n\n\n<p class=\"wp-block-paragraph\">\u201cEn mi \u00e9poca no hab\u00eda acr\u00f3nimos para<strong>&nbsp;reconocer a las diversidade<\/strong>s, no exist\u00eda la palabra trans, a todo mundo los etiquetaban como homosexual o con calificativos fuertes y ofensivos que m\u00e1s bien eran descalificativos. Esa es la parte que me da sentimiento porque para que esto sucediera lamentablemente perdimos mucha gente que no pudo llegar aqu\u00ed por la agresi\u00f3n sist\u00e9mica para la comunidad\u201d, indic\u00f3.<\/p>\n\n\n\n<p class=\"wp-block-paragraph\">Lament\u00f3 que la vejez<strong>&nbsp;LGBTQ+<\/strong>&nbsp;sea olvidada a pesar de ser quienes abrieron el camino para contar con los derechos que hoy existen. Son \u201cquienes sacaron la brocha y pintaron los primeros colores\u201d, como afirman en la organizaci\u00f3n.<\/p>\n\n\n\n<p class=\"wp-block-paragraph\"><strong>R\u00faben Zamarr\u00f3n, quien tiene 75 a\u00f1os de edad y forma parte de la comunidad gay,<\/strong>\u00a0encontr\u00f3 en este espacio una segunda familia.<\/p>\n\n\n\n<p class=\"wp-block-paragraph\">\u201cEn mi \u00e9poca no hab\u00eda acr\u00f3nimos para<strong>&nbsp;reconocer a las diversidade<\/strong>s, no exist\u00eda la palabra trans, a todo mundo los etiquetaban como homosexual o con calificativos fuertes y ofensivos que m\u00e1s bien eran descalificativos. Esa es la parte que me da sentimiento porque para que esto sucediera lamentablemente perdimos mucha gente que no pudo llegar aqu\u00ed por la agresi\u00f3n sist\u00e9mica para la comunidad\u201d, indic\u00f3.<\/p>\n\n\n\n<p class=\"wp-block-paragraph\">Lament\u00f3 que la vejez<strong>&nbsp;LGBTQ+<\/strong>&nbsp;sea olvidada a pesar de ser quienes abrieron el camino para contar con los derechos que hoy existen. Son \u201cquienes sacaron la brocha y pintaron los primeros colores\u201d, como afirman en la organizaci\u00f3n.<\/p>\n\n\n\n<p class=\"wp-block-paragraph\"><strong>R\u00faben Zamarr\u00f3n, quien tiene 75 a\u00f1os de edad y forma parte de la comunidad gay,<\/strong>&nbsp;encontr\u00f3 en este espacio una segunda familia.<\/p>\n\n\n\n<figure class=\"wp-block-image\"><img decoding=\"async\" src=\"https:\/\/oem.com.mx\/elsoldemexico\/img\/24447016\/1750911649\/BASE_LANDSCAPE\/1200\/image.webp\" alt=\"MET-Somos quienes sacamos la brocha y pintamos los primeros colores-13.jpg\"\/><\/figure>\n\n\n\n<p class=\"wp-block-paragraph\">\u201cCuando llegu\u00e9 me sorprendi\u00f3 ver a gente mayor que yo, con bast\u00f3n, en silla de ruedas, cantando y haciendo actividades\u201d, expres\u00f3.<\/p>\n\n\n\n<p class=\"wp-block-paragraph\">En este lugar recibi\u00f3 atenci\u00f3n&nbsp;<strong>psicol\u00f3gica<\/strong>&nbsp;y&nbsp;<strong>psiqui\u00e1trica<\/strong>&nbsp;por varios a\u00f1os para superar situaciones de su familia y el duelo de su pareja quien falleci\u00f3. Ha sido un espacio muy importante de convivencia donde ha sido escuchado y aceptado.<\/p>\n\n\n\n<p class=\"wp-block-paragraph\">Aunque la familia de Rub\u00e9n nunca lo agredi\u00f3 f\u00edsicamente, decidi\u00f3 guardar silencio y evitar cualquier conversaci\u00f3n sobre su orientaci\u00f3n sexual. Tiempo despu\u00e9s se vio obligado a alejarse de ellos, pues rechazaron su decisi\u00f3n de adoptar un hijo.<\/p>\n\n\n\n<p class=\"wp-block-paragraph\">\u201cMe tuve que separar de mi familia porque tuve problemas con ella cuando adopt\u00e9 a mi hijo, me empezaron a cuestionar qu\u00e9 de d\u00f3nde era, que por qu\u00e9 \u00e9l y me sal\u00ed de mi casa. Mi hijo tambi\u00e9n es gay, sus padres lo corrieron de su casa cuando les dijo que era gay y yo decid\u00ed darle una oportunidad\u201d, cont\u00f3.<\/p>\n\n\n\n<figure class=\"wp-block-image size-large\"><a href=\"https:\/\/redsemlac.com\/semmexico\/wp-content\/uploads\/2025\/06\/image-9.webp\"><img loading=\"lazy\" decoding=\"async\" width=\"1024\" height=\"576\" src=\"https:\/\/redsemlac.com\/semmexico\/wp-content\/uploads\/2025\/06\/image-9-1024x576.webp\" alt=\"\" class=\"wp-image-96473\" srcset=\"https:\/\/redsemlac.com\/semmexico\/wp-content\/uploads\/2025\/06\/image-9-1024x576.webp 1024w, https:\/\/redsemlac.com\/semmexico\/wp-content\/uploads\/2025\/06\/image-9-300x169.webp 300w, https:\/\/redsemlac.com\/semmexico\/wp-content\/uploads\/2025\/06\/image-9-768x432.webp 768w, https:\/\/redsemlac.com\/semmexico\/wp-content\/uploads\/2025\/06\/image-9-150x84.webp 150w, https:\/\/redsemlac.com\/semmexico\/wp-content\/uploads\/2025\/06\/image-9-696x392.webp 696w, https:\/\/redsemlac.com\/semmexico\/wp-content\/uploads\/2025\/06\/image-9-1068x601.webp 1068w, https:\/\/redsemlac.com\/semmexico\/wp-content\/uploads\/2025\/06\/image-9.webp 1200w\" sizes=\"auto, (max-width: 1024px) 100vw, 1024px\" \/><\/a><\/figure>\n\n\n\n<p class=\"wp-block-paragraph\"><sub>Rub\u00e9n tiene un hijo casado que tambi\u00e9n pertenece a la comunidad\u00a0\/\u00a0Omar Flores \/ El Sol de M\u00e9xico<\/sub><\/p>\n\n\n\n<p class=\"wp-block-paragraph\">Actualmente, Rub\u00e9n es pensionado y vive con su hijo de 40 a\u00f1os, quien termin\u00f3 sus estudios y tiene un trabajo.<\/p>\n\n\n\n<p class=\"wp-block-paragraph\">Uno de los sue\u00f1os de Korina y Rub\u00e9n es contar con los recursos para poder constituir legalmente<em>&nbsp;Pintando Arco\u00edris<\/em>&nbsp;y que puedan habilitarla como una casa para los adultos mayores LGBTQ+ que no tienen en d\u00f3nde vivir.<\/p>\n\n\n\n<p class=\"wp-block-paragraph\">\u201cLo que queremos hacer es constituirla como una asociaci\u00f3n civil o fundaci\u00f3n para poder tener nuestro espacio propio, un centro de d\u00eda comunitario que tenga atenciones especializadas, donde se puedan realizar actividades todos los d\u00edas los 365 a\u00f1os, donde van a tener un lonche pues hay compa\u00f1eros que se encuentran en total abandono\u201d, precis\u00f3 la fundadora.<\/p>\n\n\n\n<p class=\"wp-block-paragraph\">\u201cQueremos tener un lugar, acondicionado con dos cuartos y camas para las personas que no tienen donde vivir y que est\u00e1n en la calle, como uno de nuestros compa\u00f1eros que realmente ten\u00eda que estar viendo c\u00f3mo pagar cada mes una renta para no quedarse en la calle\u201d, agreg\u00f3 Rub\u00e9n.<\/p>\n\n\n\n<figure class=\"wp-block-image\"><img decoding=\"async\" src=\"https:\/\/oem.com.mx\/elsoldemexico\/img\/24447022\/1750911676\/BASE_LANDSCAPE\/1200\/image.webp\" alt=\"MET-Somos quienes sacamos la brocha y pintamos los primeros colores-1.jpg\"\/><\/figure>\n\n\n\n<h2 class=\"wp-block-heading\">Adultos mayores arrastran violencias, se\u00f1ala experto<\/h2>\n\n\n\n<p class=\"wp-block-paragraph\">Arturo Arcos Soto, maestro de la&nbsp;<strong>UNAM<\/strong>&nbsp;especialista en la vejez de la diversidad sexual explic\u00f3 que la mayor\u00eda de los adultos mayores de la diversidad arrastran violencias que no les permiten tener una vida digna.<\/p>\n\n\n\n<blockquote class=\"wp-block-quote is-layout-flow wp-block-quote-is-layout-flow\">\n<p class=\"wp-block-paragraph\">Hoy las personas mayores que pertenecen a la comunidad vienen arrastrando cosas a lo largo de toda su vida<\/p>\n<\/blockquote>\n\n\n\n<p class=\"wp-block-paragraph\">\u201cPrincipalmente durante su juventud sufrieron expulsiones de los hogares, despidos injustificados, violencia en las calles, insultos, bullying escolar y todo esto va marcando trayectorias de vida en las cuales las personas tienen menos acceso a oportunidades\u201d, coment\u00f3.<\/p>\n\n\n\n<p class=\"wp-block-paragraph\">Resalt\u00f3 que estas violencias ocasionan\u00a0una vejez con m\u00e1s carencias y limitaciones, con m\u00e1s enfermedades y riesgo elevado de no tener los recursos sociales, econ\u00f3micos e institucionales que les permitan tener una buena calidad de vida durante esa etapa de su vida.<\/p>\n\n\n\n<p class=\"wp-block-paragraph\">El especialista se\u00f1al\u00f3 que esto tambi\u00e9n ocasiona que todav\u00eda no acepten abiertamente su orientaci\u00f3n sexual, por miedo a ser discriminados, a pesar de que los tiempos han cambiado.<\/p>\n","protected":false},"excerpt":{"rendered":"<p>Rub\u00e9n Zamarr\u00f3n y Korina Corona, de la organizaci\u00f3n Pintando Arco\u00edris, gestionan talleres para adultos mayores\u00a0\/\u00a0Omar Flores \/ El Sol de M\u00e9xico Tras una vida de lucha, personas como Rub\u00e9n Zamarr\u00f3n han encontrado en\u00a0Pintando Arco\u00edris un lugar para sanar en colectivo Redacci\u00f3n SemM\u00e9xico, Cd. de M\u00e9xico, 26 junio 2026.- Ante la falta de pol\u00edticas p\u00fablicas, un [&hellip;]<\/p>\n","protected":false},"author":3,"featured_media":96470,"comment_status":"open","ping_status":"open","sticky":false,"template":"","format":"standard","meta":{"_monsterinsights_skip_tracking":false,"footnotes":""},"categories":[27],"tags":[],"class_list":["post-96469","post","type-post","status-publish","format-standard","has-post-thumbnail","category-cobertura-especial"],"_links":{"self":[{"href":"https:\/\/redsemlac.com\/semmexico\/wp-json\/wp\/v2\/posts\/96469","targetHints":{"allow":["GET"]}}],"collection":[{"href":"https:\/\/redsemlac.com\/semmexico\/wp-json\/wp\/v2\/posts"}],"about":[{"href":"https:\/\/redsemlac.com\/semmexico\/wp-json\/wp\/v2\/types\/post"}],"author":[{"embeddable":true,"href":"https:\/\/redsemlac.com\/semmexico\/wp-json\/wp\/v2\/users\/3"}],"replies":[{"embeddable":true,"href":"https:\/\/redsemlac.com\/semmexico\/wp-json\/wp\/v2\/comments?post=96469"}],"version-history":[{"count":0,"href":"https:\/\/redsemlac.com\/semmexico\/wp-json\/wp\/v2\/posts\/96469\/revisions"}],"wp:featuredmedia":[{"embeddable":true,"href":"https:\/\/redsemlac.com\/semmexico\/wp-json\/wp\/v2\/media\/96470"}],"wp:attachment":[{"href":"https:\/\/redsemlac.com\/semmexico\/wp-json\/wp\/v2\/media?parent=96469"}],"wp:term":[{"taxonomy":"category","embeddable":true,"href":"https:\/\/redsemlac.com\/semmexico\/wp-json\/wp\/v2\/categories?post=96469"},{"taxonomy":"post_tag","embeddable":true,"href":"https:\/\/redsemlac.com\/semmexico\/wp-json\/wp\/v2\/tags?post=96469"}],"curies":[{"name":"wp","href":"https:\/\/api.w.org\/{rel}","templated":true}]}}