{"id":96462,"date":"2025-06-26T13:25:30","date_gmt":"2025-06-26T19:25:30","guid":{"rendered":"https:\/\/redsemlac.com\/semmexico\/?p=96462"},"modified":"2025-06-26T18:25:58","modified_gmt":"2025-06-27T00:25:58","slug":"claudia-sheinbaum-afirma-que-en-mexico-no-se-censura-a-nadie-laisha-wilkins-revira-y-pide-que-revise-su-caso","status":"publish","type":"post","link":"https:\/\/redsemlac.com\/semmexico\/claudia-sheinbaum-afirma-que-en-mexico-no-se-censura-a-nadie-laisha-wilkins-revira-y-pide-que-revise-su-caso\/","title":{"rendered":"Claudia Sheinbaum afirma que en M\u00e9xico \u201cno se censura a nadie\u201d; Laisha Wilkins revira y pide que revise su caso"},"content":{"rendered":"\n<p class=\"wp-block-paragraph\">La creadora digital es requerida por el TEPJF luego de compartir una nota supuestamente difamatoria contra una excandidata a la Suprema Corte de Justicia<\/p>\n\n\n\n<p class=\"wp-block-paragraph\">Redacci\u00f3n <\/p>\n\n\n\n<p class=\"wp-block-paragraph\">SemM\u00e9xico, Cd. de M\u00e9xico, 26 junio 2025.-En su conferencia matutina de este martes, la presidenta\u00a0Claudia Sheinbaum Pardo\u00a0se\u00f1al\u00f3 artificialidad del actual debate p\u00fablico en torno a la supuesta imposici\u00f3n sistem\u00e1tica de\u00a0censura en el pa\u00eds, como han acusado detractores del oficialismo.<\/p>\n\n\n\n<p class=\"wp-block-paragraph\">La mandataria se refiri\u00f3 a los casos de Puebla y Campeche, donde los gobernadores\u00a0Alejandro Armenta\u00a0y\u00a0Layda Sansores, respectivamente, han sido blanco de cr\u00edticas y se\u00f1alados por presuntamente\u00a0ejercer censura\u00a0al respaldar leyes y procesos judiciales que, seg\u00fan sus cr\u00edticos, limitan la libertad de expresi\u00f3n.<\/p>\n\n\n\n<p class=\"wp-block-paragraph\">\u201cSon dos temas que los han levantado como si ahora Morena quisiera censurar, o que ahora los que venimos de Morena queremos censurar, cuando hay la mayor libertad de expresi\u00f3n de la historia. No se censura a nadie\u201d, indic\u00f3.<\/p>\n\n\n\n<p class=\"wp-block-paragraph\">Su declaraci\u00f3n reson\u00f3 en redes sociales. A trav\u00e9s de su cuenta en X \u2014anteriormente Twitter\u2014, la creadora digital\u00a0Laisha Wilkins\u00a0pidi\u00f3 a la presidenta el mismo respaldo.<\/p>\n\n\n\n<figure class=\"wp-block-image size-full\"><a href=\"https:\/\/redsemlac.com\/semmexico\/wp-content\/uploads\/2025\/06\/GA6NLFGODFDGVJMYPEJVEWHPRY.avif\"><img loading=\"lazy\" decoding=\"async\" width=\"992\" height=\"558\" src=\"https:\/\/redsemlac.com\/semmexico\/wp-content\/uploads\/2025\/06\/GA6NLFGODFDGVJMYPEJVEWHPRY.avif\" alt=\"\" class=\"wp-image-96463\" srcset=\"https:\/\/redsemlac.com\/semmexico\/wp-content\/uploads\/2025\/06\/GA6NLFGODFDGVJMYPEJVEWHPRY.avif 992w, https:\/\/redsemlac.com\/semmexico\/wp-content\/uploads\/2025\/06\/GA6NLFGODFDGVJMYPEJVEWHPRY-300x169.avif 300w, https:\/\/redsemlac.com\/semmexico\/wp-content\/uploads\/2025\/06\/GA6NLFGODFDGVJMYPEJVEWHPRY-768x432.avif 768w, https:\/\/redsemlac.com\/semmexico\/wp-content\/uploads\/2025\/06\/GA6NLFGODFDGVJMYPEJVEWHPRY-150x84.avif 150w, https:\/\/redsemlac.com\/semmexico\/wp-content\/uploads\/2025\/06\/GA6NLFGODFDGVJMYPEJVEWHPRY-696x392.avif 696w\" sizes=\"auto, (max-width: 992px) 100vw, 992px\" \/><\/a><\/figure>\n\n\n\n<p class=\"wp-block-paragraph\"><em><sub>A trav\u00e9s de su cuenta en X, Laisha Wilkins pidi\u00f3 a la presidenta el mismo respaldo. (claudia_shein, laisha_wilkins \/ Instagram)<br><\/sub><\/em><\/p>\n\n\n\n<p class=\"wp-block-paragraph\">En d\u00edas recientes, Wilkins revel\u00f3 que fue notificada por el\u00a0Tribunal Electoral del Poder Judicial de la Federaci\u00f3n\u00a0(TEPJF) debido a una denuncia en su contra por compartir una nota considerada difamatoria hacia\u00a0Dora Mart\u00ednez Valero, excandidata a la Suprema Corte de Justicia.<\/p>\n\n\n\n<p class=\"wp-block-paragraph\">Mart\u00ednez Valero present\u00f3 una denuncia por calumnia y violencia pol\u00edtica de g\u00e9nero contra tres personas, vinculadas a la difusi\u00f3n de ese trabajo period\u00edstico. Sin embargo, en declaraciones para&nbsp;<em>El Universal<\/em>, neg\u00f3 haber incluido a Wilkins:<\/p>\n\n\n\n<p class=\"wp-block-paragraph\">\u201cEn caso de que a ella (Laisha) le quisieran aplicar una sanci\u00f3n, la primera en salir a decir que est\u00e1 en contra ser\u00eda yo, porque yo no la denunci\u00e9\u201d, sostuvo.<\/p>\n\n\n\n<figure class=\"wp-block-image size-full\"><a href=\"https:\/\/redsemlac.com\/semmexico\/wp-content\/uploads\/2025\/06\/WW5ZYFQEYBDYXNAIX2YUBHNAIE.avif\"><img loading=\"lazy\" decoding=\"async\" width=\"992\" height=\"992\" src=\"https:\/\/redsemlac.com\/semmexico\/wp-content\/uploads\/2025\/06\/WW5ZYFQEYBDYXNAIX2YUBHNAIE.avif\" alt=\"\" class=\"wp-image-96464\" srcset=\"https:\/\/redsemlac.com\/semmexico\/wp-content\/uploads\/2025\/06\/WW5ZYFQEYBDYXNAIX2YUBHNAIE.avif 992w, https:\/\/redsemlac.com\/semmexico\/wp-content\/uploads\/2025\/06\/WW5ZYFQEYBDYXNAIX2YUBHNAIE-300x300.avif 300w, https:\/\/redsemlac.com\/semmexico\/wp-content\/uploads\/2025\/06\/WW5ZYFQEYBDYXNAIX2YUBHNAIE-150x150.avif 150w, https:\/\/redsemlac.com\/semmexico\/wp-content\/uploads\/2025\/06\/WW5ZYFQEYBDYXNAIX2YUBHNAIE-768x768.avif 768w, https:\/\/redsemlac.com\/semmexico\/wp-content\/uploads\/2025\/06\/WW5ZYFQEYBDYXNAIX2YUBHNAIE-696x696.avif 696w\" sizes=\"auto, (max-width: 992px) 100vw, 992px\" \/><\/a><\/figure>\n\n\n\n<h3 class=\"wp-block-heading\">La petici\u00f3n de Wilkins a Claudia Sheinbaum<\/h3>\n\n\n\n<p class=\"wp-block-paragraph\">En un reciente tuit, Laisha Wilkins cit\u00f3 las palabras de la mandataria federal y le pidi\u00f3 que atendiera su caso:<\/p>\n\n\n\n<p class=\"wp-block-paragraph\">\u201cPresidenta @Claudiashein, la escuch\u00e9 en La Ma\u00f1anera defender la libertad de expresi\u00f3n. Le pido revise el proceder del @INE y @TEPJF_informa, quienes utilizan \u2018la violencia pol\u00edtica en raz\u00f3n de g\u00e9nero\u2019 para censurar a la ciudadan\u00eda\u201d, escribi\u00f3 Wilkins, quien subray\u00f3 que la denuncia en su contra est\u00e1 llena de irregularidades.<\/p>\n\n\n\n<p class=\"wp-block-paragraph\">El requerimiento del TEPJF exige que Wilkins indique el objetivo de su publicaci\u00f3n, proporcione un domicilio para recibir notificaciones, se\u00f1ale si el comentario fue solicitado por alguna persona y \u201cmanifieste si tiene o tuvo alg\u00fan v\u00ednculo con alg\u00fan partido pol\u00edtico, candidata o candidato en el proceso electoral extraordinario del Poder Judicial de la Federaci\u00f3n 2024-2025\u201d.<\/p>\n\n\n\n<p class=\"wp-block-paragraph\">De acuerdo con Dora Mart\u00ednez Valero, fuera de su denuncia, toda persona que ha sido notificada por el Tribunal lo ha sido porque la republicaci\u00f3n de la nota vulnera sus datos personales.<\/p>\n\n\n\n<p class=\"wp-block-paragraph\">En una reciente editorial para su canal de YouTube,\u00a0<em>Ac\u00e1 Entre News<\/em>, Laisha Wilkins dijo:\u00a0\u201cExpresar una opini\u00f3n en nuestro pa\u00eds no solo es un acto de valent\u00eda, tambi\u00e9n es un acto de supervivencia\u201d.<\/p>\n\n\n\n<p class=\"wp-block-paragraph\">Wilkins, quien alcanz\u00f3 popularidad como actriz de telenovelas a finales de los a\u00f1os noventa, dio un giro a su carrera en a\u00f1os recientes. Adem\u00e1s de ser conferencista, lidera el proyecto\u00a0<em>Ac\u00e1 Entre News<\/em>, canal que durante la administraci\u00f3n del expresidente\u00a0Andr\u00e9s Manuel L\u00f3pez Obrador\u00a0la erigi\u00f3 como una de las voces m\u00e1s cr\u00edticas hacia su pol\u00edtica p\u00fablica.<\/p>\n\n\n\n<figure class=\"wp-block-image size-full\"><a href=\"https:\/\/redsemlac.com\/semmexico\/wp-content\/uploads\/2025\/06\/PXQX4P65GRDDNLTZYCTLU2W6GY.avif\"><img loading=\"lazy\" decoding=\"async\" width=\"992\" height=\"324\" src=\"https:\/\/redsemlac.com\/semmexico\/wp-content\/uploads\/2025\/06\/PXQX4P65GRDDNLTZYCTLU2W6GY.avif\" alt=\"\" class=\"wp-image-96465\" srcset=\"https:\/\/redsemlac.com\/semmexico\/wp-content\/uploads\/2025\/06\/PXQX4P65GRDDNLTZYCTLU2W6GY.avif 992w, https:\/\/redsemlac.com\/semmexico\/wp-content\/uploads\/2025\/06\/PXQX4P65GRDDNLTZYCTLU2W6GY-300x98.avif 300w, https:\/\/redsemlac.com\/semmexico\/wp-content\/uploads\/2025\/06\/PXQX4P65GRDDNLTZYCTLU2W6GY-768x251.avif 768w, https:\/\/redsemlac.com\/semmexico\/wp-content\/uploads\/2025\/06\/PXQX4P65GRDDNLTZYCTLU2W6GY-150x49.avif 150w, https:\/\/redsemlac.com\/semmexico\/wp-content\/uploads\/2025\/06\/PXQX4P65GRDDNLTZYCTLU2W6GY-696x227.avif 696w\" sizes=\"auto, (max-width: 992px) 100vw, 992px\" \/><\/a><\/figure>\n","protected":false},"excerpt":{"rendered":"<p>La creadora digital es requerida por el TEPJF luego de compartir una nota supuestamente difamatoria contra una excandidata a la Suprema Corte de Justicia Redacci\u00f3n SemM\u00e9xico, Cd. de M\u00e9xico, 26 junio 2025.-En su conferencia matutina de este martes, la presidenta\u00a0Claudia Sheinbaum Pardo\u00a0se\u00f1al\u00f3 artificialidad del actual debate p\u00fablico en torno a la supuesta imposici\u00f3n sistem\u00e1tica de\u00a0censura [&hellip;]<\/p>\n","protected":false},"author":3,"featured_media":96466,"comment_status":"open","ping_status":"open","sticky":false,"template":"","format":"standard","meta":{"_monsterinsights_skip_tracking":false,"footnotes":""},"categories":[682],"tags":[],"class_list":["post-96462","post","type-post","status-publish","format-standard","has-post-thumbnail","category-noticias"],"_links":{"self":[{"href":"https:\/\/redsemlac.com\/semmexico\/wp-json\/wp\/v2\/posts\/96462","targetHints":{"allow":["GET"]}}],"collection":[{"href":"https:\/\/redsemlac.com\/semmexico\/wp-json\/wp\/v2\/posts"}],"about":[{"href":"https:\/\/redsemlac.com\/semmexico\/wp-json\/wp\/v2\/types\/post"}],"author":[{"embeddable":true,"href":"https:\/\/redsemlac.com\/semmexico\/wp-json\/wp\/v2\/users\/3"}],"replies":[{"embeddable":true,"href":"https:\/\/redsemlac.com\/semmexico\/wp-json\/wp\/v2\/comments?post=96462"}],"version-history":[{"count":0,"href":"https:\/\/redsemlac.com\/semmexico\/wp-json\/wp\/v2\/posts\/96462\/revisions"}],"wp:featuredmedia":[{"embeddable":true,"href":"https:\/\/redsemlac.com\/semmexico\/wp-json\/wp\/v2\/media\/96466"}],"wp:attachment":[{"href":"https:\/\/redsemlac.com\/semmexico\/wp-json\/wp\/v2\/media?parent=96462"}],"wp:term":[{"taxonomy":"category","embeddable":true,"href":"https:\/\/redsemlac.com\/semmexico\/wp-json\/wp\/v2\/categories?post=96462"},{"taxonomy":"post_tag","embeddable":true,"href":"https:\/\/redsemlac.com\/semmexico\/wp-json\/wp\/v2\/tags?post=96462"}],"curies":[{"name":"wp","href":"https:\/\/api.w.org\/{rel}","templated":true}]}}