{"id":96459,"date":"2025-06-25T16:03:27","date_gmt":"2025-06-25T22:03:27","guid":{"rendered":"https:\/\/redsemlac.com\/semmexico\/?p=96459"},"modified":"2025-06-25T16:03:28","modified_gmt":"2025-06-25T22:03:28","slug":"5-mil-comidas-diarias-nuestra-meta-para-la-frontera","status":"publish","type":"post","link":"https:\/\/redsemlac.com\/semmexico\/5-mil-comidas-diarias-nuestra-meta-para-la-frontera\/","title":{"rendered":"5 mil comidas diarias, nuestra meta, para la Frontera"},"content":{"rendered":"\n<ul class=\"wp-block-list\">\n<li><em>Llevar\u00a0 esperanza con un plato de comida, nuestro prop\u00f3sito<\/em><\/li>\n\n\n\n<li><em>5\u00ba aniversario de \u201cTijuana Sin Hambre\u201d, un mill\u00f3n de beneficiarios<\/em><\/li>\n<\/ul>\n\n\n\n<p class=\"wp-block-paragraph\"><em>SemM\u00e9xico, Tijuana, Baja California, 25 de junio de 2025.- <\/em>La <strong>Fundaci\u00f3n Tijuana Sin Hambre<\/strong> conmemor\u00f3 su quinto aniversario con un evento para recaudar fondos y alcanzar la meta de distribuir 5 mil comidas diarias a personas en situaci\u00f3n vulnerable, adultos mayores en asilos y madres solteras, as\u00ed como a albergues, casas de cuidado y orfanatos.&nbsp;<\/p>\n\n\n\n<p class=\"wp-block-paragraph\">Con la presencia de la Secretaria de Turismo del Gobierno de M\u00e9xico Josefina Rodr\u00edguez Zamora y del Secretario de Turismo del Estado de Baja California Miguel Agui\u00f1iga Rodr\u00edguez, \u201cUna noche de verano\u201d reuni\u00f3 a m\u00e1s de 400 personas entre aliados, donantes, voluntarios y miembros de la comunidad de ambos lados de la frontera, quienes sumaron voluntades por la misma causa, combatir el hambre entre la gente vulnerable de la ciudad que alberga la frontera m\u00e1s transitada del mundo.&nbsp;&nbsp;<\/p>\n\n\n\n<p class=\"wp-block-paragraph\"><em>\u201c<\/em>Detr\u00e1s de cada n\u00famero, de cada comida entregada hay historias, muchas veces invisibles. Rostros cansados, madres desesperadas, ni\u00f1os con hambre\u2026 Y aunque este mundo est\u00e9 roto en muchos pedazos, creo firmemente que podemos seguir san\u00e1ndolo<em>, <\/em>un plato a la vez\u201d, asegur\u00f3 la fil\u00e1ntropa Maru Rique, fundadora, junto con el empresario Fausto Vargas, de \u201c<strong>Tijuana Sin Hambre<\/strong>\u201d.<\/p>\n\n\n\n<figure class=\"wp-block-image\"><img decoding=\"async\" src=\"https:\/\/lh7-rt.googleusercontent.com\/docsz\/AD_4nXfL8DJt3adjP3ZKOE2fvZHwhEe0q3VXWphE0m_-ervXHgaeW0yMd9xK08LSm1h14_2V4gjWMmJaJHzZYxo1yU3TFMmklkv0AuNNtIx-H-pEI60uJVwXyMh8w2ArtU6DOM722eTKkHUom-HUve8lZ4o?key=M270Y324_aRvbPLFJDMr4w\" alt=\"Una persona en una tienda\n\nEl contenido generado por IA puede ser incorrecto.\"\/><\/figure>\n\n\n\n<p class=\"wp-block-paragraph\">A esta cena anual con causa, que recaud\u00f3 2 millones de pesos, se sumaron el talento y generosidad de chefs de talla internacional como Carlos Gayt\u00e1n, Olimpia Calder\u00f3n, Eduardo Palazuelos, Ruffo Ibarra, Anaisa Guevara, Oliver Seki, Giannina Gavald\u00f3n, \u00c1ngel Beltr\u00e1n, Roberto Alcocer y Ernesto Zamora, quienes donaron su trabajo para que los asistentes tuvieran una gran experiencia culinaria.<\/p>\n\n\n\n<p class=\"wp-block-paragraph\">A decir de los fundadores y miembros del Consejo Directivo, la Cena Anual con Causa es un llamado a la acci\u00f3n, pero sobre todo una celebraci\u00f3n con prop\u00f3sito, que invita a todas y a todos a formar parte de un sue\u00f1o compartido: Llenar de esperanza un plato de comida, para un mill\u00f3n de personas al a\u00f1o.<\/p>\n\n\n\n<figure class=\"wp-block-image\"><img decoding=\"async\" src=\"https:\/\/lh7-rt.googleusercontent.com\/docsz\/AD_4nXfdxtTKvjI29f3A2jY2p0m1D0NnzdszOx8DkFGWHPQwMdpIFekCeBrYIZGC1_f3bU9P9V0eZVKy740cBO5lgnL5iM314JMqobSe0L3vl4DAWes1az63PZIUztF4HpnyXziq2pCS9-FFHHnN9_AGrkA?key=M270Y324_aRvbPLFJDMr4w\" alt=\"\"\/><\/figure>\n\n\n\n<p class=\"wp-block-paragraph\">La <strong>Fundaci\u00f3n Tijuana Sin Hambre<\/strong> fue fundada en el a\u00f1o 2020, reparte 3,500 comidas diarias y cuenta con la participaci\u00f3n de 2,500 voluntarios en ambos lados de la frontera.<\/p>\n\n\n\n<p class=\"wp-block-paragraph\"><a href=\"http:\/\/fundaciontijuanasinhambre.org\">fundaciontijuanasinhambre.org<\/a>&nbsp;<\/p>\n\n\n\n<figure class=\"wp-block-image\"><img decoding=\"async\" src=\"https:\/\/lh7-rt.googleusercontent.com\/docsz\/AD_4nXcll7hM26g4p22iCu1ybypc6ZPD2MzSHRJyExhbt7iw_6OjvvMAovbhX7uQUkfSObTC-pBN6fzyZrDfutuFcUStighaIVMHPBqPiZmLBChVLFzH1rqtBieEnkkNaz94WallFHIK2maD6n8TM8NPs7c?key=M270Y324_aRvbPLFJDMr4w\" alt=\"Personas preparando comida en una mesa\n\nEl contenido generado por IA puede ser incorrecto.\"\/><\/figure>\n\n\n\n<p class=\"wp-block-paragraph\"><strong>Acerca de Fundaci\u00f3n Tijuana Sin Hambre&nbsp;<\/strong><\/p>\n\n\n\n<ul class=\"wp-block-list\">\n<li>Organizaci\u00f3n sin fines de lucro.<\/li>\n\n\n\n<li>Modelo log\u00edstico: Recolectar excedentes de alimentos de supermercados, restaurantes, hoteles y productores locales, para transformarlos en comidas que llegan a ni\u00f1os, migrantes, adultos mayores y personas en situaci\u00f3n de calle en Tijuana.\u00a0<\/li>\n\n\n\n<li>M\u00e1s de 1 mill\u00f3n de personas beneficiadas.<\/li>\n<\/ul>\n\n\n\n<p class=\"wp-block-paragraph\"><strong>Integrantes del Consejo Directivo de la FTSH&nbsp;<\/strong><\/p>\n\n\n\n<ul class=\"wp-block-list\">\n<li>Fundadores: Maru Rique y Fausto Vargas.\u00a0<\/li>\n\n\n\n<li>Miembros del Consejo Directivo: Maribel Moreno Garc\u00eda, David P\u00e9rez Tejada, \u00c1lvaro \u00c1vila, Roberto Vega, Christopher Teal, Andrea J\u00e1uregui y Rub\u00e9n Mora.<\/li>\n<\/ul>\n","protected":false},"excerpt":{"rendered":"<p>SemM\u00e9xico, Tijuana, Baja California, 25 de junio de 2025.- La Fundaci\u00f3n Tijuana Sin Hambre conmemor\u00f3 su quinto aniversario con un evento para recaudar fondos y alcanzar la meta de distribuir 5 mil comidas diarias a personas en situaci\u00f3n vulnerable, adultos mayores en asilos y madres solteras, as\u00ed como a albergues, casas de cuidado y orfanatos.&nbsp; [&hellip;]<\/p>\n","protected":false},"author":3,"featured_media":96460,"comment_status":"open","ping_status":"open","sticky":false,"template":"","format":"standard","meta":{"_monsterinsights_skip_tracking":false,"footnotes":""},"categories":[682],"tags":[],"class_list":["post-96459","post","type-post","status-publish","format-standard","has-post-thumbnail","category-noticias"],"_links":{"self":[{"href":"https:\/\/redsemlac.com\/semmexico\/wp-json\/wp\/v2\/posts\/96459","targetHints":{"allow":["GET"]}}],"collection":[{"href":"https:\/\/redsemlac.com\/semmexico\/wp-json\/wp\/v2\/posts"}],"about":[{"href":"https:\/\/redsemlac.com\/semmexico\/wp-json\/wp\/v2\/types\/post"}],"author":[{"embeddable":true,"href":"https:\/\/redsemlac.com\/semmexico\/wp-json\/wp\/v2\/users\/3"}],"replies":[{"embeddable":true,"href":"https:\/\/redsemlac.com\/semmexico\/wp-json\/wp\/v2\/comments?post=96459"}],"version-history":[{"count":0,"href":"https:\/\/redsemlac.com\/semmexico\/wp-json\/wp\/v2\/posts\/96459\/revisions"}],"wp:featuredmedia":[{"embeddable":true,"href":"https:\/\/redsemlac.com\/semmexico\/wp-json\/wp\/v2\/media\/96460"}],"wp:attachment":[{"href":"https:\/\/redsemlac.com\/semmexico\/wp-json\/wp\/v2\/media?parent=96459"}],"wp:term":[{"taxonomy":"category","embeddable":true,"href":"https:\/\/redsemlac.com\/semmexico\/wp-json\/wp\/v2\/categories?post=96459"},{"taxonomy":"post_tag","embeddable":true,"href":"https:\/\/redsemlac.com\/semmexico\/wp-json\/wp\/v2\/tags?post=96459"}],"curies":[{"name":"wp","href":"https:\/\/api.w.org\/{rel}","templated":true}]}}