{"id":96417,"date":"2025-06-25T10:25:29","date_gmt":"2025-06-25T16:25:29","guid":{"rendered":"https:\/\/redsemlac.com\/semmexico\/?p=96417"},"modified":"2025-06-25T10:25:30","modified_gmt":"2025-06-25T16:25:30","slug":"bellas-y-airosas-las-delicias-de-la-tierra-adela-hr","status":"publish","type":"post","link":"https:\/\/redsemlac.com\/semmexico\/bellas-y-airosas-las-delicias-de-la-tierra-adela-hr\/","title":{"rendered":"Bellas y airosas | Las Delicias de la Tierra, Adela HR"},"content":{"rendered":"\n<p class=\"wp-block-paragraph\"><\/p>\n\n\n\n<p class=\"wp-block-paragraph\">Elvira Hern\u00e1ndez Carballido<\/p>\n\n\n\n<p class=\"wp-block-paragraph\"><em>Viernes trece con luna llena<\/em><\/p>\n\n\n\n<p class=\"wp-block-paragraph\"><em>ritual de brujas contempor\u00e1neas<\/em><\/p>\n\n\n\n<p class=\"wp-block-paragraph\"><em>Vino tinto queso y pan<\/em><\/p>\n\n\n\n<p class=\"wp-block-paragraph\"><em>jitomatitos tiernos<\/em><\/p>\n\n\n\n<p class=\"wp-block-paragraph\"><em>rojo cereza<\/em><\/p>\n\n\n\n<p class=\"wp-block-paragraph\"><em>Desnudas bailamos convocando<\/em><\/p>\n\n\n\n<p class=\"wp-block-paragraph\"><em>las delicias de la tierra<\/em><\/p>\n\n\n\n<p class=\"wp-block-paragraph\">SemM\u00e9xico, Pachuca, Hidalgo, 25 de junio, 2025.- Este poema est\u00e1 dedicado a Gloria Hern\u00e1ndez Jim\u00e9nez, mi amiga querida por quien lleg\u00f3 a mis manos el libro titulado justamente \u201c<em>Las Delicias de la Tierra\u201d,<\/em> escrito por Adela HR, una c\u00f3mplice de vida que siempre me ha regalado sonrisas, deliciosos platillos, brebajes sabor sororidad y hoy 70 p\u00e1ginas de poemas que llenan mis ojos de alegr\u00eda, emoci\u00f3n y suspiros.&nbsp;<\/p>\n\n\n\n<p class=\"wp-block-paragraph\">Adela y yo nos topamos muchas veces en los pasillos de la Facultad de Ciencias Pol\u00edticas y Sociales, en la UNAM, saludos c\u00f3mplices que delataban nuestra simpat\u00eda mutua. Fui a escucharla en varias conferencias, coincidimos en nuestra obsesi\u00f3n de perseguir historias de mujeres, y por ello siempre ha sido un gozo aprender de ella. Los s\u00e1bados coincid\u00edamos en un tianguis colorido al sur de la ciudad de M\u00e9xico y brind\u00e1bamos desde lejos por nuestra alianza feminista. Algunas veces visit\u00e9 su casa, donde tambi\u00e9n vive Gloria y Salvador, el aroma de la comida y el buen vino tatuaron esos momentos en mi coraz\u00f3n. \u00bfC\u00f3mo no celebrar la edici\u00f3n de su primer poemario? Bien se\u00f1ala en la introducci\u00f3n Adriana Tafoya:<\/p>\n\n\n\n<p class=\"wp-block-paragraph\"><em>\u201cCuarenta poemas sostienen este ideario, esta poes\u00eda, donde sabemos que cuarenta es el n\u00famero del agua, el discernimiento, la revelaci\u00f3n. Pero que tambi\u00e9n es el cambio ejercido por las aguas mismas. El trazo po\u00e9tico est\u00e1 concedido. Adela escribe este libro y hace de facto \u201cun arqueo de caja\u201d, rompe una ventana y salta para atrapar la mano de Melusina; hada de la creaci\u00f3n. En seguida recrea una atm\u00f3sfera ambivalente en donde luna y sol transitan, en un eje que el mito mismo ha trazado para ellos.\u201d<\/em><\/p>\n\n\n\n<p class=\"wp-block-paragraph\">\u201cC\u00e9feiro\u201d, \u201cFloralia\u201d, \u201cHumanitas\u201d y \u201cC\u00e1ritas\u201d son los nombres elegidos por Adela para compartirnos sus textos po\u00e9ticos en cuatro emotivos cap\u00edtulos. Poeta por naturaleza, artista por vocaci\u00f3n, inevitablemente le canta a la vida y nos permite descubrirnos en cada palabra. Es tan sencillo volver nuestro cada verso, tan sorprendente escucharse una misma en sus frases. Delata nuestros secretos, aunque nunca los compartimos. Adivina nuestro ayer, aunque no haya le\u00eddo la palma de nuestra mano. Comparte el sentir de una mujer parecida a nosotras. Advierte melancol\u00edas profundas, trata de curar heridas abiertas del alma. Comparte promesas, cree en la posibilidad de no jurar en vano,<\/p>\n\n\n\n<p class=\"wp-block-paragraph\"><em>Luna negra enamorada<\/em><\/p>\n\n\n\n<p class=\"wp-block-paragraph\"><em>Ot\u00f3rgame un deseo.<\/em><\/p>\n\n\n\n<p class=\"wp-block-paragraph\"><em>Besos plenos y tiernos<\/em><\/p>\n\n\n\n<p class=\"wp-block-paragraph\"><em>otra vez por una tarde<\/em><\/p>\n\n\n\n<p class=\"wp-block-paragraph\">En cada p\u00e1gina pueden volar mariposas danzarinas, brillar estrellas fugaces. Se conoce a brujas enamoradas que usan los espejos para asegurarte que nadie necesita ser m\u00e1s bonita que ninguna. Traviesa, Adela anima hasta a brincar charcos con ella para no olvidar nuestra ingenuidad. Una noche de insomnio a su lado se vuelve en pretexto para acurrucarte a su lado. Ilusionada, anima a revisar juntas alg\u00fan vestigio del pasado.<\/p>\n\n\n\n<p class=\"wp-block-paragraph\">Al iniciar cada una de las cuatro partes en que est\u00e1 dividida la obra, Adela permite que conozcamos a sus maestras, poetas como Dolores Castro, Alejandra Pizarnik, Sor Juana In\u00e9s de la Cruz e Idea Vilarino cuyo estilo delata a las culpables de que ahora nazca otra poeta en este siglo XXI. Tambi\u00e9n es muy conmovedor observar que varios textos po\u00e9ticos van dedicados a alguien, la amiga, el hermano, las hermanas, una isla memorable, a do\u00f1a Elena Reyes, su madre. De igual manera, las hermosas ilustraciones realizadas por Elisa Fabiola Aguirre Vilches dan un toque especial a la portada y a las guardas.&nbsp;<\/p>\n\n\n\n<p class=\"wp-block-paragraph\">Adela HR delata su apasionado estilo en cada poema, la imagino acomod\u00e1ndolos con verdadera devoci\u00f3n en cada p\u00e1gina, ilusionada que se topar\u00e1n con una mirada amiga. Al terminar la lectura nos convence de la importancia de llevar a cabo ese ritual que nos permite gozar las delicias de la tierra.&nbsp;<\/p>\n\n\n\n<p class=\"wp-block-paragraph\"><em>Viernes trece de luna nueva<\/em><\/p>\n\n\n\n<p class=\"wp-block-paragraph\"><em>ritual de brujas intelectuales<\/em><\/p>\n\n\n\n<p class=\"wp-block-paragraph\"><em>que danzan comen y beben alegres<\/em><\/p>\n\n\n\n<p class=\"wp-block-paragraph\"><em>se besan y abrazan<\/em><\/p>\n\n\n\n<p class=\"wp-block-paragraph\"><em>en torbellino de pieles<\/em><\/p>\n\n\n\n<p class=\"wp-block-paragraph\"><em>para convocar las delicias<\/em><\/p>\n\n\n\n<p class=\"wp-block-paragraph\"><em>de la tierra<\/em><\/p>\n\n\n\n<p class=\"wp-block-paragraph\">Ficha: HR, Adela (2025). <em>Las delicias de la tierra,<\/em> Editorial Verso Destierro, M\u00e9xico.<\/p>\n","protected":false},"excerpt":{"rendered":"<p>Elvira Hern\u00e1ndez Carballido Viernes trece con luna llena ritual de brujas contempor\u00e1neas Vino tinto queso y pan jitomatitos tiernos rojo cereza Desnudas bailamos convocando las delicias de la tierra SemM\u00e9xico, Pachuca, Hidalgo, 25 de junio, 2025.- Este poema est\u00e1 dedicado a Gloria Hern\u00e1ndez Jim\u00e9nez, mi amiga querida por quien lleg\u00f3 a mis manos el libro [&hellip;]<\/p>\n","protected":false},"author":3,"featured_media":70197,"comment_status":"open","ping_status":"open","sticky":false,"template":"","format":"standard","meta":{"_monsterinsights_skip_tracking":false,"footnotes":""},"categories":[202,35],"tags":[],"class_list":["post-96417","post","type-post","status-publish","format-standard","has-post-thumbnail","category-elvira-hernandez-carballido","category-opinion"],"_links":{"self":[{"href":"https:\/\/redsemlac.com\/semmexico\/wp-json\/wp\/v2\/posts\/96417","targetHints":{"allow":["GET"]}}],"collection":[{"href":"https:\/\/redsemlac.com\/semmexico\/wp-json\/wp\/v2\/posts"}],"about":[{"href":"https:\/\/redsemlac.com\/semmexico\/wp-json\/wp\/v2\/types\/post"}],"author":[{"embeddable":true,"href":"https:\/\/redsemlac.com\/semmexico\/wp-json\/wp\/v2\/users\/3"}],"replies":[{"embeddable":true,"href":"https:\/\/redsemlac.com\/semmexico\/wp-json\/wp\/v2\/comments?post=96417"}],"version-history":[{"count":0,"href":"https:\/\/redsemlac.com\/semmexico\/wp-json\/wp\/v2\/posts\/96417\/revisions"}],"wp:featuredmedia":[{"embeddable":true,"href":"https:\/\/redsemlac.com\/semmexico\/wp-json\/wp\/v2\/media\/70197"}],"wp:attachment":[{"href":"https:\/\/redsemlac.com\/semmexico\/wp-json\/wp\/v2\/media?parent=96417"}],"wp:term":[{"taxonomy":"category","embeddable":true,"href":"https:\/\/redsemlac.com\/semmexico\/wp-json\/wp\/v2\/categories?post=96417"},{"taxonomy":"post_tag","embeddable":true,"href":"https:\/\/redsemlac.com\/semmexico\/wp-json\/wp\/v2\/tags?post=96417"}],"curies":[{"name":"wp","href":"https:\/\/api.w.org\/{rel}","templated":true}]}}