{"id":96413,"date":"2025-06-25T10:24:05","date_gmt":"2025-06-25T16:24:05","guid":{"rendered":"https:\/\/redsemlac.com\/semmexico\/?p=96413"},"modified":"2025-06-25T10:24:06","modified_gmt":"2025-06-25T16:24:06","slug":"nancy-cardenas-referente-del-teatro-el-feminismo-y-la-defensa-de-los-derechos-lgbtiq","status":"publish","type":"post","link":"https:\/\/redsemlac.com\/semmexico\/nancy-cardenas-referente-del-teatro-el-feminismo-y-la-defensa-de-los-derechos-lgbtiq\/","title":{"rendered":"Nancy C\u00e1rdenas, referente del teatro, el feminismo y\u00a0 la defensa de los derechos LGBTIQ+"},"content":{"rendered":"\n<p class=\"wp-block-paragraph\">Homenaje luctuoso a Nancy C\u00e1rdenas, activista, dramaturga y figura pionera en la defensa de los derechos LGBTIQ+ en M\u00e9xico<\/p>\n\n\n\n<p class=\"wp-block-paragraph\">&nbsp;El acto se llev\u00f3 a cabo en el marco de la presentaci\u00f3n de su&nbsp; obra&nbsp;<em>El d\u00eda que pisamos la luna<\/em>, dirigida por Mabel Garza, donde hablan 4 mujeres de su vida y de sus deseos<\/p>\n\n\n\n<p class=\"wp-block-paragraph\">&nbsp;Redacci\u00f3n<\/p>\n\n\n\n<p class=\"wp-block-paragraph\">Rindieron un homenaje luctuoso a Nancy C\u00e1rdenas, artista, activista, cr\u00edtica social y defensora cultural. Su voz firme y su compromiso la posicionaron como figura clave en la lucha por los derechos de la comunidad LGBTIQ+ y en el movimiento feminista en M\u00e9xico.<\/p>\n\n\n\n<p class=\"wp-block-paragraph\">El homenaje se hizo el marco de la presentaci\u00f3n de su obra teatral &nbsp;<em>El d\u00eda que pisamos la luna<\/em>, dirigida por&nbsp; Mabel Garza.&nbsp;<\/p>\n\n\n\n<p class=\"wp-block-paragraph\">El elenco estuvo conformado por Andrea Galindo, Melissa Soto, Martha Matamoros y Victoria L\u00f3pez. La obra propone una narrativa donde las mujeres son protagonistas de un sue\u00f1o colectivo: un anhelo de libertad que desaf\u00eda los l\u00edmites sociales. A trav\u00e9s de una po\u00e9tica de la resistencia, la autora construye un relato de redenci\u00f3n en el que cada personaje busca la legitimidad de sus propios sue\u00f1os.<\/p>\n\n\n\n<p class=\"wp-block-paragraph\">Fue una iniciativa&nbsp; de la Secretar\u00eda de Cultura del Gobierno de M\u00e9xico y el Instituto Nacional de Bellas Artes y Literatura (INBAL), a trav\u00e9s de la Coordinaci\u00f3n Nacional de Teatro y en colaboraci\u00f3n con la Secretar\u00eda de Cultura de Coahuila.&nbsp;<\/p>\n\n\n\n<p class=\"wp-block-paragraph\">En&nbsp;<em>El d\u00eda que pisamos la luna<\/em>, de acuerdo con la Dra. Brenda Mac\u00edas, investigadora teatral: \u201ccuatro mujeres se dedicar\u00e1n a hablar de lo importante: el deseo, el desamor, la infidelidad, el consumo l\u00fadico de la mariguana y de las heridas emocionales que les dej\u00f3 la masacre de estudiantes ocurrida en la Plaza de las Tres Culturas de Tlatelolco, aquel fat\u00eddico a\u00f1o de 1968. En esta comedia, el lesbo drama y el teatro pol\u00edtico se encontrar\u00e1n al son de una lista de piezas musicales que le pondr\u00e1n sal a las heridas\u201d.<\/p>\n\n\n\n<figure class=\"wp-block-image\"><img decoding=\"async\" src=\"https:\/\/lh7-rt.googleusercontent.com\/docsz\/AD_4nXfxoOHqubaz21PyXto1th-apeRCTeo_1IQBAlxLLjZLkwXIXtsxyt6UnWWxGCWX9hlrHRfH83GLWS0a1po3qIOVA851L7aVzwc8WwB79OPPe2qqf3SWr3OvNYL6dER1gyFluELjsoH2KBAefSxuKg?key=pYE_i1UL59Ih-EHKQCpC-w\" alt=\"Imagen que contiene Sitio web\n\nEl contenido generado por IA puede ser incorrecto.\"\/><\/figure>\n\n\n\n<p class=\"wp-block-paragraph\">Al concluir la funci\u00f3n, Luis Mario Moncada, coordinador nacional de Teatro, expres\u00f3: \u201cEl mes del orgullo, que en el Centro Cultural del Bosque denominamos&nbsp;<em>Albricias Diversas<\/em>, se dedica este a\u00f1o a la perspectiva l\u00e9sbica y, en particular, a Nancy C\u00e1rdenas.&nbsp;<em>El d\u00eda que pisamos la luna<\/em>&nbsp;es un texto in\u00e9dito, una obra que estaba extraviada y que nos revela una comedia l\u00e9sbica inteligente y audaz para su \u00e9poca. Un hallazgo dram\u00e1tico que merece celebrarse\u201d.<\/p>\n\n\n\n<p class=\"wp-block-paragraph\">Asimismo, destac\u00f3 el valor hist\u00f3rico de la puesta en escena original: \u201cAl investigar c\u00f3mo fue presentada hace 40 a\u00f1os, me encontr\u00e9 con la placa conmemorativa por 80 funciones y 50 debates. Imaginar esos di\u00e1logos nos permite reconocer la vigencia y profundidad de un texto que, con gran complejidad y frescura, abord\u00f3 temas poco discutidos en su momento. Esta nueva versi\u00f3n, a cargo de un extraordinario grupo proveniente de Coahuila, actualiza el discurso con sensibilidad y talento\u201d.<\/p>\n\n\n\n<p class=\"wp-block-paragraph\">Por su parte, Hayde\u00e9 Boetto B\u00e1rcena, subdirectora general de Bellas Artes, se\u00f1al\u00f3: \u201cMe siento profundamente conmovida al participar en este homenaje. Nancy C\u00e1rdenas fue una figura imprescindible: activista, dramaturga, actriz, locutora y una incansable luchadora social. Su legado transform\u00f3 pensamientos, formas de expresarse y de habitar la escena\u201d.<\/p>\n\n\n\n<p class=\"wp-block-paragraph\">La secretaria de Cultura de Coahuila, Lic. Esther Quintana Salinas, evoc\u00f3 el contexto hist\u00f3rico de la obra y su propia vivencia durante el movimiento estudiantil de 1968. \u201cNos sentimos profundamente orgullosos de una mujer como Nancy C\u00e1rdenas, que se atrevi\u00f3 a plantarse frente a un r\u00e9gimen sexista y a denunciarlo con valent\u00eda desde el arte y el activismo\u201d.<\/p>\n\n\n\n<p class=\"wp-block-paragraph\">Finalmente, Mabel Garza, directora de la obra, comparti\u00f3: \u201cDesde Coahuila hemos venido porque as\u00ed lo quiso Nancy. Su voz y su pensamiento libertario siguen vivos. Dec\u00eda que por sus venas corr\u00eda sangre revolucionaria. Hizo su revoluci\u00f3n en las calles y en los escenarios. Que su esp\u00edritu nos recuerde siempre. Nunca claudicar en las batallas que cada una estamos librando o por librar\u201d.<\/p>\n\n\n\n<p class=\"wp-block-paragraph\">El acto concluy\u00f3 con un llamado a preservar la memoria y el legado de Nancy C\u00e1rdenas, figura clave en la construcci\u00f3n de una sociedad m\u00e1s justa, inclusiva y libre. A 30 a\u00f1os de su fallecimiento, su pensamiento sigue vigente e inspira a nuevas generaciones.<\/p>\n\n\n\n<p class=\"wp-block-paragraph\">Nancy C\u00e1rdenas naci\u00f3 el 29 de mayo de 1934 en Parras, Coahuila. Estudi\u00f3 Letras Espa\u00f1olas con especialidad en Arte Dram\u00e1tico en la UNAM y cine en el Centro de Estudios Cinematogr\u00e1ficos. En 1971 cofund\u00f3 el Frente de Liberaci\u00f3n Homosexual, la primera organizaci\u00f3n en M\u00e9xico dedicada a la defensa de los derechos de la diversidad sexual. En 1978 encabez\u00f3 uno de los primeros contingentes LGBTIQ+ que participaron en una manifestaci\u00f3n p\u00fablica, durante la marcha conmemorativa por los 10 a\u00f1os de la masacre de Tlatelolco. M\u00e1s adelante, present\u00f3 la obra&nbsp;<em>SIDA\u2026 As\u00ed es la vida<\/em>, versi\u00f3n mexicana de&nbsp;<em>As Is<\/em>&nbsp;de William Hoffman, una de las primeras representaciones esc\u00e9nicas sobre la crisis del VIH en el pa\u00eds. Tambi\u00e9n fund\u00f3 Ser Humano A.C., organizaci\u00f3n dedicada a brindar atenci\u00f3n digna a personas que viven con VIH, cuyo trabajo contin\u00faa vigente.<\/p>\n\n\n\n<p class=\"wp-block-paragraph\">&#8230;<\/p>\n","protected":false},"excerpt":{"rendered":"<p>Homenaje luctuoso a Nancy C\u00e1rdenas, activista, dramaturga y figura pionera en la defensa de los derechos LGBTIQ+ en M\u00e9xico &nbsp;El acto se llev\u00f3 a cabo en el marco de la presentaci\u00f3n de su&nbsp; obra&nbsp;El d\u00eda que pisamos la luna, dirigida por Mabel Garza, donde hablan 4 mujeres de su vida y de sus deseos &nbsp;Redacci\u00f3n [&hellip;]<\/p>\n","protected":false},"author":3,"featured_media":96415,"comment_status":"open","ping_status":"open","sticky":false,"template":"","format":"standard","meta":{"_monsterinsights_skip_tracking":false,"footnotes":""},"categories":[748],"tags":[],"class_list":["post-96413","post","type-post","status-publish","format-standard","has-post-thumbnail","category-cultura-feminista"],"_links":{"self":[{"href":"https:\/\/redsemlac.com\/semmexico\/wp-json\/wp\/v2\/posts\/96413","targetHints":{"allow":["GET"]}}],"collection":[{"href":"https:\/\/redsemlac.com\/semmexico\/wp-json\/wp\/v2\/posts"}],"about":[{"href":"https:\/\/redsemlac.com\/semmexico\/wp-json\/wp\/v2\/types\/post"}],"author":[{"embeddable":true,"href":"https:\/\/redsemlac.com\/semmexico\/wp-json\/wp\/v2\/users\/3"}],"replies":[{"embeddable":true,"href":"https:\/\/redsemlac.com\/semmexico\/wp-json\/wp\/v2\/comments?post=96413"}],"version-history":[{"count":0,"href":"https:\/\/redsemlac.com\/semmexico\/wp-json\/wp\/v2\/posts\/96413\/revisions"}],"wp:featuredmedia":[{"embeddable":true,"href":"https:\/\/redsemlac.com\/semmexico\/wp-json\/wp\/v2\/media\/96415"}],"wp:attachment":[{"href":"https:\/\/redsemlac.com\/semmexico\/wp-json\/wp\/v2\/media?parent=96413"}],"wp:term":[{"taxonomy":"category","embeddable":true,"href":"https:\/\/redsemlac.com\/semmexico\/wp-json\/wp\/v2\/categories?post=96413"},{"taxonomy":"post_tag","embeddable":true,"href":"https:\/\/redsemlac.com\/semmexico\/wp-json\/wp\/v2\/tags?post=96413"}],"curies":[{"name":"wp","href":"https:\/\/api.w.org\/{rel}","templated":true}]}}