{"id":96402,"date":"2025-06-23T19:16:34","date_gmt":"2025-06-24T01:16:34","guid":{"rendered":"https:\/\/redsemlac.com\/semmexico\/?p=96402"},"modified":"2025-06-23T19:16:36","modified_gmt":"2025-06-24T01:16:36","slug":"23-de-junio-dia-internacional-de-las-viudas","status":"publish","type":"post","link":"https:\/\/redsemlac.com\/semmexico\/23-de-junio-dia-internacional-de-las-viudas\/","title":{"rendered":"23 de junio |D\u00eda internacional de las Viudas"},"content":{"rendered":"\n<p class=\"wp-block-paragraph\">\ud83d\udce3Alrededor del mundo, las mujeres que enviudan se enfrentan a diversas situaciones que atentan contra su dignidad y derechos b\u00e1sicos, como no poder heredar o no tener acceso a la tierra, y son sometidas a rituales extremos de duelo y otras formas de discriminaci\u00f3n y abuso.<\/p>\n\n\n\n<p class=\"wp-block-paragraph\">\ud83d\udccaSeg\u00fan Naciones Unidas, \u201cse estima que hay 258 millones de viudas en todo el mundo y que casi una de cada diez vive en la pobreza extrema, y aproximadamente 1,36 millones de viudas son ni\u00f1as (una cifra susceptible de subrepresentaci\u00f3n)\u201d.<\/p>\n\n\n\n<p class=\"wp-block-paragraph\">\u270a\ud83c\udffdLa conmemoraci\u00f3n de este d\u00eda pretende visibilizar sus problem\u00e1ticas y la necesidad de atender sus demandas y necesidades desde una perspectiva de derechos humanos para construir una vida libre de violencias para ellas, sus hijas e hijos.<\/p>\n\n\n\n<p class=\"wp-block-paragraph\">\ud83d\udc9cCon el fin de que todas las mujeres puedan gozar efectivamente de sus derechos civiles, econ\u00f3micos, sociales y pol\u00edticos.<\/p>\n\n\n\n<h3 class=\"wp-block-heading\">D\u00edaDeLasViudas #JusticiaParaLasViudas #MemoriaYDignidad #DerechosHumanos #NoEst\u00e1sSola #PorUnaVidaLibreDeViolencias<\/h3>\n\n\n\n<figure class=\"wp-block-image size-large\"><a href=\"https:\/\/redsemlac.com\/semmexico\/wp-content\/uploads\/2025\/06\/WhatsApp-Image-2025-06-23-at-3.22.28-PM.jpeg\"><img loading=\"lazy\" decoding=\"async\" width=\"819\" height=\"1024\" src=\"https:\/\/redsemlac.com\/semmexico\/wp-content\/uploads\/2025\/06\/WhatsApp-Image-2025-06-23-at-3.22.28-PM-819x1024.jpeg\" alt=\"\" class=\"wp-image-96404\" srcset=\"https:\/\/redsemlac.com\/semmexico\/wp-content\/uploads\/2025\/06\/WhatsApp-Image-2025-06-23-at-3.22.28-PM-819x1024.jpeg 819w, https:\/\/redsemlac.com\/semmexico\/wp-content\/uploads\/2025\/06\/WhatsApp-Image-2025-06-23-at-3.22.28-PM-240x300.jpeg 240w, https:\/\/redsemlac.com\/semmexico\/wp-content\/uploads\/2025\/06\/WhatsApp-Image-2025-06-23-at-3.22.28-PM-768x960.jpeg 768w, https:\/\/redsemlac.com\/semmexico\/wp-content\/uploads\/2025\/06\/WhatsApp-Image-2025-06-23-at-3.22.28-PM-150x188.jpeg 150w, https:\/\/redsemlac.com\/semmexico\/wp-content\/uploads\/2025\/06\/WhatsApp-Image-2025-06-23-at-3.22.28-PM-300x375.jpeg 300w, https:\/\/redsemlac.com\/semmexico\/wp-content\/uploads\/2025\/06\/WhatsApp-Image-2025-06-23-at-3.22.28-PM-696x870.jpeg 696w, https:\/\/redsemlac.com\/semmexico\/wp-content\/uploads\/2025\/06\/WhatsApp-Image-2025-06-23-at-3.22.28-PM-1068x1335.jpeg 1068w, https:\/\/redsemlac.com\/semmexico\/wp-content\/uploads\/2025\/06\/WhatsApp-Image-2025-06-23-at-3.22.28-PM.jpeg 1080w\" sizes=\"auto, (max-width: 819px) 100vw, 819px\" \/><\/a><\/figure>\n","protected":false},"excerpt":{"rendered":"<p>\ud83d\udce3Alrededor del mundo, las mujeres que enviudan se enfrentan a diversas situaciones que atentan contra su dignidad y derechos b\u00e1sicos, como no poder heredar o no tener acceso a la tierra, y son sometidas a rituales extremos de duelo y otras formas de discriminaci\u00f3n y abuso. \ud83d\udccaSeg\u00fan Naciones Unidas, \u201cse estima que hay 258 millones [&hellip;]<\/p>\n","protected":false},"author":3,"featured_media":96403,"comment_status":"open","ping_status":"open","sticky":false,"template":"","format":"standard","meta":{"_monsterinsights_skip_tracking":false,"footnotes":""},"categories":[748],"tags":[],"class_list":["post-96402","post","type-post","status-publish","format-standard","has-post-thumbnail","category-cultura-feminista"],"_links":{"self":[{"href":"https:\/\/redsemlac.com\/semmexico\/wp-json\/wp\/v2\/posts\/96402","targetHints":{"allow":["GET"]}}],"collection":[{"href":"https:\/\/redsemlac.com\/semmexico\/wp-json\/wp\/v2\/posts"}],"about":[{"href":"https:\/\/redsemlac.com\/semmexico\/wp-json\/wp\/v2\/types\/post"}],"author":[{"embeddable":true,"href":"https:\/\/redsemlac.com\/semmexico\/wp-json\/wp\/v2\/users\/3"}],"replies":[{"embeddable":true,"href":"https:\/\/redsemlac.com\/semmexico\/wp-json\/wp\/v2\/comments?post=96402"}],"version-history":[{"count":0,"href":"https:\/\/redsemlac.com\/semmexico\/wp-json\/wp\/v2\/posts\/96402\/revisions"}],"wp:featuredmedia":[{"embeddable":true,"href":"https:\/\/redsemlac.com\/semmexico\/wp-json\/wp\/v2\/media\/96403"}],"wp:attachment":[{"href":"https:\/\/redsemlac.com\/semmexico\/wp-json\/wp\/v2\/media?parent=96402"}],"wp:term":[{"taxonomy":"category","embeddable":true,"href":"https:\/\/redsemlac.com\/semmexico\/wp-json\/wp\/v2\/categories?post=96402"},{"taxonomy":"post_tag","embeddable":true,"href":"https:\/\/redsemlac.com\/semmexico\/wp-json\/wp\/v2\/tags?post=96402"}],"curies":[{"name":"wp","href":"https:\/\/api.w.org\/{rel}","templated":true}]}}