{"id":96399,"date":"2025-06-23T19:08:17","date_gmt":"2025-06-24T01:08:17","guid":{"rendered":"https:\/\/redsemlac.com\/semmexico\/?p=96399"},"modified":"2025-06-23T19:08:18","modified_gmt":"2025-06-24T01:08:18","slug":"minuto-de-silencio-en-camara-de-diputados-por-municipe-asesinada-en-oaxaca","status":"publish","type":"post","link":"https:\/\/redsemlac.com\/semmexico\/minuto-de-silencio-en-camara-de-diputados-por-municipe-asesinada-en-oaxaca\/","title":{"rendered":"Minuto de silencio en C\u00e1mara de Diputados por mun\u00edcipe asesinada en Oaxaca"},"content":{"rendered":"\n<ul class=\"wp-block-list\">\n<li><strong>Lilia Gemma Garc\u00eda Soto fue asesinada el 15 de junio pasado en San Mateo Pi\u00f1as<\/strong><\/li>\n\n\n\n<li><strong>Que la pol\u00edtica no signifique la muerte, dice diputada del PT<\/strong><\/li>\n<\/ul>\n\n\n\n<p class=\"wp-block-paragraph\"><strong>Redacci\u00f3n<\/strong><strong><\/strong><\/p>\n\n\n\n<p class=\"wp-block-paragraph\">SemM\u00e9xico, Ciudad de M\u00e9xico, 23 de junio, 2025.- El pleno de la C\u00e1mara de Diputados guard\u00f3 un minuto de silencio en memoria de Lilia Gemma Garc\u00eda Soto, presidenta municipal de San Mateo Pi\u00f1as, poblaci\u00f3n de la regi\u00f3n de Costa oaxaque\u00f1a.<\/p>\n\n\n\n<p class=\"wp-block-paragraph\">A petici\u00f3n de la diputada del Partido del Trabajo, Martha Aracely Cruz Jim\u00e9nez, en la sesi\u00f3n extraordinaria vespertinas de este lunes se honr\u00f3 la vida de la primera mujer que gobern\u00f3 en San Mateo Pi\u00f1as y que fue electa en noviembre de 2023 por el sistema normativo ind\u00edgena.<\/p>\n\n\n\n<p class=\"wp-block-paragraph\">\u201cUn municipio ind\u00edgena, la presidenta era ind\u00edgena, una mujer oaxaque\u00f1a, y llegaron al Palacio Municipal de San Mateo Pi\u00f1as a asesinar a Lilia Gemma Garc\u00eda Soto. Queremos que la pol\u00edtica que se haga en el estado de Oaxaca no signifique la muerte. Por eso, pido un minuto de silencio\u201d, a\u00f1adi\u00f3.<\/p>\n\n\n\n<p class=\"wp-block-paragraph\">&nbsp;Dijo la diputada del Partido del Trabajo, quien adem\u00e1s indic\u00f3 que los hechos ocurrieron el pasado 15 de junio.<\/p>\n\n\n\n<p class=\"wp-block-paragraph\">Cabe se\u00f1alar que hasta ahora la Fiscal\u00eda General del Estado de Oaxaca no ha dado a conocer ning\u00fan avance sobre las cinco personas que a bordo de dos motocicletas llegaron al palacio municipal y asesinaron a la mun\u00edcipe junto con el agente municipal de Agua Caliente, El\u00ed Garc\u00eda Ram\u00edrez, y dejaron herida a otra mujer.<\/p>\n\n\n\n<p class=\"wp-block-paragraph\">SEM\/sj&nbsp;<\/p>\n","protected":false},"excerpt":{"rendered":"<p>Redacci\u00f3n SemM\u00e9xico, Ciudad de M\u00e9xico, 23 de junio, 2025.- El pleno de la C\u00e1mara de Diputados guard\u00f3 un minuto de silencio en memoria de Lilia Gemma Garc\u00eda Soto, presidenta municipal de San Mateo Pi\u00f1as, poblaci\u00f3n de la regi\u00f3n de Costa oaxaque\u00f1a. A petici\u00f3n de la diputada del Partido del Trabajo, Martha Aracely Cruz Jim\u00e9nez, en [&hellip;]<\/p>\n","protected":false},"author":3,"featured_media":96400,"comment_status":"open","ping_status":"open","sticky":false,"template":"","format":"standard","meta":{"_monsterinsights_skip_tracking":false,"footnotes":""},"categories":[50],"tags":[],"class_list":["post-96399","post","type-post","status-publish","format-standard","has-post-thumbnail","category-congreso"],"_links":{"self":[{"href":"https:\/\/redsemlac.com\/semmexico\/wp-json\/wp\/v2\/posts\/96399","targetHints":{"allow":["GET"]}}],"collection":[{"href":"https:\/\/redsemlac.com\/semmexico\/wp-json\/wp\/v2\/posts"}],"about":[{"href":"https:\/\/redsemlac.com\/semmexico\/wp-json\/wp\/v2\/types\/post"}],"author":[{"embeddable":true,"href":"https:\/\/redsemlac.com\/semmexico\/wp-json\/wp\/v2\/users\/3"}],"replies":[{"embeddable":true,"href":"https:\/\/redsemlac.com\/semmexico\/wp-json\/wp\/v2\/comments?post=96399"}],"version-history":[{"count":0,"href":"https:\/\/redsemlac.com\/semmexico\/wp-json\/wp\/v2\/posts\/96399\/revisions"}],"wp:featuredmedia":[{"embeddable":true,"href":"https:\/\/redsemlac.com\/semmexico\/wp-json\/wp\/v2\/media\/96400"}],"wp:attachment":[{"href":"https:\/\/redsemlac.com\/semmexico\/wp-json\/wp\/v2\/media?parent=96399"}],"wp:term":[{"taxonomy":"category","embeddable":true,"href":"https:\/\/redsemlac.com\/semmexico\/wp-json\/wp\/v2\/categories?post=96399"},{"taxonomy":"post_tag","embeddable":true,"href":"https:\/\/redsemlac.com\/semmexico\/wp-json\/wp\/v2\/tags?post=96399"}],"curies":[{"name":"wp","href":"https:\/\/api.w.org\/{rel}","templated":true}]}}