{"id":96352,"date":"2025-06-20T18:33:26","date_gmt":"2025-06-21T00:33:26","guid":{"rendered":"https:\/\/redsemlac.com\/semmexico\/?p=96352"},"modified":"2025-06-20T18:33:46","modified_gmt":"2025-06-21T00:33:46","slug":"el-sistema-de-justicia-protege-a-los-agresores-pijy","status":"publish","type":"post","link":"https:\/\/redsemlac.com\/semmexico\/el-sistema-de-justicia-protege-a-los-agresores-pijy\/","title":{"rendered":"El sistema de justicia protege a los agresores: Pijy"},"content":{"rendered":"\n<ul class=\"wp-block-list\">\n<li>Una joven ayuujk que lucha por su derecho a la justicia<\/li>\n\n\n\n<li>Pide investigaci\u00f3n y sanci\u00f3n para agentes del MP y un juez<\/li>\n<\/ul>\n\n\n\n<p class=\"wp-block-paragraph\">Roc\u00edo Flores<\/p>\n\n\n\n<p class=\"wp-block-paragraph\">SemM\u00e9xico\/OaxacaMedia, Oaxaca, 20 de junio, 2025.- Pijy es una joven ind\u00edgena ayuujk de San Juan Mazatl\u00e1n Mixe, fue v\u00edctima de violaci\u00f3n a sus quince a\u00f1os. Pijy significa flor en lengua ayuujk, y ha sido la palabra que ha usado desde 2013 para reservar su identidad<\/p>\n\n\n\n<p class=\"wp-block-paragraph\">En esa fecha, despu\u00e9s de la agresi\u00f3n sexual, interpuso su denuncia legal contra Pl\u00e1cido N. en Mat\u00edas Romero, confiando en el trabajo de la Fiscal\u00eda. Pero en lugar de justicia, afirma, se encontr\u00f3 con un sistema que protege a los agresores y revictimiza a quienes denuncian.<\/p>\n\n\n\n<p class=\"wp-block-paragraph\">Pijy no solo padeci\u00f3 el trauma de la agresi\u00f3n sexual, despu\u00e9s de su denuncia recibi\u00f3 amenazas de Pl\u00e1cido N para que desistiera. Se fue de su comunidad confiando en que hab\u00eda una orden de aprehensi\u00f3n en contra de su agresor. Nueve a\u00f1os despu\u00e9s supo que nunca se concret\u00f3, su juicio qued\u00f3 sin efecto y su agresor segu\u00eda libre.<\/p>\n\n\n\n<p class=\"wp-block-paragraph\">Ha habido una serie de violencias institucionales, por las omisiones de las autoridades de la fiscal\u00eda de Mat\u00edas Romero, indica su asesor jur\u00eddico Joaqu\u00edn Galv\u00e1n. La \u00faltima, dice, fue un fallo institucional \u2018in\u00e9dito\u2019 que la convirti\u00f3 en v\u00edctima por segunda ocasi\u00f3n.<\/p>\n\n\n\n<p class=\"wp-block-paragraph\">En 2022 acudi\u00f3 a la Fiscal\u00eda de Mat\u00edas Romero y ah\u00ed le informaron que por resoluci\u00f3n del juez de control Omar Morales Sim\u00f3n hab\u00edan cerrado el proceso penal que ella hab\u00eda iniciado en 2013, sin sanci\u00f3n a su agresor, debido a que la esposa de su agresor se present\u00f3 con su nombre para desistir del procedimiento contra Pl\u00e1cido N.<\/p>\n\n\n\n<p class=\"wp-block-paragraph\">\u201cPijy\u201d inici\u00f3 un nuevo proceso por el delito de suplantaci\u00f3n, retom\u00f3 el proceso por violaci\u00f3n y adem\u00e1s interpuso una queja por corrupci\u00f3n en contra del juez Omar Morales Sim\u00f3n y el ministerio publico Pedro Fierros Z\u00e1rate, as\u00ed como de sus cadenas de mando que por omisi\u00f3n, negligencia o complicidad no realizaron los procedimientos m\u00e1s b\u00e1sicos para verificar que la mujer que se present\u00f3 al juzgado a desistirse de la denuncia, fuera en efecto la v\u00edctima.<\/p>\n\n\n\n<p class=\"wp-block-paragraph\">Pero tuvo que tomar una pausa debido a su situaci\u00f3n emocional, econ\u00f3mica y familiar, hasta que en 2024 retom\u00f3 el caso con el abogado Joaqu\u00edn Galv\u00e1n. El fiscal general Bernardo Rodr\u00edguez Alamilla se comprometi\u00f3 con las investigaciones y en octubre detuvieron a Pl\u00e1cido N \u2014 quien ya era presidente municipal de San Juan Mazatl\u00e1n Mixe\u2014 y a su pareja Karla N por el delito de suplantaci\u00f3n, uso de documentos falsos y falsedad de declaraciones judiciales. Ambos est\u00e1n detenidos, pero han buscado ampararse.<\/p>\n\n\n\n<p class=\"wp-block-paragraph\">Doce a\u00f1os despu\u00e9s de haber denunciado,lo \u00fanico que pide la joven ayuujk es que se haga efectivo su derecho a la justicia, por lo que exige al Poder Judicial de Oaxaca una investigaci\u00f3n profunda en su caso. \u201cTuve que lidiar con las omisiones graves\u2026 Solo los de la fiscal\u00eda saben que ganaron otorg\u00e1ndole ese privilegio. A m\u00ed me causaron sufrimiento, me condenaron a sufrir amenazas e intimidaciones recurrentes, tengo el derecho de reclamar\u2026\u201d.<\/p>\n\n\n\n<p class=\"wp-block-paragraph\">Hace una semana, la Defensor\u00eda de Oaxaca encabezada por Elizabeth Lara Rodr\u00edguez determin\u00f3 que existieron \u201cgraves omisiones\u201d en la actuaci\u00f3n del personal ministerial y emiti\u00f3 la recomendaci\u00f3n 12\/2025 contra la Fiscal\u00eda General del Estado de Oaxaca por la responsabilidad de las autoridades en la suplantaci\u00f3n.<\/p>\n\n\n\n<p class=\"wp-block-paragraph\">En ella instruye a la Fiscal\u00eda a ofrecer una disculpa p\u00fablica a Pijy, una reparaci\u00f3n integral, compensaci\u00f3n justa y atenci\u00f3n psicol\u00f3gica adecuada. Adem\u00e1s, a realizar investigaciones para determinar la responsabilidad de funcionarios de la fiscal\u00eda de Mat\u00edas Romero.<\/p>\n\n\n\n<p class=\"wp-block-paragraph\">La joven ayuujk y su asesor piden al Congreso local y federal legislar para establecer protocolos y controles estrictos de verificaciones de identidad en los procesos penales y promuevan lo necesario para que su caso no vuelva a repetirse.<\/p>\n\n\n\n<p class=\"wp-block-paragraph\">A la Fiscal\u00eda, cumplir con la recomendaci\u00f3n, la investigaci\u00f3n, inhabilitaci\u00f3n y destituci\u00f3n inmediata de los ministerios p\u00fablicos Pedro Fierros Z\u00e1rate y al actual Ministerio P\u00fablico adjunto en Mat\u00edas Romero Neljer Matus Garc\u00eda por las recientes violencias ejercidas en su contra.<\/p>\n\n\n\n<p class=\"wp-block-paragraph\">Adem\u00e1s, exhortan a la Defensor\u00eda para que sus recomendaciones tambi\u00e9n alcancen al Poder Judicial por las actuaciones del juez Omar Morales Sim\u00f3n, sobre quien pesan otras acusaciones por resoluciones irregulares, como el caso del feminicidio de Mar\u00eda del Sol Cruz Jarqu\u00edn, donde no vincul\u00f3 a proceso a uno de los implicados.<\/p>\n\n\n\n<p class=\"wp-block-paragraph\">\u201cNada me gustar\u00eda m\u00e1s que retomar mi vida y dedicarme a lo que me gusta, pero mientras con sus comentarios machistas sigan minimizando mi caso, seguir\u00e9 exigiendo lo que por derecho me corresponde: justicia\u201d, reitera Pijy.<\/p>\n\n\n\n<p class=\"wp-block-paragraph\">SEM\/rf\/sj<\/p>\n\n\n\n<figure class=\"wp-block-video\"><video height=\"478\" style=\"aspect-ratio: 848 \/ 478;\" width=\"848\" controls src=\"https:\/\/redsemlac.com\/semmexico\/wp-content\/uploads\/2025\/06\/WhatsApp-Video-2025-06-20-at-3.29.01-PM.mp4\"><\/video><\/figure>\n","protected":false},"excerpt":{"rendered":"<p>Roc\u00edo Flores SemM\u00e9xico\/OaxacaMedia, Oaxaca, 20 de junio, 2025.- Pijy es una joven ind\u00edgena ayuujk de San Juan Mazatl\u00e1n Mixe, fue v\u00edctima de violaci\u00f3n a sus quince a\u00f1os. Pijy significa flor en lengua ayuujk, y ha sido la palabra que ha usado desde 2013 para reservar su identidad En esa fecha, despu\u00e9s de la agresi\u00f3n sexual, [&hellip;]<\/p>\n","protected":false},"author":3,"featured_media":96354,"comment_status":"open","ping_status":"open","sticky":false,"template":"","format":"standard","meta":{"_monsterinsights_skip_tracking":false,"footnotes":""},"categories":[48],"tags":[],"class_list":["post-96352","post","type-post","status-publish","format-standard","has-post-thumbnail","category-no-mas-impunidad-no-mas-impunidad"],"_links":{"self":[{"href":"https:\/\/redsemlac.com\/semmexico\/wp-json\/wp\/v2\/posts\/96352","targetHints":{"allow":["GET"]}}],"collection":[{"href":"https:\/\/redsemlac.com\/semmexico\/wp-json\/wp\/v2\/posts"}],"about":[{"href":"https:\/\/redsemlac.com\/semmexico\/wp-json\/wp\/v2\/types\/post"}],"author":[{"embeddable":true,"href":"https:\/\/redsemlac.com\/semmexico\/wp-json\/wp\/v2\/users\/3"}],"replies":[{"embeddable":true,"href":"https:\/\/redsemlac.com\/semmexico\/wp-json\/wp\/v2\/comments?post=96352"}],"version-history":[{"count":0,"href":"https:\/\/redsemlac.com\/semmexico\/wp-json\/wp\/v2\/posts\/96352\/revisions"}],"wp:featuredmedia":[{"embeddable":true,"href":"https:\/\/redsemlac.com\/semmexico\/wp-json\/wp\/v2\/media\/96354"}],"wp:attachment":[{"href":"https:\/\/redsemlac.com\/semmexico\/wp-json\/wp\/v2\/media?parent=96352"}],"wp:term":[{"taxonomy":"category","embeddable":true,"href":"https:\/\/redsemlac.com\/semmexico\/wp-json\/wp\/v2\/categories?post=96352"},{"taxonomy":"post_tag","embeddable":true,"href":"https:\/\/redsemlac.com\/semmexico\/wp-json\/wp\/v2\/tags?post=96352"}],"curies":[{"name":"wp","href":"https:\/\/api.w.org\/{rel}","templated":true}]}}