{"id":96349,"date":"2025-06-20T18:31:08","date_gmt":"2025-06-21T00:31:08","guid":{"rendered":"https:\/\/redsemlac.com\/semmexico\/?p=96349"},"modified":"2025-06-20T18:31:09","modified_gmt":"2025-06-21T00:31:09","slug":"acusan-a-rector-de-uam-de-reducir-80-estimulos-a-docentes","status":"publish","type":"post","link":"https:\/\/redsemlac.com\/semmexico\/acusan-a-rector-de-uam-de-reducir-80-estimulos-a-docentes\/","title":{"rendered":"Acusan a rector de UAM de reducir 80 % est\u00edmulos a docentes"},"content":{"rendered":"\n<ul class=\"wp-block-list\">\n<li>Aplic\u00f3 la pol\u00edtica de austeridad de AMLO<\/li>\n\n\n\n<li>Jos\u00e9 Antonio de los Reyes Heredia tom\u00f3 una decisi\u00f3n arbitraria<\/li>\n<\/ul>\n\n\n\n<p class=\"wp-block-paragraph\">Elda Montiel<\/p>\n\n\n\n<p class=\"wp-block-paragraph\">SemM\u00e9xico, Ciudad de M\u00e9xico, 20 de junio, 2025.- Docentes de la Universidad Aut\u00f3noma Metropolitana (UAM) acusaron al rector Jos\u00e9 Antonio de los Reyes Heredia de disminuir en un 80 por ciento los est\u00edmulos a la docencia de acuerdo con la pol\u00edtica de austeridad implantada por Andr\u00e9s Manuel L\u00f3pez Obrador.<\/p>\n\n\n\n<p class=\"wp-block-paragraph\">En un escrito se\u00f1alan que, en la administraci\u00f3n de Jos\u00e9 Antonio de los Reyes Heredia, que est\u00e1 a dos semanas de concluir su cuatrienio, desapareci\u00f3 el Est\u00edmulo a la Docencia e Investigaci\u00f3n (DEI).<\/p>\n\n\n\n<p class=\"wp-block-paragraph\">Precisan que entre 2023 y 2024 el rector disminuy\u00f3 en forma arbitraria 80 por ciento el est\u00edmulo pese a que la Secretar\u00eda de Hacienda traslad\u00f3 los recursos para que se pagara, as\u00ed como las becas que forman parte del salario de los acad\u00e9micos, aunque los representantes de la UAM no lo quieran reconocer.<\/p>\n\n\n\n<p class=\"wp-block-paragraph\">Los docentes afiliados al Sindicato Independiente de Trabajadores de la UAM (SITUAM) se\u00f1alan lo anterior y refieren que tampoco hubo soluci\u00f3n a la jubilaci\u00f3n digna, pues actualmente al retirarse, en promedio, los profesores pierden alrededor de dos terceras partes de los ingresos que reciben estando activos.<\/p>\n\n\n\n<p class=\"wp-block-paragraph\">Considera que la UAM viol\u00f3 institucionalmente los derechos laborales del personal acad\u00e9mico dado que la jubilaci\u00f3n digna para ese sector ha sido una demanda laboral hist\u00f3rica del SITUAM.<\/p>\n\n\n\n<p class=\"wp-block-paragraph\">Tambi\u00e9n se refieren al clima de violencia de g\u00e9nero y violencia e inestabilidad institucional al no actuar asertiva e institucionalmente en el marco de los conflictos y pugnas dentro de las comunidades acad\u00e9micas, aprobando en los hechos campa\u00f1as de odio, linchamientos pol\u00edticos, comportamientos de exclusi\u00f3n y discriminaci\u00f3n contra miembros acad\u00e9micos que se distinguen por ser independientes a las mafias acad\u00e9micas o por su activismo sindical.<\/p>\n\n\n\n<p class=\"wp-block-paragraph\">La administraci\u00f3n de Jos\u00e9 Antonio de los Reyes Heredia no ha sabido tratar ni atender las demandas de las estudiantes feministas, ni del alumnado en general, se\u00f1alan. \u201cHa habido&nbsp;tomas&nbsp;de edificios y paros en la unidades acad\u00e9micas e inconformidad permanente entre el alumnado y el profesorado durante todo el cuatrienio\u201d.<\/p>\n\n\n\n<p class=\"wp-block-paragraph\">En abril pasado hubo un paro en la unidad Azcapotzalco debido a la expedici\u00f3n de un instructivo de seguridad que fue abrogado, y advierten que en el plantel Iztapalapa&nbsp;ya lo hicieron y sigue vigente, con instalaci\u00f3n de&nbsp;torniquetes, c\u00e1maras y vigilantes de confianza.<\/p>\n\n\n\n<p class=\"wp-block-paragraph\">SEM\/em\/sj<\/p>\n","protected":false},"excerpt":{"rendered":"<p>Elda Montiel SemM\u00e9xico, Ciudad de M\u00e9xico, 20 de junio, 2025.- Docentes de la Universidad Aut\u00f3noma Metropolitana (UAM) acusaron al rector Jos\u00e9 Antonio de los Reyes Heredia de disminuir en un 80 por ciento los est\u00edmulos a la docencia de acuerdo con la pol\u00edtica de austeridad implantada por Andr\u00e9s Manuel L\u00f3pez Obrador. En un escrito se\u00f1alan [&hellip;]<\/p>\n","protected":false},"author":3,"featured_media":96350,"comment_status":"open","ping_status":"open","sticky":false,"template":"","format":"standard","meta":{"_monsterinsights_skip_tracking":false,"footnotes":""},"categories":[682],"tags":[],"class_list":["post-96349","post","type-post","status-publish","format-standard","has-post-thumbnail","category-noticias"],"_links":{"self":[{"href":"https:\/\/redsemlac.com\/semmexico\/wp-json\/wp\/v2\/posts\/96349","targetHints":{"allow":["GET"]}}],"collection":[{"href":"https:\/\/redsemlac.com\/semmexico\/wp-json\/wp\/v2\/posts"}],"about":[{"href":"https:\/\/redsemlac.com\/semmexico\/wp-json\/wp\/v2\/types\/post"}],"author":[{"embeddable":true,"href":"https:\/\/redsemlac.com\/semmexico\/wp-json\/wp\/v2\/users\/3"}],"replies":[{"embeddable":true,"href":"https:\/\/redsemlac.com\/semmexico\/wp-json\/wp\/v2\/comments?post=96349"}],"version-history":[{"count":0,"href":"https:\/\/redsemlac.com\/semmexico\/wp-json\/wp\/v2\/posts\/96349\/revisions"}],"wp:featuredmedia":[{"embeddable":true,"href":"https:\/\/redsemlac.com\/semmexico\/wp-json\/wp\/v2\/media\/96350"}],"wp:attachment":[{"href":"https:\/\/redsemlac.com\/semmexico\/wp-json\/wp\/v2\/media?parent=96349"}],"wp:term":[{"taxonomy":"category","embeddable":true,"href":"https:\/\/redsemlac.com\/semmexico\/wp-json\/wp\/v2\/categories?post=96349"},{"taxonomy":"post_tag","embeddable":true,"href":"https:\/\/redsemlac.com\/semmexico\/wp-json\/wp\/v2\/tags?post=96349"}],"curies":[{"name":"wp","href":"https:\/\/api.w.org\/{rel}","templated":true}]}}