{"id":96312,"date":"2025-06-19T17:08:48","date_gmt":"2025-06-19T23:08:48","guid":{"rendered":"https:\/\/redsemlac.com\/semmexico\/?p=96312"},"modified":"2025-06-19T17:08:49","modified_gmt":"2025-06-19T23:08:49","slug":"tras-la-puerta-del-poder-logro-redondo-de-sheinbaum-en-su-viaje-a-canada","status":"publish","type":"post","link":"https:\/\/redsemlac.com\/semmexico\/tras-la-puerta-del-poder-logro-redondo-de-sheinbaum-en-su-viaje-a-canada\/","title":{"rendered":"Tras la puerta del poder | Logro redondo de Sheinbaum en su viaje a Canad\u00e1"},"content":{"rendered":"\n<p class=\"wp-block-paragraph\">Roberto Vizca\u00edno<\/p>\n\n\n\n<p class=\"wp-block-paragraph\">SemM\u00e9xico, Cd. de M\u00e9xico, 19 de junio, 2025.- Si algo le pod\u00eda salir bien a la presidenta&nbsp;<strong>Claudia Sheinbaum<\/strong>&nbsp;ese fue su viaje a Canad\u00e1 para participar en el G7.<\/p>\n\n\n\n<p class=\"wp-block-paragraph\">Al final el inesperado y temprano retiro del presidente&nbsp;<strong>Donald Trump<\/strong>&nbsp;-por lo del conflicto Ir\u00e1n-Israel- le evit\u00f3 a la mandataria mexicana correr el riesgo de un primer encuentro personal con el impredecible, muy voluble y abusivo presidente norteamericano que suele mofarse de sus interlocutores y someterlos a la burla p\u00fablica.<\/p>\n\n\n\n<p class=\"wp-block-paragraph\">Y m\u00e1s cuando existe un cuadro de negociaci\u00f3n e intereses tan encontrados como existe en este momento en la relaci\u00f3n bilateral M\u00e9xico-Estados Unidos.<\/p>\n\n\n\n<p class=\"wp-block-paragraph\">Muchos temimos que es primer encuentro cara a cara entre la presidenta&nbsp;<strong>Sheinbaum y Trump<\/strong>&nbsp;fuese a resultar en un tremendo y costoso escarnio para la mexicana.<\/p>\n\n\n\n<p class=\"wp-block-paragraph\">El regreso de emergencia de&nbsp;<strong>Trump<\/strong>&nbsp;a Washington evit\u00f3 ese riesgo. Y luego hubo un dialogo telef\u00f3nico de unos 20 minutos en el que&nbsp;<strong>Sheinbaum<\/strong>&nbsp;le plante\u00f3 a&nbsp;<strong>Trump&nbsp;<\/strong>avanzar ya en un acuerdo m\u00faltiple que incluya un nuevo arreglo sobre migraci\u00f3n, seguridad y comercio.<\/p>\n\n\n\n<p class=\"wp-block-paragraph\"><strong>Trump&nbsp;<\/strong>intent\u00f3 atraer a la mandataria mexicana al sugerirle que de regreso a M\u00e9xico se desviara a Washington para verla en la Casa Blanca. Ella se disculp\u00f3 y dijo no poder hacerlo por tener que ver los temas mexicanos.<\/p>\n\n\n\n<p class=\"wp-block-paragraph\">Eso fue un segundo acierto de&nbsp;<strong>Sheinbaum<\/strong>&nbsp;para mantenerse lejos del escenario de&nbsp;<strong>Trump<\/strong>.<\/p>\n\n\n\n<p class=\"wp-block-paragraph\">Sin ese peso encima, ya a salvo del encuentro personal con el norteamericano, la presidenta mexicana se mostr\u00f3 con buen car\u00e1cter y humor en el foro de los mandatarios m\u00e1s poderosos del mundo y sent\u00f3 el precedente de que su Gobierno si acude a estos encuentros de nuevo.<\/p>\n\n\n\n<p class=\"wp-block-paragraph\">As\u00ed convivi\u00f3 y convers\u00f3, habl\u00f3 ante ellos, lo mismo con el presidente de Francia, con el medi\u00e1tico&nbsp;<strong>Emmanuel Macron<\/strong>&nbsp;(quien esta ves apareci\u00f3 su esposa); con el primer Ministro de Canad\u00e1, su anfitri\u00f3n y socio dentro del T-MEC&nbsp;<strong>Mark Carney<\/strong>&nbsp;-a quien le regal\u00f3 un bal\u00f3n de futbol con arte huichol-, y con&nbsp;<strong>Luiz In\u00e1cio Lula da Silva<\/strong>, presidente de Brasil, as\u00ed como con el primer Ministro de India,&nbsp;<strong>Narendra Damodardas Modi<\/strong>, con quien hal\u00f3 largo y convino encuentro posterior; con el primer Ministro de Jap\u00f3n,&nbsp;<strong>Shigeru Ishiba<\/strong>; la primer ministro de Italia,&nbsp;<strong>Giorgia Meloni<\/strong>; el canciller alem\u00e1n&nbsp;<strong>Friedrich Merz,&nbsp;<\/strong>con el presidente del Consejo Europeo,&nbsp;<strong>Ant\u00f3nio Costa,&nbsp;<\/strong>y con la presidenta de la Comisi\u00f3n Europea<strong>, \u00darsula von der Leyen<\/strong>, con quien habl\u00f3 de su pr\u00f3xima visita a M\u00e9xico para firmar el nuevo tratado comercial.<\/p>\n\n\n\n<p class=\"wp-block-paragraph\">Un importante encuentro con todos ellos que le permiti\u00f3 a todos conocer personalmente por primera vez a la presidenta de M\u00e9xico.<\/p>\n\n\n\n<p class=\"wp-block-paragraph\">En su intervenci\u00f3n ante ese grupo Sheinbaum record\u00f3 que M\u00e9xico siempre ha tenido una posici\u00f3n antidesarme y en favor de la paz y el bienestar econ\u00f3mico y un comercio justo.<\/p>\n\n\n\n<p class=\"wp-block-paragraph\">Por ello les propuso ir a la realizaci\u00f3n de una cumbre por el bienestar y la paz.<\/p>\n\n\n\n<p class=\"wp-block-paragraph\">Redondo pues su viaje.<\/p>\n\n\n\n<p class=\"wp-block-paragraph\"><strong>RECELA OPOSICI\u00d3N EN SENADO DE INICIATIVA<\/strong><\/p>\n\n\n\n<p class=\"wp-block-paragraph\">La oposici\u00f3n en el Senado ve con reserva la iniciativa que reforma la Ley Federal para la Prevenci\u00f3n e Identificaci\u00f3n de Operaciones con Recursos de Procedencia Il\u00edcita, porque permitir\u00eda el acceso total y sin orden judicial a la informaci\u00f3n personal de los mexicanos por parte de la Secretar\u00eda de Hacienda, indican.<\/p>\n\n\n\n<p class=\"wp-block-paragraph\">En este contexto,&nbsp;<strong>Alejandra Barrales,<\/strong>&nbsp;vicecoordinadora de MC dijo que su grupo se abstendr\u00e1 a participar en esa votaci\u00f3n dentro de las comisiones unidas de Justicia y de Estudios Legislativos.<\/p>\n\n\n\n<p class=\"wp-block-paragraph\">Barrales dijo que su aprobaci\u00f3n en las condiciones en que se ha presentado, representa un grave riesgo para la privacidad y la preservaci\u00f3n de los derechos humanos de las y los mexicanos.<\/p>\n\n\n\n<p class=\"wp-block-paragraph\">Esta iniciativa, advierten los opositores en la c\u00e1mara alta, contiene una definici\u00f3n ambigua del concepto de \u201cpersonas pol\u00edticamente expuestas\u201d, bajo criterios amplios y discrecionales que ser\u00e1n definidos por la misma Secretar\u00eda de Hacienda, lo que abre la puerta a persecuciones selectivas de naturaleza pol\u00edtica.<\/p>\n\n\n\n<p class=\"wp-block-paragraph\">Esto porque se incluye a funcionarios, exfuncionarios y personas vinculadas como asesores, familiares o cualquier persona \u201crelacionada\u201d a criterio de la autoridad, sin claridad ni controles.<\/p>\n\n\n\n<p class=\"wp-block-paragraph\">UNILA<\/p>\n\n\n\n<p class=\"wp-block-paragraph\"><strong>UNILA PROMUEVE LA GESTI\u00d3N DEPORTIVA CON NUEVA LICENCIATURA<\/strong><\/p>\n\n\n\n<p class=\"wp-block-paragraph\"><strong>Roberto Medrano<\/strong>, vicerrector de la Universidad Latina anunci\u00f3 ayer la apertura de una nueva carrera para impulsar el deporte en M\u00e9xico.<\/p>\n\n\n\n<p class=\"wp-block-paragraph\">Dijo que este centro de estudios considera que esta nueva c\u00e1tedra de Licenciatura en Gesti\u00f3n y Liderazgo Deportivo capacitar\u00e1 a un importante n\u00famero de estudiantes al asumir el impulso del deporte como motor de desarrollo.<\/p>\n\n\n\n<p class=\"wp-block-paragraph\">Esta nueva oferta acad\u00e9mica tiene como objetivo fomentar la correcta aplicaci\u00f3n de la gesti\u00f3n deportiva a trav\u00e9s de un enfoque profesional y actualizado, agreg\u00f3.<\/p>\n\n\n\n<p class=\"wp-block-paragraph\">El programa es impartido por docentes expertos con amplia trayectoria en el \u00e1mbito deportivo y organizacional. Con esta iniciativa, UNILA busca formar l\u00edderes capaces de dirigir equipos deportivos, organizar eventos y generar estrategias en el sector.<\/p>\n\n\n\n<p class=\"wp-block-paragraph\">La licenciatura ya est\u00e1 disponible en su modalidad escolarizada en Campus Cuernavaca y Cuautla.<\/p>\n\n\n\n<p class=\"wp-block-paragraph\">\u2026 \/ Twitter: @_Vizcaino \/ Facebook<\/p>\n\n\n\n<p class=\"wp-block-paragraph\">\/&nbsp;<a href=\"https:\/\/www.facebook.com\/rvizcainoa\">https:\/\/www.facebook.com\/rvizcainoa<\/a><\/p>\n","protected":false},"excerpt":{"rendered":"<p>Roberto Vizca\u00edno SemM\u00e9xico, Cd. de M\u00e9xico, 19 de junio, 2025.- Si algo le pod\u00eda salir bien a la presidenta&nbsp;Claudia Sheinbaum&nbsp;ese fue su viaje a Canad\u00e1 para participar en el G7. Al final el inesperado y temprano retiro del presidente&nbsp;Donald Trump&nbsp;-por lo del conflicto Ir\u00e1n-Israel- le evit\u00f3 a la mandataria mexicana correr el riesgo de un [&hellip;]<\/p>\n","protected":false},"author":3,"featured_media":39589,"comment_status":"open","ping_status":"open","sticky":false,"template":"","format":"standard","meta":{"_monsterinsights_skip_tracking":false,"footnotes":""},"categories":[35,623],"tags":[],"class_list":["post-96312","post","type-post","status-publish","format-standard","has-post-thumbnail","category-opinion","category-roberto-vizcaino"],"_links":{"self":[{"href":"https:\/\/redsemlac.com\/semmexico\/wp-json\/wp\/v2\/posts\/96312","targetHints":{"allow":["GET"]}}],"collection":[{"href":"https:\/\/redsemlac.com\/semmexico\/wp-json\/wp\/v2\/posts"}],"about":[{"href":"https:\/\/redsemlac.com\/semmexico\/wp-json\/wp\/v2\/types\/post"}],"author":[{"embeddable":true,"href":"https:\/\/redsemlac.com\/semmexico\/wp-json\/wp\/v2\/users\/3"}],"replies":[{"embeddable":true,"href":"https:\/\/redsemlac.com\/semmexico\/wp-json\/wp\/v2\/comments?post=96312"}],"version-history":[{"count":0,"href":"https:\/\/redsemlac.com\/semmexico\/wp-json\/wp\/v2\/posts\/96312\/revisions"}],"wp:featuredmedia":[{"embeddable":true,"href":"https:\/\/redsemlac.com\/semmexico\/wp-json\/wp\/v2\/media\/39589"}],"wp:attachment":[{"href":"https:\/\/redsemlac.com\/semmexico\/wp-json\/wp\/v2\/media?parent=96312"}],"wp:term":[{"taxonomy":"category","embeddable":true,"href":"https:\/\/redsemlac.com\/semmexico\/wp-json\/wp\/v2\/categories?post=96312"},{"taxonomy":"post_tag","embeddable":true,"href":"https:\/\/redsemlac.com\/semmexico\/wp-json\/wp\/v2\/tags?post=96312"}],"curies":[{"name":"wp","href":"https:\/\/api.w.org\/{rel}","templated":true}]}}