{"id":96207,"date":"2025-06-16T12:06:51","date_gmt":"2025-06-16T18:06:51","guid":{"rendered":"https:\/\/redsemlac.com\/semmexico\/?p=96207"},"modified":"2025-06-16T12:06:53","modified_gmt":"2025-06-16T18:06:53","slug":"tras-la-puerta-del-poder-claudia-sheinbaum-ordena-repliegue-de-4t-ante-trump","status":"publish","type":"post","link":"https:\/\/redsemlac.com\/semmexico\/tras-la-puerta-del-poder-claudia-sheinbaum-ordena-repliegue-de-4t-ante-trump\/","title":{"rendered":"Tras la puerta del poder| Claudia Sheinbaum ordena \u00a1Repliegue! de 4T ante Trump"},"content":{"rendered":"\n<p class=\"wp-block-paragraph\">&nbsp;Roberto Vizca\u00edno<\/p>\n\n\n\n<p class=\"wp-block-paragraph\">SemM\u00e9xico, Cd. de M\u00e9xico, 16 de junio, 2025.- Claudia Sheinbaum&nbsp;toc\u00f3 el clar\u00edn de alarma y pidi\u00f3 a sus bases, y militantes y cuadros dirigentes de morena, bajarle a protestas, embates y llamados en medios y redes sociales a movilizaciones anti&nbsp;Donald Trump,&nbsp;y sus salvajes redadas de migrantes, y eso bast\u00f3 para un repliegue general en la 4T.<\/p>\n\n\n\n<p class=\"wp-block-paragraph\">De inmediato todos los liderazgos en el&nbsp;morenismo&nbsp;recularon, y como eco repitieron los llamados a la prudencia de&nbsp;Sheinbaum. Bueno, hasta el siempre atolondrado e irreflexivo y muy entr\u00f3n presidente del Senado&nbsp;Gerardo Fern\u00e1ndez Noro\u00f1a&nbsp;le disminuy\u00f3 a su verborrea anti-trumpista.<\/p>\n\n\n\n<p class=\"wp-block-paragraph\">Contenidos -muy a su pesar- sus corrientes extremistas, o tribus cuatroteistas de la&nbsp;<em>izquierda-amlista<\/em>&nbsp;que encabezan&nbsp;Paco Ignacio Taibo II,&nbsp;Jes\u00fas Ram\u00edrez \u2018<em>el lava gatos\u2019<\/em>, E-pig-menio Ibarra y Rafael Barajas Dur\u00e1n \u2018<em>El Fisg\u00f3n<\/em>\u2019, se reservaron para mejores momentos para reiniciar su est\u00e9ril lucha contra EU.<\/p>\n\n\n\n<p class=\"wp-block-paragraph\">No es para menos el tama\u00f1o del&nbsp;<strong><em>paso atr\u00e1s<\/em><\/strong>.<\/p>\n\n\n\n<p class=\"wp-block-paragraph\">Y es que&nbsp;<strong>Sheinbaum,<\/strong>&nbsp;su Gobierno, sus gobernadores y alcaldes, su partido, sus mayor\u00edas legislativas y sus mensajes en las redes sociales de todos ellos est\u00e1n bajo el ojo de Washington.<\/p>\n\n\n\n<p class=\"wp-block-paragraph\">Eso les qued\u00f3 en claro a todos ellos luego de que el subsecretario de Estado de Estados Unidos,&nbsp;<strong>Christopher Landau<\/strong>, orden\u00f3 cancelarle la visa a la joven&nbsp;<strong>Melissa Cornejo Sandoval<\/strong>, consejera de Morena en Jalisco quien en un arranque de puro nacionalismo patriotero pidi\u00f3 a&nbsp;<em>trumpistas<\/em>&nbsp;meterse su visa -por cierto, inexistente- en el culo.<\/p>\n\n\n\n<p class=\"wp-block-paragraph\">De inmediato&nbsp;<strong>Luisa Mar\u00eda Alcalde<\/strong>, dirigente de Morena, abandon\u00f3 a su suerte a su consejera&nbsp;<strong>Cornejo Sandoval<\/strong>&nbsp;al postear en redes:<\/p>\n\n\n\n<p class=\"wp-block-paragraph\">\u00abLas expresiones de&nbsp;<strong>Melissa Cornejo<\/strong>&nbsp;no representan la postura de Morena. Desde su origen, nuestro Movimiento ha sido profundamente pac\u00edfico y as\u00ed lo seguir\u00e1 siendo. No promovemos ni promoveremos jam\u00e1s actos de violencia\u00bb.<\/p>\n\n\n\n<p class=\"wp-block-paragraph\">Casi al parejo el senador republicano&nbsp;<strong>Eric Schmitt<\/strong>, respondi\u00f3 a una burla de&nbsp;<strong>Gerardo Fern\u00e1ndez Noro\u00f1a<\/strong>&nbsp;con la advertencia de que si cre\u00eda que el Congreso de EU no aprobar\u00eda el gravamen del 15% a remesas de extranjeros entonces le ped\u00eda dar por sentado que gracias a su burla subir\u00eda ese impuesto a 20%.<\/p>\n\n\n\n<p class=\"wp-block-paragraph\">Todo esto con el antecedente de informaciones y trascendidos de que en la Casa Blanca existe ya un grupo que enlista a funcionarios y otros de la 4T vinculados al crimen organizado y de que existe la intenci\u00f3n desde atacar con drones a carteles y retirar visas a miembros del gabinete, gobernadores, alcaldes y legisladores.<\/p>\n\n\n\n<p class=\"wp-block-paragraph\">Y el hecho confirmado del retiro de visas a la gobernadora morenista de BC&nbsp;<strong>Marina del Pilar \u00c1vila<\/strong>&nbsp;y a&nbsp;<strong>Jos\u00e9 Alberto Granados D\u00e1vila,<\/strong>&nbsp;alcalde morenista de Matamoros, Tamaulipas.<\/p>\n\n\n\n<p class=\"wp-block-paragraph\">Apenas el mi\u00e9rcoles 11 de este junio le cancelaron tambi\u00e9n la visa al alcalde de Puerto Pe\u00f1asco, Sonora, al morenista<strong>&nbsp;Eduardo Castro Castro<\/strong>, y a toda su familia, al intentar cruzar hacia EU por la garita de Lukeville.<\/p>\n\n\n\n<p class=\"wp-block-paragraph\"><strong>TRUMP CONTINUA SU CAMPA\u00d1A ANTI-INMIGRANTE<\/strong><\/p>\n\n\n\n<p class=\"wp-block-paragraph\">Lo cierto es que los hechos indican claramente hasta hoy que&nbsp;<strong>Trump<\/strong>&nbsp;est\u00e1 decidido a cumplir su promesa de campa\u00f1a de deportar miles de migrantes y que hasta ahora no ha cedido a protestas ni a llamados de nadie para modificar su embate contra migrantes.<\/p>\n\n\n\n<p class=\"wp-block-paragraph\">Y no ha desmentido nada de lo que se ha dicho en medios sobre su supuesta intenci\u00f3n de crear esa lista de funcionarios mexicanos involucrados con el narco.<\/p>\n\n\n\n<p class=\"wp-block-paragraph\">Con todo lo anterior encima, la presidenta&nbsp;<strong>Claudia Sheinbaum<\/strong>&nbsp;ha tocado retirada y ha replegado a todo su entorno y m\u00e1s all\u00e1 a no hacer ni decir, ni publicar en redes nada que pueda incomodar al Gobierno de&nbsp;<strong>Trump<\/strong>.<\/p>\n\n\n\n<p class=\"wp-block-paragraph\">Y con ello ha dejado hu\u00e9rfana la dura y masiva protesta de migrantes mexicanos y de otras nacionalidades en Los \u00c1ngeles y una veintena de estados y grandes capitales m\u00e1s de Estados Unidos.<\/p>\n\n\n\n<p class=\"wp-block-paragraph\">As\u00ed los cuadros de mando como&nbsp;<strong>Ad\u00e1n Augusto L\u00f3pez<\/strong>&nbsp;l\u00edder de las mayor\u00edas senatoriales y de grupos y corrientes en los Estados junto con&nbsp;<strong>Ricardo Monreal<\/strong>&nbsp;que tiene lo suyo en la C\u00e1mara de Diputados o&nbsp;<strong>Luisa Mar\u00eda Alcalde<\/strong>&nbsp;ahora dirigente formal de Morena son los encargados de repercutir y dispersar por todo el pa\u00eds el llamado a la prudencia de las bases.<\/p>\n\n\n\n<p class=\"wp-block-paragraph\"><strong>Ad\u00e1n Augusto L\u00f3pez<\/strong>&nbsp;fue el encargado de desarmar una protesta que estaban organizado varios legisladores de morena frente a la embajada de EU en Paseo de la Reforma para sumarse a la protesta de migrantes en Los \u00c1ngeles.<\/p>\n\n\n\n<p class=\"wp-block-paragraph\">Esa intentona cont\u00f3 con el visto bueno del siempre atento al desmadre de&nbsp;<strong>Noro\u00f1a<\/strong>&nbsp;quien sali\u00f3 a decir ante reporteros que estaba pensando ir a sumarse a esa protesta, pero que a lo mejor no ir\u00eda porque luego la oposici\u00f3n lo podr\u00eda criticar.<\/p>\n\n\n\n<p class=\"wp-block-paragraph\">Si hubiera ocurrido todo lo anterior y&nbsp;<strong>Noro\u00f1a<\/strong>&nbsp;hubiera ido a esa protesta, quiz\u00e1 hubiera sido el siguiente blanco del subsecretario&nbsp;<strong>Christopher Landau&nbsp;<\/strong>para cancelar una visa m\u00e1s a un mando de la 4T.<\/p>\n\n\n\n<p class=\"wp-block-paragraph\">Eso le hubiera causado innumerables malestares y agruras severas al expetista a quien tanto le gusta viajar a los Estados Unidos cada vez que tiene oportunidad.<\/p>\n\n\n\n<p class=\"wp-block-paragraph\"><strong>VA CLAUDIA A ENCUENTRO CON TRUMP EN EL G7 EN CANAD\u00c1<\/strong><\/p>\n\n\n\n<p class=\"wp-block-paragraph\">As\u00ed, con todas las banderas rendidas, la presidenta&nbsp;<strong>Claudia Sheinbaum<\/strong>&nbsp;se encontrar\u00e1 hoy con el presidente&nbsp;<strong>Donald Trump<\/strong>&nbsp;en Kananaskis, Alberta, Canad\u00e1 en el marco de la reuni\u00f3n del G7 en Canad\u00e1 a realizarse del 15 al 17 de este junio de 2025<\/p>\n\n\n\n<p class=\"wp-block-paragraph\">El s\u00e1bado, antes de salir en vuelo comercial, la mandataria afirm\u00f3 que aprovechar\u00e1 su encuentro con&nbsp;<strong>Trump<\/strong>&nbsp;para \u201cdefender dignamente a las y los mexicanos, de aqu\u00ed y del otro lado de la frontera\u201d.<\/p>\n\n\n\n<p class=\"wp-block-paragraph\">Desde un mitin en Tlaxcala, dijo que&nbsp;<strong><em>no permitir\u00e1 que el republicano use el discurso contra los mexicanos, como lo ha hecho durante las protestas por las redadas contra los migrantes en Los \u00c1ngeles<\/em><\/strong>.<\/p>\n\n\n\n<p class=\"wp-block-paragraph\">\u201cVamos, como somos los mexicanos,&nbsp;<strong>firmes<\/strong>, con nuestra convicci\u00f3n, pero tambi\u00e9n siempre con di\u00e1logo, buscando siempre acuerdos para el bienestar de nuestras naciones y de nuestros pueblos\u201d.<\/p>\n\n\n\n<p class=\"wp-block-paragraph\">Esa firmeza que ella misma repleg\u00f3 durante la semana anterior.<\/p>\n\n\n\n<p class=\"wp-block-paragraph\">\u2026 \/ Twitter: @_Vizcaino \/ Facebook<\/p>\n\n\n\n<p class=\"wp-block-paragraph\">\/&nbsp;<a href=\"https:\/\/www.facebook.com\/rvizcainoa\" target=\"_blank\" rel=\"noreferrer noopener\">https:\/\/www.facebook.com\/rvizcainoa<\/a><\/p>\n\n\n\n<p class=\"wp-block-paragraph\"><\/p>\n","protected":false},"excerpt":{"rendered":"<p>&nbsp;Roberto Vizca\u00edno SemM\u00e9xico, Cd. de M\u00e9xico, 16 de junio, 2025.- Claudia Sheinbaum&nbsp;toc\u00f3 el clar\u00edn de alarma y pidi\u00f3 a sus bases, y militantes y cuadros dirigentes de morena, bajarle a protestas, embates y llamados en medios y redes sociales a movilizaciones anti&nbsp;Donald Trump,&nbsp;y sus salvajes redadas de migrantes, y eso bast\u00f3 para un repliegue general [&hellip;]<\/p>\n","protected":false},"author":3,"featured_media":39589,"comment_status":"open","ping_status":"open","sticky":false,"template":"","format":"standard","meta":{"_monsterinsights_skip_tracking":false,"footnotes":""},"categories":[35,623,622],"tags":[],"class_list":["post-96207","post","type-post","status-publish","format-standard","has-post-thumbnail","category-opinion","category-roberto-vizcaino","category-tras-la-puerta-del-poder"],"_links":{"self":[{"href":"https:\/\/redsemlac.com\/semmexico\/wp-json\/wp\/v2\/posts\/96207","targetHints":{"allow":["GET"]}}],"collection":[{"href":"https:\/\/redsemlac.com\/semmexico\/wp-json\/wp\/v2\/posts"}],"about":[{"href":"https:\/\/redsemlac.com\/semmexico\/wp-json\/wp\/v2\/types\/post"}],"author":[{"embeddable":true,"href":"https:\/\/redsemlac.com\/semmexico\/wp-json\/wp\/v2\/users\/3"}],"replies":[{"embeddable":true,"href":"https:\/\/redsemlac.com\/semmexico\/wp-json\/wp\/v2\/comments?post=96207"}],"version-history":[{"count":0,"href":"https:\/\/redsemlac.com\/semmexico\/wp-json\/wp\/v2\/posts\/96207\/revisions"}],"wp:featuredmedia":[{"embeddable":true,"href":"https:\/\/redsemlac.com\/semmexico\/wp-json\/wp\/v2\/media\/39589"}],"wp:attachment":[{"href":"https:\/\/redsemlac.com\/semmexico\/wp-json\/wp\/v2\/media?parent=96207"}],"wp:term":[{"taxonomy":"category","embeddable":true,"href":"https:\/\/redsemlac.com\/semmexico\/wp-json\/wp\/v2\/categories?post=96207"},{"taxonomy":"post_tag","embeddable":true,"href":"https:\/\/redsemlac.com\/semmexico\/wp-json\/wp\/v2\/tags?post=96207"}],"curies":[{"name":"wp","href":"https:\/\/api.w.org\/{rel}","templated":true}]}}