{"id":96171,"date":"2025-06-13T18:19:27","date_gmt":"2025-06-14T00:19:27","guid":{"rendered":"https:\/\/redsemlac.com\/semmexico\/?p=96171"},"modified":"2025-06-13T18:19:28","modified_gmt":"2025-06-14T00:19:28","slug":"mexico-sede-de-la-xvi-conferencia-regional-sobre-la-mujer-de-america-latina-y-el-caribe","status":"publish","type":"post","link":"https:\/\/redsemlac.com\/semmexico\/mexico-sede-de-la-xvi-conferencia-regional-sobre-la-mujer-de-america-latina-y-el-caribe\/","title":{"rendered":"M\u00e9xico sede de la XVI Conferencia Regional sobre la Mujer de Am\u00e9rica Latina y el\u00a0Caribe"},"content":{"rendered":"\n<ul class=\"wp-block-list\">\n<li>\u00b7 El feminismo debe ser vanguardia, dice Citlali Hern\u00e1ndez \u00a0<\/li>\n\n\n\n<li>\u00b7 Avanzar hacia la igualdad de g\u00e9nero y la sociedad del cuidado: CEPAL<\/li>\n<\/ul>\n\n\n\n<p class=\"wp-block-paragraph\">Elda Montiel &nbsp;<\/p>\n\n\n\n<p class=\"wp-block-paragraph\">SemM\u00e9xico, Cuidad de M\u00e9xico, 13 de junio, 2025.- El Gobierno de M\u00e9xico y la&nbsp;Comisi\u00f3n Econ\u00f3mica para Am\u00e9rica Latina y el Caribe (CEPAL) firmaron este&nbsp;viernes el acuerdo de sede de la XVI Conferencia Regional sobre la Mujer de&nbsp;Am\u00e9rica Latina y el Caribe del 12 al 15 de agosto pr\u00f3ximo en Ciudad de M\u00e9xico.<\/p>\n\n\n\n<p class=\"wp-block-paragraph\">En el Centro Cultural Universitario Tlatelolco, por M\u00e9xico firm\u00f3 la secretaria de las&nbsp;Mujeres, Citlali Hern\u00e1ndez Mora, y por la CEPAL, el secretario ejecutivo Jos\u00e9&nbsp;Manuel Salazar-Xirinachschs, quienes destacaron que ser\u00e1 un espacio estrat\u00e9gico&nbsp;para abordar las transformaciones necesarias en la regi\u00f3n hacia una sociedad&nbsp;m\u00e1s justa y equitativa, que busca consolidar una sociedad del cuidado. &nbsp;<\/p>\n\n\n\n<p class=\"wp-block-paragraph\">La titular de Secretar\u00eda de las Mujeres se\u00f1al\u00f3 que el feminismo dej\u00f3 de ser&nbsp;resistencia y hoy debe estar a la vanguardia, en la lucha contra el neofascismo,&nbsp;contra la agenda antiderechos, porque el feminismo plantea y cuestiona de&nbsp;manera profunda y radical todas las estructuras que excluyen y oprimen.<\/p>\n\n\n\n<p class=\"wp-block-paragraph\">Expres\u00f3 que ser\u00e1 muy poderoso que M\u00e9xico sea sede de esta Conferencia&nbsp;Regional, porque nos encontraremos desde esa perspectiva, en este pa\u00eds que se&nbsp;est\u00e1 transformando donde la presidenta de la Rep\u00fablica y la jefa de Gobierno&nbsp;tienen un profundo compromiso con la vida de las mujeres.<\/p>\n\n\n\n<p class=\"wp-block-paragraph\">Record\u00f3 y revindic\u00f3 la lucha de muchas mujeres que se dieron cita hace 50 a\u00f1os,&nbsp;en Tlatelolco durante la primera Conferencia Mundial de la Mujer donde se&nbsp;imagin\u00f3 una sociedad distinta, una regi\u00f3n diferente, igualitaria, con el respeto a la&nbsp;diversidad, a la igualdad con la claridad de que la vida de las mujeres ser\u00eda&nbsp;distinta.<\/p>\n\n\n\n<p class=\"wp-block-paragraph\">En M\u00e9xico se materializan muchos de esos anhelos con la primera mujer&nbsp;presidenta de M\u00e9xico y tambi\u00e9n la primera mujer presidenta de Norteam\u00e9rica.<\/p>\n\n\n\n<p class=\"wp-block-paragraph\">Propuso que Am\u00e9rica Latina plantee frente al mundo, una visi\u00f3n de cuidados m\u00e1s&nbsp;cercana a nuestra cosmovisi\u00f3n como mujeres latinoamericanas y se\u00f1al\u00f3 como&nbsp;necesario hablar con una voz com\u00fan y decidida frente a los retrocesos y las&nbsp;violencias que enfrentan los derechos y avances de las mujeres en el mundo y en&nbsp;la regi\u00f3n, as\u00ed como hablar de los pendientes hist\u00f3ricos y de lo que mucho que hay&nbsp;que hacer todav\u00eda para alcanzar la igualdad plena entre hombres y mujeres. &nbsp;<\/p>\n\n\n\n<p class=\"wp-block-paragraph\">Apostamos, dijo a un\u00a0cambio cultural, que es la ra\u00edz com\u00fan que tenemos en\u00a0M\u00e9xico y con otros pueblos de Am\u00e9rica Latina, habr\u00e1 que regresar algunos de nuestros or\u00edgenes, desde nuestras perspectivas comunitarias, de respeto entre\u00a0personas, de respeto a la naturaleza, a las y los dem\u00e1s, para lograr esa tan\u00a0anhelada paz que urge en M\u00e9xico, en nuestra regi\u00f3n y en el mundo.<\/p>\n\n\n\n<p class=\"wp-block-paragraph\"><strong>Fundamental avanzar hacia la igualdad de g\u00e9nero y la sociedad del cuidado &nbsp;<\/strong><\/p>\n\n\n\n<p class=\"wp-block-paragraph\">Jos\u00e9 Manuel Salazar-Xiriachs, secretario ejecutivo de la CEPAL, se refiri\u00f3 al&nbsp;contexto en el que vivimos&nbsp;profundamente convulsionado, marcado por guerras,&nbsp;tensiones geopol\u00edticas, desigualdad estructural y una crisis del desarrollo, que&nbsp;demanda una acci\u00f3n colectiva reflexiva, inteligente, estrat\u00e9gica y m\u00e1s fuerte que&nbsp;nunca.<\/p>\n\n\n\n<p class=\"wp-block-paragraph\">Sostuvo que el avance hacia la igualdad de g\u00e9nero y la sociedad del cuidado es&nbsp;una de las 11 grandes transformaciones que se ha planteado CEPAL para el&nbsp;desarrollo de los pa\u00edses. &nbsp;<\/p>\n\n\n\n<p class=\"wp-block-paragraph\">La Conferencia Regional sobre la Mujer,es hoy Patrimonio Cultural de Am\u00e9rica&nbsp;Latina y el Caribe que organiza la CEPAL desde 2020 junto con ONU Mujeres.<\/p>\n\n\n\n<p class=\"wp-block-paragraph\">Destac\u00f3 que los cuidados tienen un enorme peso en nuestras econom\u00edas, aunque&nbsp;a menudo es invisible. En al menos 10 pa\u00edses en los que se ha medido la&nbsp;contribuci\u00f3n del trabajo dom\u00e9stico y de cuidados no remunerado, representa entre&nbsp;19 y 27 por ciento del producto interno bruto, de aporte, la abrumadora mayor\u00eda,&nbsp;tres cuartas partes, lo hacen las mujeres.<\/p>\n\n\n\n<p class=\"wp-block-paragraph\">En las \u00faltimas d\u00e9cadas, la regi\u00f3n ha avanzado en entender el cuidado como una&nbsp;necesidad creciente, urgente, un trabajo, un derecho y un bien p\u00fablico, y tambi\u00e9n&nbsp;un sector econ\u00f3mico dinamizador del conjunto de la econom\u00eda.<\/p>\n\n\n\n<p class=\"wp-block-paragraph\">Si se hacen las inversiones necesarias, la econom\u00eda del cuidado va a ser una de&nbsp;las fuentes m\u00e1s din\u00e1micas de empleos de calidad en el futuro. Por eso, desde&nbsp;CEPAL se ha planteado un cambio de paradigma: avanzar en la construcci\u00f3n de&nbsp;la Sociedad del Cuidado, que plantea la sostenibilidad de la vida y del planeta.<\/p>\n\n\n\n<p class=\"wp-block-paragraph\">Esta XVI versi\u00f3n de la Conferencia marcar\u00e1 varios hitos. Es la primera vez que&nbsp;esta conferencia intergubernamental ser\u00e1 recibida por una mujer presidenta, en&nbsp;todos sus casi 50 a\u00f1os de historia. La excelent\u00edsima presidenta Claudia&nbsp;Sheinbaum Pardo y, por otro lado, M\u00e9xico se ha posicionado como un referente en&nbsp;la regi\u00f3n al contar con un marco normativo que establece la paridad y el&nbsp;reconocimiento constitucional a la igualdad sustantiva. &nbsp;<\/p>\n\n\n\n<p class=\"wp-block-paragraph\">Ha avanzado en romper el silencio estad\u00edstico mediante la producci\u00f3n de&nbsp;informaci\u00f3n oficial con perspectiva de g\u00e9nero, destac\u00f3 el papel del INEGI. 23&nbsp;pa\u00edses de la regi\u00f3n han realizado al menos una medici\u00f3n oficial sobre uso del&nbsp;tiempo, y 10 han medido el aporte a la econom\u00eda del trabajo no remunerado. &nbsp;<\/p>\n\n\n\n<p class=\"wp-block-paragraph\"><strong>La Ciudad de M\u00e9xico, una ciudad feminista, Clara Brugada<\/strong><\/p>\n\n\n\n<p class=\"wp-block-paragraph\">La ciudad de M\u00e9xico ser\u00e1 la sede, por lo que la jefa de gobierno Clara Brugada&nbsp;Molina afirm\u00f3 que esta&nbsp;ciudad tiene un coraz\u00f3n feminista y un sentimiento rebelde,&nbsp;fue la primera entidad en legislar para que las mujeres tengan el control de su&nbsp;cuerpo y en 2017 en la constituci\u00f3n local declar\u00f3 el derecho al cuidado. &nbsp;<\/p>\n\n\n\n<p class=\"wp-block-paragraph\">Nos preparamos para recibir como se dijo ac\u00e1, a mil mujeres internacionalistas de&nbsp;Am\u00e9rica Latina y el Caribe, y las vamos a recibir con los brazos abiertos.<\/p>\n\n\n\n<p class=\"wp-block-paragraph\">Record\u00f3 que en 1975 esta ciudad tambi\u00e9n fue sede de la Primera Conferencia&nbsp;Mundial sobre la Mujer \u201c50 a\u00f1os despu\u00e9s de que se habl\u00f3 sobre la igualdad de&nbsp;g\u00e9nero este pa\u00eds recibe a la XVI Conferencia Regional con un s\u00edmbolo poderoso:&nbsp;por primera vez en la historia, M\u00e9xico tiene una mujer presidenta\u201d.<\/p>\n\n\n\n<p class=\"wp-block-paragraph\">Expres\u00f3 que es importante que en este marco se realice el Foro de Gobiernos&nbsp;locales que tambi\u00e9n ser\u00e1 in\u00e9dito, \u201cpara reconocer el papel importante que juegan&nbsp;en la estrategia de construcci\u00f3n de un sistema p\u00fablico de cuidados, y espera que&nbsp;la ciudad de M\u00e9xico sea modelo para seguir\u201d.<\/p>\n\n\n\n<p class=\"wp-block-paragraph\">Durante la firma se inform\u00f3 de la realizaci\u00f3n de: El Foro de Gobiernos Locales,&nbsp;que ya se mencion\u00f3, el 10 de agosto, que es una iniciativa que lidera el Gobierno&nbsp;de la Ciudad de M\u00e9xico.<\/p>\n\n\n\n<p class=\"wp-block-paragraph\">As\u00ed como el Foro Parlamentario, que se va a realizar el 11 de agosto, en el&nbsp;Congreso General de M\u00e9xico, coorganizado por el Congreso de la Uni\u00f3n, ONU&nbsp;Mujeres y CEPAL, con foco en propuestas que permitan avanzar a la sociedad del&nbsp;cuidado, la democracia paritaria en Am\u00e9rica Latina y el Caribe, y el Foro de&nbsp;Organizaciones Feministas.<\/p>\n\n\n\n<p class=\"wp-block-paragraph\">La ceremonia cont\u00f3 con la participaci\u00f3n de la subsecretaria de Relaciones&nbsp;Exteriores, Mar\u00eda Teresa Mercado; la Directora Regional para las Am\u00e9ricas y el&nbsp;Caribe de las Naciones Unidas para la Igualdad de G\u00e9nero y el Empoderamiento&nbsp;de las Mujeres (ONU Mujeres), Mar\u00eda-Noel Vaeza; la directora de la Divisi\u00f3n de&nbsp;Asuntos de G\u00e9nero de la CEPAL, Ana G\u00fcezmes Garc\u00eda; el director de la Sede&nbsp;Subregional de la CEPAL en M\u00e9xico, Jorge Mario Mart\u00ednez-Piva; la senadora&nbsp;Martha Luc\u00eda Micher, presidenta de la Comisi\u00f3n para la Igualdad de G\u00e9nero del&nbsp;Senado de la Rep\u00fablica, y la diputada Ana\u00eds Miriam Burgos, presidenta de la&nbsp;Comisi\u00f3n de Igualdad de G\u00e9nero de la C\u00e1mara de Diputados, as\u00ed como&nbsp;representantes diplom\u00e1ticos y de organismos internacionales.<\/p>\n\n\n\n<p class=\"wp-block-paragraph\">SEM\/em\/sj<\/p>\n","protected":false},"excerpt":{"rendered":"<p>Elda Montiel &nbsp; SemM\u00e9xico, Cuidad de M\u00e9xico, 13 de junio, 2025.- El Gobierno de M\u00e9xico y la&nbsp;Comisi\u00f3n Econ\u00f3mica para Am\u00e9rica Latina y el Caribe (CEPAL) firmaron este&nbsp;viernes el acuerdo de sede de la XVI Conferencia Regional sobre la Mujer de&nbsp;Am\u00e9rica Latina y el Caribe del 12 al 15 de agosto pr\u00f3ximo en Ciudad de M\u00e9xico. [&hellip;]<\/p>\n","protected":false},"author":3,"featured_media":96172,"comment_status":"open","ping_status":"open","sticky":false,"template":"","format":"standard","meta":{"_monsterinsights_skip_tracking":false,"footnotes":""},"categories":[694],"tags":[],"class_list":["post-96171","post","type-post","status-publish","format-standard","has-post-thumbnail","category-destacadas"],"_links":{"self":[{"href":"https:\/\/redsemlac.com\/semmexico\/wp-json\/wp\/v2\/posts\/96171","targetHints":{"allow":["GET"]}}],"collection":[{"href":"https:\/\/redsemlac.com\/semmexico\/wp-json\/wp\/v2\/posts"}],"about":[{"href":"https:\/\/redsemlac.com\/semmexico\/wp-json\/wp\/v2\/types\/post"}],"author":[{"embeddable":true,"href":"https:\/\/redsemlac.com\/semmexico\/wp-json\/wp\/v2\/users\/3"}],"replies":[{"embeddable":true,"href":"https:\/\/redsemlac.com\/semmexico\/wp-json\/wp\/v2\/comments?post=96171"}],"version-history":[{"count":0,"href":"https:\/\/redsemlac.com\/semmexico\/wp-json\/wp\/v2\/posts\/96171\/revisions"}],"wp:featuredmedia":[{"embeddable":true,"href":"https:\/\/redsemlac.com\/semmexico\/wp-json\/wp\/v2\/media\/96172"}],"wp:attachment":[{"href":"https:\/\/redsemlac.com\/semmexico\/wp-json\/wp\/v2\/media?parent=96171"}],"wp:term":[{"taxonomy":"category","embeddable":true,"href":"https:\/\/redsemlac.com\/semmexico\/wp-json\/wp\/v2\/categories?post=96171"},{"taxonomy":"post_tag","embeddable":true,"href":"https:\/\/redsemlac.com\/semmexico\/wp-json\/wp\/v2\/tags?post=96171"}],"curies":[{"name":"wp","href":"https:\/\/api.w.org\/{rel}","templated":true}]}}