{"id":96168,"date":"2025-06-13T18:01:48","date_gmt":"2025-06-14T00:01:48","guid":{"rendered":"https:\/\/redsemlac.com\/semmexico\/?p=96168"},"modified":"2025-06-13T18:01:49","modified_gmt":"2025-06-14T00:01:49","slug":"la-justicia-esta-muerta-electa-magistrada-jueza-que-provoco-danos-a-una-familia","status":"publish","type":"post","link":"https:\/\/redsemlac.com\/semmexico\/la-justicia-esta-muerta-electa-magistrada-jueza-que-provoco-danos-a-una-familia\/","title":{"rendered":"\u00a1La justicia est\u00e1 muerta! Electa magistrada, jueza que provoc\u00f3 da\u00f1os a una familia"},"content":{"rendered":"\n<ul class=\"wp-block-list\">\n<li>\u00b7 Acusa a jueza electa magistrada como la responsable de la muerte de su\u00a0hijo<\/li>\n\n\n\n<li>\u00b7 Permiti\u00f3 la libertad de uno de los feminicidas de F\u00e1tima Viridiana y otras\u00a0violencias<\/li>\n<\/ul>\n\n\n\n<p class=\"wp-block-paragraph\">Soledad Jarqu\u00edn Edgar<\/p>\n\n\n\n<p class=\"wp-block-paragraph\">SemM\u00e9xico, Ciudad de M\u00e9xico, 13 de junio, 2025.- Definitivamente muri\u00f3 la&nbsp;justicia y estamos de luto, se\u00f1al\u00f3 Lorena Guti\u00e9rrez Rangel tras conocer que Janet&nbsp;Pati\u00f1o Garc\u00eda, electa magistrada del Estado de M\u00e9xico Regi\u00f3n Toluca y cuyas&nbsp;acciones como jueza provocaron que tuviera que ser desplazada junto con su&nbsp;familiar a Monterrey, Nuevo Le\u00f3n y que a la postre le costar\u00eda la vida a su hijo&nbsp;Daniel.<\/p>\n\n\n\n<p class=\"wp-block-paragraph\">Guti\u00e9rrez Rangel, quien en febrero de 2015 vivi\u00f3 el feminicidio de su hija F\u00e1tima&nbsp;Viridiana en la poblaci\u00f3n de La Lupita Casas Viejas Estado de M\u00e9xico, a manos de&nbsp;Jos\u00e9 Juan Hern\u00e1ndez Tecruce\u00f1o y otros dos implicados, uno de ellos menor de&nbsp;edad que fue puesto en libertad en cinco a\u00f1os, cuenta que la negligente actitud de&nbsp;la jueza futura magistrada permiti\u00f3 que obtuviera su libertad, aunque gracias a un&nbsp;amparo volvi\u00f3 a ser aprehendido.<\/p>\n\n\n\n<p class=\"wp-block-paragraph\">Las pruebas presentadas por el responsable de la violaci\u00f3n sexual y feminicidio de&nbsp;la ni\u00f1a de 12 a\u00f1os consist\u00edan en un video con el que pretend\u00eda justificar que se&nbsp;encontraba trabajando en una escuela como jardinero, sin embargo, el equipo&nbsp;legan de la familia Guti\u00e9rrez contrat\u00f3 a un perito que demostr\u00f3 que no era la&nbsp;persona que se encontraba en el video y fue reaprendido.<\/p>\n\n\n\n<p class=\"wp-block-paragraph\">A\u00f1os m\u00e1s tarde, Juna Jos\u00e9 Hern\u00e1ndez Tecruce\u00f1o fue sentenciado a prisi\u00f3n&nbsp;vitalicia y en diciembre del 2024 el Poder Judicial Estatal resolvi\u00f3 reducir la&nbsp;sentencia, por lo que consider\u00f3 que de nueva cuenta las instituciones hab\u00edan&nbsp;violentado sus derechos como v\u00edctimas indirectas.<\/p>\n\n\n\n<p class=\"wp-block-paragraph\">La madre de F\u00e1tima Viridiana y de Daniel sostuvo con coraje que todo este periplo&nbsp;y a\u00f1os de litigio en gran parte son responsabilidad de quien pronto asumir\u00e1 la&nbsp;magistratura del Estado de M\u00e9xico Regi\u00f3n Toluca, por lo que ella pregunta a los&nbsp;reformadores del poder Judicial \u00bfen manos de quien dejaron la justicia para las&nbsp;v\u00edctimas de feminicidio?<\/p>\n\n\n\n<p class=\"wp-block-paragraph\">En entrevista telef\u00f3nica, Lorena Guti\u00e9rrez Rangel fue enf\u00e1tica cuando sostuvo que&nbsp;a Janet Pati\u00f1o Garc\u00eda, quien era jueza, \u201cno le import\u00f3 que nos amenazaran de&nbsp;muerte en la sala de audiencia\u201d.<\/p>\n\n\n\n<p class=\"wp-block-paragraph\">Dej\u00f3 en libertad a Hern\u00e1ndez Tecruce\u00f1o el 8 de junio de 2017, \u201cle vali\u00f3 que se&nbsp;fuera el infeliz que asesin\u00f3 de las peores maneras a mi ni\u00f1a\u201d, dice refiri\u00e9ndose a&nbsp;F\u00e1tima quien en 2015 ten\u00eda apenas 12 a\u00f1os.<\/p>\n\n\n\n<p class=\"wp-block-paragraph\">Apunta que la futura magistrada de la Regi\u00f3n Toluca fue la culpable de las&nbsp;amenazas telef\u00f3nicas que le hicieron llegar a Daniel, \u201ca ella no le import\u00f3 nada\u201d,&nbsp;dice tratando de sostener las l\u00e1grimas.<\/p>\n\n\n\n<p class=\"wp-block-paragraph\">Cuando Janet Pati\u00f1o Garc\u00eda dej\u00f3 en libertad a Jos\u00e9 Juan Hern\u00e1ndez Tecruce\u00f1o,&nbsp;permiti\u00f3 que tambi\u00e9n balearan la casa, tuvi\u00e9ramos que permanecer encerrados y&nbsp;fu\u00e9ramos desplazados hacia Monterrey, Nuevo Le\u00f3n, donde pasamos penurias y&nbsp;lo peor, al tiempo, ella se convirti\u00f3 en la responsable de la muerte de Daniel.<\/p>\n\n\n\n<p class=\"wp-block-paragraph\">Porque otra cosa habr\u00eda sido si no hubiera permitido que el asesino de F\u00e1tima&nbsp;estuviera libre, en ese lapso, sigui\u00f3 lastimando a mi familia.<\/p>\n\n\n\n<p class=\"wp-block-paragraph\">Por ello, la defensora Lorena Guti\u00e9rrez Rangel sostiene que con elecciones como&nbsp;el de Janet Pati\u00f1o Garc\u00eda \u201cla justicia est\u00e1 muerta\u201d.<\/p>\n","protected":false},"excerpt":{"rendered":"<p>Soledad Jarqu\u00edn Edgar SemM\u00e9xico, Ciudad de M\u00e9xico, 13 de junio, 2025.- Definitivamente muri\u00f3 la&nbsp;justicia y estamos de luto, se\u00f1al\u00f3 Lorena Guti\u00e9rrez Rangel tras conocer que Janet&nbsp;Pati\u00f1o Garc\u00eda, electa magistrada del Estado de M\u00e9xico Regi\u00f3n Toluca y cuyas&nbsp;acciones como jueza provocaron que tuviera que ser desplazada junto con su&nbsp;familiar a Monterrey, Nuevo Le\u00f3n y que a [&hellip;]<\/p>\n","protected":false},"author":3,"featured_media":96169,"comment_status":"open","ping_status":"open","sticky":false,"template":"","format":"standard","meta":{"_monsterinsights_skip_tracking":false,"footnotes":""},"categories":[694],"tags":[],"class_list":["post-96168","post","type-post","status-publish","format-standard","has-post-thumbnail","category-destacadas"],"_links":{"self":[{"href":"https:\/\/redsemlac.com\/semmexico\/wp-json\/wp\/v2\/posts\/96168","targetHints":{"allow":["GET"]}}],"collection":[{"href":"https:\/\/redsemlac.com\/semmexico\/wp-json\/wp\/v2\/posts"}],"about":[{"href":"https:\/\/redsemlac.com\/semmexico\/wp-json\/wp\/v2\/types\/post"}],"author":[{"embeddable":true,"href":"https:\/\/redsemlac.com\/semmexico\/wp-json\/wp\/v2\/users\/3"}],"replies":[{"embeddable":true,"href":"https:\/\/redsemlac.com\/semmexico\/wp-json\/wp\/v2\/comments?post=96168"}],"version-history":[{"count":0,"href":"https:\/\/redsemlac.com\/semmexico\/wp-json\/wp\/v2\/posts\/96168\/revisions"}],"wp:featuredmedia":[{"embeddable":true,"href":"https:\/\/redsemlac.com\/semmexico\/wp-json\/wp\/v2\/media\/96169"}],"wp:attachment":[{"href":"https:\/\/redsemlac.com\/semmexico\/wp-json\/wp\/v2\/media?parent=96168"}],"wp:term":[{"taxonomy":"category","embeddable":true,"href":"https:\/\/redsemlac.com\/semmexico\/wp-json\/wp\/v2\/categories?post=96168"},{"taxonomy":"post_tag","embeddable":true,"href":"https:\/\/redsemlac.com\/semmexico\/wp-json\/wp\/v2\/tags?post=96168"}],"curies":[{"name":"wp","href":"https:\/\/api.w.org\/{rel}","templated":true}]}}