{"id":96165,"date":"2025-06-13T16:59:13","date_gmt":"2025-06-13T22:59:13","guid":{"rendered":"https:\/\/redsemlac.com\/semmexico\/?p=96165"},"modified":"2025-06-13T16:59:15","modified_gmt":"2025-06-13T22:59:15","slug":"emite-ddhpo-recomendacion-a-fgeo-por-violaciones-a-derechos-humanos","status":"publish","type":"post","link":"https:\/\/redsemlac.com\/semmexico\/emite-ddhpo-recomendacion-a-fgeo-por-violaciones-a-derechos-humanos\/","title":{"rendered":"Emite DDHPO Recomendaci\u00f3n a FGEO por violaciones a derechos humanos"},"content":{"rendered":"\n<p class=\"wp-block-paragraph\">\u2022 Suplantaci\u00f3n de la v\u00edctima permiti\u00f3 que un juez le otorgara el perd\u00f3n al victimario<br>\u2022 Concluye Defensor\u00eda que existieron graves omisiones en la actuaci\u00f3n de la Fiscal\u00eda de Oaxaca<\/p>\n\n\n\n<p class=\"wp-block-paragraph\">Redacci\u00f3n<br>SemM\u00e9xico, Oaxaca, 13 de junio, 2025.- La Defensor\u00eda de los Derechos Humanos del Pueblo de Oaxaca emiti\u00f3 la Recomendaci\u00f3n 00\/2025, tras acreditar violaciones a los derechos humanos a una vida libre de violencia y al acceso a la justicia en su modalidad de indebida procuraci\u00f3n, atribuibles a personal adscrito a la Fiscal\u00eda General del Estado de Oaxaca (FGEO).<\/p>\n\n\n\n<p class=\"wp-block-paragraph\">El 12 de octubre de 2022, este organismo aut\u00f3nomo inici\u00f3 una investigaci\u00f3n de oficio derivada de una nota period\u00edstica publicada en el portal de El Universal, titulada: \u201cSuplantan identidad de v\u00edctima para dar perd\u00f3n a presunto violador, Fiscal\u00eda de Oaxaca no se dio cuenta\u201d, donde se se\u00f1al\u00f3 que una persona del sexo femenino se hizo pasar por la v\u00edctima para otorgar el perd\u00f3n al presunto agresor, lo que permiti\u00f3 que el Juez de Control revocara la orden de aprehensi\u00f3n por el delito de violaci\u00f3n agravada.<\/p>\n\n\n\n<p class=\"wp-block-paragraph\">Durante la investigaci\u00f3n, la v\u00edctima declar\u00f3 que en 2013 sufri\u00f3 una agresi\u00f3n sexual y que, ante la falta de justicia, se vio obligada a salir de su comunidad. A\u00f1os despu\u00e9s, al revisar el expediente en la Fiscal\u00eda local de Mat\u00edas Romero Avenda\u00f1o, se percat\u00f3 de que otra mujer hab\u00eda usurpado su identidad, ocasionando el sobreseimiento de la causa penal.<\/p>\n\n\n\n<p class=\"wp-block-paragraph\">Con base en los hechos y las evidencias reunidas, la DDHPO concluy\u00f3 que existieron graves omisiones en la actuaci\u00f3n del personal ministerial, lo que vulner\u00f3 los derechos fundamentales de la v\u00edctima y facilit\u00f3 la impunidad.<\/p>\n\n\n\n<p class=\"wp-block-paragraph\">Ante ello, esta Defensor\u00eda a trav\u00e9s de la presente Recomendaci\u00f3n solicita a la Fiscal\u00eda General del Estado coordinar con la Comisi\u00f3n Ejecutiva Estatal de Atenci\u00f3n Integral a V\u00edctimas la inscripci\u00f3n de la agraviada en el Registro Estatal de V\u00edctimas, y garantizar su acceso a medidas de ayuda, atenci\u00f3n, y reparaci\u00f3n integral del da\u00f1o, incluyendo atenci\u00f3n psicol\u00f3gica y una compensaci\u00f3n justa, colaborar plenamente en la denuncia administrativa que esta Defensor\u00eda presentar\u00e1 ante su Visitadur\u00eda General.<\/p>\n\n\n\n<p class=\"wp-block-paragraph\">En este orden, pide que se lleve a cabo un acto de reconocimiento de responsabilidad y disculpa p\u00fablica en favor de la v\u00edctima, as\u00ed como la implementaci\u00f3n de un curso integral sobre derechos humanos, acceso a la justicia y perspectiva de g\u00e9nero para su personal. As\u00ed tambi\u00e9n, recomienda emitir una circular dirigida a las y los agentes del Ministerio P\u00fablico adscritos a la Fiscal\u00eda General del Estado de Oaxaca, para fortalecer los mecanismos de verificaci\u00f3n de identidad en las carpetas de investigaci\u00f3n.<\/p>\n\n\n\n<p class=\"wp-block-paragraph\">Con esta recomendaci\u00f3n, la DDHPO reitera su compromiso con la justicia, la legalidad y la dignidad humana, y continuar\u00e1 vigilante para que este tipo de hechos no queden impunes ni se repitan.<\/p>\n\n\n\n<p class=\"wp-block-paragraph\">SEM\/sj<\/p>\n\n\n\n<p class=\"wp-block-paragraph\">Te puede interesar:<\/p>\n\n\n\n<figure class=\"wp-block-embed is-type-wp-embed is-provider-semm-xico wp-block-embed-semm-xico\"><div class=\"wp-block-embed__wrapper\">\n<blockquote class=\"wp-embedded-content\" data-secret=\"m8gmlERO1G\"><a href=\"https:\/\/redsemlac.com\/semmexico\/detienen-a-municipe-que-falsifico-documentos-para-liberarse-de-acusacion-de-violacion-sexual\/\">Detienen a mun\u00edcipe que falsific\u00f3 documentos para liberarse de acusaci\u00f3n de violaci\u00f3n sexual<\/a><\/blockquote><iframe loading=\"lazy\" class=\"wp-embedded-content\" sandbox=\"allow-scripts\" security=\"restricted\" style=\"position: absolute; visibility: hidden;\" title=\"\u00abDetienen a mun\u00edcipe que falsific\u00f3 documentos para liberarse de acusaci\u00f3n de violaci\u00f3n sexual\u00bb \u2014 SemM\u00e9xico\" src=\"https:\/\/redsemlac.com\/semmexico\/detienen-a-municipe-que-falsifico-documentos-para-liberarse-de-acusacion-de-violacion-sexual\/embed\/#?secret=S4Wb1t6Ye0#?secret=m8gmlERO1G\" data-secret=\"m8gmlERO1G\" width=\"600\" height=\"338\" frameborder=\"0\" marginwidth=\"0\" marginheight=\"0\" scrolling=\"no\"><\/iframe>\n<\/div><\/figure>\n\n\n\n<figure class=\"wp-block-embed\"><div class=\"wp-block-embed__wrapper\">\n<blockquote class=\"wp-embedded-content\" data-secret=\"FhyvopnhFq\"><a href=\"https:\/\/redsemlac.com\/semmexico\/liberan-a-violador-sexual-al-suplantar-identidad-de-la-victima-en-oaxaca\/\">Liberan a violador sexual al suplantar identidad de la v\u00edctima, en Oaxaca<\/a><\/blockquote><iframe loading=\"lazy\" class=\"wp-embedded-content\" sandbox=\"allow-scripts\" security=\"restricted\" style=\"position: absolute; visibility: hidden;\" title=\"\u00abLiberan a violador sexual al suplantar identidad de la v\u00edctima, en Oaxaca\u00bb \u2014 SemM\u00e9xico\" src=\"https:\/\/redsemlac.com\/semmexico\/liberan-a-violador-sexual-al-suplantar-identidad-de-la-victima-en-oaxaca\/embed\/#?secret=01hxKoODGD#?secret=FhyvopnhFq\" data-secret=\"FhyvopnhFq\" width=\"600\" height=\"338\" frameborder=\"0\" marginwidth=\"0\" marginheight=\"0\" scrolling=\"no\"><\/iframe>\n<\/div><\/figure>\n\n\n\n<p class=\"wp-block-paragraph\"><\/p>\n","protected":false},"excerpt":{"rendered":"<p>\u2022 Suplantaci\u00f3n de la v\u00edctima permiti\u00f3 que un juez le otorgara el perd\u00f3n al victimario\u2022 Concluye Defensor\u00eda que existieron graves omisiones en la actuaci\u00f3n de la Fiscal\u00eda de Oaxaca Redacci\u00f3nSemM\u00e9xico, Oaxaca, 13 de junio, 2025.- La Defensor\u00eda de los Derechos Humanos del Pueblo de Oaxaca emiti\u00f3 la Recomendaci\u00f3n 00\/2025, tras acreditar violaciones a los derechos [&hellip;]<\/p>\n","protected":false},"author":3,"featured_media":96166,"comment_status":"open","ping_status":"open","sticky":false,"template":"","format":"standard","meta":{"_monsterinsights_skip_tracking":false,"footnotes":""},"categories":[700],"tags":[],"class_list":["post-96165","post","type-post","status-publish","format-standard","has-post-thumbnail","category-estados"],"_links":{"self":[{"href":"https:\/\/redsemlac.com\/semmexico\/wp-json\/wp\/v2\/posts\/96165","targetHints":{"allow":["GET"]}}],"collection":[{"href":"https:\/\/redsemlac.com\/semmexico\/wp-json\/wp\/v2\/posts"}],"about":[{"href":"https:\/\/redsemlac.com\/semmexico\/wp-json\/wp\/v2\/types\/post"}],"author":[{"embeddable":true,"href":"https:\/\/redsemlac.com\/semmexico\/wp-json\/wp\/v2\/users\/3"}],"replies":[{"embeddable":true,"href":"https:\/\/redsemlac.com\/semmexico\/wp-json\/wp\/v2\/comments?post=96165"}],"version-history":[{"count":0,"href":"https:\/\/redsemlac.com\/semmexico\/wp-json\/wp\/v2\/posts\/96165\/revisions"}],"wp:featuredmedia":[{"embeddable":true,"href":"https:\/\/redsemlac.com\/semmexico\/wp-json\/wp\/v2\/media\/96166"}],"wp:attachment":[{"href":"https:\/\/redsemlac.com\/semmexico\/wp-json\/wp\/v2\/media?parent=96165"}],"wp:term":[{"taxonomy":"category","embeddable":true,"href":"https:\/\/redsemlac.com\/semmexico\/wp-json\/wp\/v2\/categories?post=96165"},{"taxonomy":"post_tag","embeddable":true,"href":"https:\/\/redsemlac.com\/semmexico\/wp-json\/wp\/v2\/tags?post=96165"}],"curies":[{"name":"wp","href":"https:\/\/api.w.org\/{rel}","templated":true}]}}