{"id":96158,"date":"2025-06-13T16:54:02","date_gmt":"2025-06-13T22:54:02","guid":{"rendered":"https:\/\/redsemlac.com\/semmexico\/?p=96158"},"modified":"2025-06-13T16:54:03","modified_gmt":"2025-06-13T22:54:03","slug":"no-caben-los-usos-y-costumbres-en-la-proteccion-de-las-infancias-esquivel-torres","status":"publish","type":"post","link":"https:\/\/redsemlac.com\/semmexico\/no-caben-los-usos-y-costumbres-en-la-proteccion-de-las-infancias-esquivel-torres\/","title":{"rendered":"No caben los usos y costumbres en la protecci\u00f3n de las infancias: Esquivel Torres"},"content":{"rendered":"\n<ul class=\"wp-block-list\">\n<li>Armonizar\u00e1n leyes en delitos sexuales y acceso a la justicia de la infancia<\/li>\n\n\n\n<li>Las ni\u00f1eces ser\u00e1n v\u00edctimas directas por los feminicidios de sus madres<\/li>\n<\/ul>\n\n\n\n<p class=\"wp-block-paragraph\">Micaela M\u00e1rquez<\/p>\n\n\n\n<p class=\"wp-block-paragraph\">SemM\u00e9xico, Ciudad de M\u00e9xico,13 de junio, 2025<strong>.- <\/strong>Formar un frente com\u00fan legislativo para garantizar la protecci\u00f3n efectiva de la infancia mexicana del abuso sexual y laboral y de la orfandad por feminicidio, se propuso en el \u201cPrimer Encuentro Nacional de Congresos Locales Rumbo a la Armonizaci\u00f3n Legislativa en Materia de Delitos Sexuales y Acceso a la Justicia de Ni\u00f1as Ni\u00f1os y Adolescentes V\u00edctimas, que se realiz\u00f3 en la C\u00e1mara de Diputados.<\/p>\n\n\n\n<p class=\"wp-block-paragraph\">Alejandra Barrales Magdaleno, senadora de Movimiento Ciudadano se refiri\u00f3 al vergonzante primer lugar mundial que ocupa M\u00e9xico en abuso sexual infantil, en las cifras de pobreza infantil, desapariciones diarias de menores en promedio de 14 a\u00f1os y los rezagos y vac\u00edos en el acceso a la justicia.<\/p>\n\n\n\n<p class=\"wp-block-paragraph\">La senadora propuso acciones concretas como unificar criterios y penas en los estados para que ning\u00fan delito contra la ni\u00f1ez quede impune por diferencias normativas.<\/p>\n\n\n\n<p class=\"wp-block-paragraph\">La senadora Barrales Magdaleno inform\u00f3 que present\u00f3 una iniciativa para la Tipificaci\u00f3n del Grooming como delito grave para castigar severamente esta forma de abuso digital que va en aumento.<\/p>\n\n\n\n<p class=\"wp-block-paragraph\">Adem\u00e1s, requiri\u00f3 el fortalecimiento de protocolos de justicia amigables para la ni\u00f1ez, que incorporen, incluso por medios no convencionales, como dibujos o narraciones y sean v\u00e1lidos como evidencia.<\/p>\n\n\n\n<p class=\"wp-block-paragraph\">Protocolos de atenci\u00f3n a la ni\u00f1ez migrante, especialmente para menores de edad que quedan desprotegidos cuando sus madres son detenidas en redadas en la frontera norte, as\u00ed como la participaci\u00f3n infantil en procesos de consulta, fomentar su voz, voto y propuestas desde espacios adecuados, en un ejercicio real de democracia.<\/p>\n\n\n\n<p class=\"wp-block-paragraph\">Mientras que en el mismo foro la senadora panista Laura Esquivel Torres record\u00f3, con datos del 2022, que casi 4 millones de ni\u00f1as y ni\u00f1os en M\u00e9xico trabajan y de esa cantidad, casi el 60 por ciento no va a la escuela. Que muchos rebasan las 28 horas de una jornada laboral, en la que la gran mayor\u00eda trabaja en condiciones peligrosas.<\/p>\n\n\n\n<p class=\"wp-block-paragraph\">Tambi\u00e9n expres\u00f3 la inquietud de saber si en el 2025, esos n\u00fameros siguen vigentes, \u00bfcrecieron o disminuyeron?, por lo que resalt\u00f3 la importancia de seguir midiendo el trabajo infantil para saber d\u00f3nde estamos parados y hacia d\u00f3nde temeos que avanzar.&nbsp;<\/p>\n\n\n\n<p class=\"wp-block-paragraph\">En su participaci\u00f3n exhort\u00f3 a las y los legisladores a comprometerse y ponerse a trabajar en beneficio de la ni\u00f1ez, porque la armonizaci\u00f3n de muchas leyes no es cuesti\u00f3n de zonas del pa\u00eds ni de ciudades. En M\u00e9xico \u201cno caben los usos ni costumbres, ni nada parecido, ya que en M\u00e9xico los ni\u00f1os del norte viven violencia y los del sur tambi\u00e9n\u201d.<\/p>\n\n\n\n<p class=\"wp-block-paragraph\">Ante representantes de la sociedad civil, ciudadanos, senadoras, diputadas federales, diputadas locales y presidentas de las Comisiones de la Ni\u00f1ez afirm\u00f3 que las infancias no pueden ni deben protegerse solos y el Estado tiene la obligaci\u00f3n de defenderlos a todos por igual, porque no se trata de partidos pol\u00edticos ni de intereses personales.<\/p>\n\n\n\n<figure class=\"wp-block-image size-large\"><a href=\"https:\/\/redsemlac.com\/semmexico\/wp-content\/uploads\/2025\/06\/BOL-62-2.jpeg\"><img loading=\"lazy\" decoding=\"async\" width=\"1024\" height=\"682\" src=\"https:\/\/redsemlac.com\/semmexico\/wp-content\/uploads\/2025\/06\/BOL-62-2-1024x682.jpeg\" alt=\"\" class=\"wp-image-96159\" srcset=\"https:\/\/redsemlac.com\/semmexico\/wp-content\/uploads\/2025\/06\/BOL-62-2-1024x682.jpeg 1024w, https:\/\/redsemlac.com\/semmexico\/wp-content\/uploads\/2025\/06\/BOL-62-2-300x200.jpeg 300w, https:\/\/redsemlac.com\/semmexico\/wp-content\/uploads\/2025\/06\/BOL-62-2-768x512.jpeg 768w, https:\/\/redsemlac.com\/semmexico\/wp-content\/uploads\/2025\/06\/BOL-62-2-150x100.jpeg 150w, https:\/\/redsemlac.com\/semmexico\/wp-content\/uploads\/2025\/06\/BOL-62-2-696x464.jpeg 696w, https:\/\/redsemlac.com\/semmexico\/wp-content\/uploads\/2025\/06\/BOL-62-2-1068x712.jpeg 1068w, https:\/\/redsemlac.com\/semmexico\/wp-content\/uploads\/2025\/06\/BOL-62-2.jpeg 1280w\" sizes=\"auto, (max-width: 1024px) 100vw, 1024px\" \/><\/a><\/figure>\n\n\n\n<p class=\"wp-block-paragraph\"><strong>Las ni\u00f1eces ser\u00e1n v\u00edctimas directas por los feminicidios de sus madres<\/strong><\/p>\n\n\n\n<p class=\"wp-block-paragraph\">La iniciativa para incluir a ni\u00f1as y ni\u00f1os hu\u00e9rfanos por feminicidios en el Registro Nacional de V\u00edctima para garantizar la protecci\u00f3n como v\u00edctimas directas fue propuesta por el PRI, inform\u00f3 el coordinador parlamentario en el Senado, Manuel A\u00f1orve Ba\u00f1os.<\/p>\n\n\n\n<p class=\"wp-block-paragraph\">El objetivo es visibilizar a las infancias afectadas por feminicidio y garantizarles atenci\u00f3n como v\u00edctimas directas, como parte de las estad\u00edsticas oficiales sobre delitos cometidos contra mujeres, ya que no est\u00e1n incluidas en la Ley General de Acceso de las Mujeres a una Vida Libre de Violencia, adem\u00e1s de que existe informaci\u00f3n dispersa por diversas instituciones.<\/p>\n\n\n\n<p class=\"wp-block-paragraph\">Refieren en la iniciativa que datos recabados por la Organizaci\u00f3n Editorial Mexicana, citan que las fiscal\u00edas estatales reportan dos mil 625 casos entre 2021 y 2024, el DIF nacional reconoce apenas 213, y las comisiones estatales de atenci\u00f3n a v\u00edctimas tienen registrados dos mil 452.<\/p>\n\n\n\n<p class=\"wp-block-paragraph\">Se requiere de un padr\u00f3n nacional confiable y homologado para que el Estado garantice la protecci\u00f3n, el seguimiento y la reparaci\u00f3n del da\u00f1o a menores en esta condici\u00f3n, a pesar de que desde 2021 existe un protocolo oficial para su atenci\u00f3n.<\/p>\n\n\n\n<p class=\"wp-block-paragraph\">Proponen reformar la fracci\u00f3n IX del art\u00edculo 47 de dicha ley para que ese registro incluya, de manera expl\u00edcita, a menores en situaci\u00f3n de orfandad.<\/p>\n\n\n\n<p class=\"wp-block-paragraph\">La redacci\u00f3n propuesta establece que el registro debe contener \u201cla informaci\u00f3n de las infancias afectadas directamente de este hecho. Dicha informaci\u00f3n deber\u00e1 homologarse en t\u00e9rminos de lo previsto en el Registro Nacional de V\u00edctimas contenido en el art\u00edculo 104 de la Ley General de V\u00edctimas\u201d.<\/p>\n\n\n\n<p class=\"wp-block-paragraph\">SEM\/mm\/sj<\/p>\n","protected":false},"excerpt":{"rendered":"<p>Micaela M\u00e1rquez SemM\u00e9xico, Ciudad de M\u00e9xico,13 de junio, 2025.- Formar un frente com\u00fan legislativo para garantizar la protecci\u00f3n efectiva de la infancia mexicana del abuso sexual y laboral y de la orfandad por feminicidio, se propuso en el \u201cPrimer Encuentro Nacional de Congresos Locales Rumbo a la Armonizaci\u00f3n Legislativa en Materia de Delitos Sexuales y [&hellip;]<\/p>\n","protected":false},"author":3,"featured_media":96160,"comment_status":"open","ping_status":"open","sticky":false,"template":"","format":"standard","meta":{"_monsterinsights_skip_tracking":false,"footnotes":""},"categories":[50],"tags":[],"class_list":["post-96158","post","type-post","status-publish","format-standard","has-post-thumbnail","category-congreso"],"_links":{"self":[{"href":"https:\/\/redsemlac.com\/semmexico\/wp-json\/wp\/v2\/posts\/96158","targetHints":{"allow":["GET"]}}],"collection":[{"href":"https:\/\/redsemlac.com\/semmexico\/wp-json\/wp\/v2\/posts"}],"about":[{"href":"https:\/\/redsemlac.com\/semmexico\/wp-json\/wp\/v2\/types\/post"}],"author":[{"embeddable":true,"href":"https:\/\/redsemlac.com\/semmexico\/wp-json\/wp\/v2\/users\/3"}],"replies":[{"embeddable":true,"href":"https:\/\/redsemlac.com\/semmexico\/wp-json\/wp\/v2\/comments?post=96158"}],"version-history":[{"count":0,"href":"https:\/\/redsemlac.com\/semmexico\/wp-json\/wp\/v2\/posts\/96158\/revisions"}],"wp:featuredmedia":[{"embeddable":true,"href":"https:\/\/redsemlac.com\/semmexico\/wp-json\/wp\/v2\/media\/96160"}],"wp:attachment":[{"href":"https:\/\/redsemlac.com\/semmexico\/wp-json\/wp\/v2\/media?parent=96158"}],"wp:term":[{"taxonomy":"category","embeddable":true,"href":"https:\/\/redsemlac.com\/semmexico\/wp-json\/wp\/v2\/categories?post=96158"},{"taxonomy":"post_tag","embeddable":true,"href":"https:\/\/redsemlac.com\/semmexico\/wp-json\/wp\/v2\/tags?post=96158"}],"curies":[{"name":"wp","href":"https:\/\/api.w.org\/{rel}","templated":true}]}}