{"id":96155,"date":"2025-06-13T15:56:52","date_gmt":"2025-06-13T21:56:52","guid":{"rendered":"https:\/\/redsemlac.com\/semmexico\/?p=96155"},"modified":"2025-06-13T15:57:47","modified_gmt":"2025-06-13T21:57:47","slug":"en-morelos-se-moviliza-pro-vida-ante-la-posibilidad-de-la-despenalizacion-del-aborto","status":"publish","type":"post","link":"https:\/\/redsemlac.com\/semmexico\/en-morelos-se-moviliza-pro-vida-ante-la-posibilidad-de-la-despenalizacion-del-aborto\/","title":{"rendered":"En Morelos\u00a0 se moviliza Pro Vida ante la posibilidad de la despenalizaci\u00f3n del aborto"},"content":{"rendered":"\n<p class=\"wp-block-paragraph\">Un grupo de personas cat\u00f3licas rezan por el fin del aborto afuera de la sede del Congreso local, en Cuernavaca.&nbsp;\/&nbsp;Foto: Jessica Arellano \/ El Sol de Cuernavaca<\/p>\n\n\n\n<p class=\"wp-block-paragraph\">Opina&nbsp; ex diputada priista : Atentar contra la vida de un beb\u00e9 es un delito<\/p>\n\n\n\n<p class=\"wp-block-paragraph\">&nbsp;Rosalina Mazari Esp\u00edn acudi\u00f3 junto con un grupo de mujeres cat\u00f3licas al Congreso local para llamar a los diputados a no legalizar el aborto<\/p>\n\n\n\n<p class=\"wp-block-paragraph\">El dictamen aprobado, todav\u00eda no se programa para la discusi\u00f3n del pleno: diputado Reyes<\/p>\n\n\n\n<p class=\"wp-block-paragraph\">Jessica Arellano<\/p>\n\n\n\n<p class=\"wp-block-paragraph\">SemM\u00e9xico\/El Sol de Cuernavaca, 13 de junio, 2025.- La exdiputada Rosalina Mazari Esp\u00edn, junto con un grupo de mujeres cat\u00f3licas, acudi\u00f3&nbsp;al Congreso Local ayer al medio &nbsp;&nbsp;para solicitar a los diputados no legalizar elaborto&nbsp;y&nbsp;defender la vida desde la&nbsp; concepci\u00f3n. Hab\u00eda corrido el rumor que ayer se legalizar\u00eda.<\/p>\n\n\n\n<p class=\"wp-block-paragraph\"><em>\u201cEl impacto que tiene un legislador en aprobar el tema del aborto es vincular directamente a un asesinato; un criminal es aquella persona que priva de la vida otro y un voto en el Congreso por un legislador vincula directamente para que se le prive de la vida a un ser humano, un beb\u00e9 que est\u00e1 en el vientre de a madre\u201d<\/em>, dijo la exlegisladora federal y local.<\/p>\n\n\n\n<p class=\"wp-block-paragraph\">Pidi\u00f3 a los diputados considerar el credo religioso, al asegurar que&nbsp;<strong>el atentar contra la vida de un beb\u00e9 es un delito<\/strong>; asimismo, dijo que&nbsp;<strong>no se han considerado las consecuencias f\u00edsicas y psicol\u00f3gicas<\/strong>&nbsp;que deben enfrentar las mujeres al someterse a un aborto, por lo que este d\u00eda acudi\u00f3 para poder dialogar con algunos legisladores y poder defender la vida desde el vientre materno.<\/p>\n\n\n\n<p class=\"wp-block-paragraph\">Mazari Esp\u00edn indic\u00f3 que&nbsp;no debe siquiera existir un debate en cuanto a la criminalizaci\u00f3n de la mujer, al argumentar que deben tomar conciencia lo que implica tener una relaci\u00f3n sexual.<\/p>\n\n\n\n<p class=\"wp-block-paragraph\">Record\u00f3 que ya ha sido legisladora local y federal , y este tema siempre ha estado en la mesa, y&nbsp;muchas personas piden su despenalizaci\u00f3n aun cuando pudiera ser un error hist\u00f3rico.<\/p>\n\n\n\n<p class=\"wp-block-paragraph\">Sobre el tema, el coordinador de la bancada de Movimiento de Regeneraci\u00f3n Nacional (Morena),&nbsp;Rafael Reyes&nbsp;se\u00f1al\u00f3 que en este tema&nbsp;cada diputado ser\u00e1 libre de expresar su voto a favor o en contra&nbsp;de la despenalizaci\u00f3n del aborto en Morelos.<\/p>\n\n\n\n<p class=\"wp-block-paragraph\"><em>\u201cHemos establecido un criterio sobre la mesa de acudir en su momento presentar cualquier tipo de controversia, derivado que consideramos diputados y diputadas que quienes hacemos las leyes somos nosotros, y que no puede ser un ordenamiento porque qu\u00e9 caso tendr\u00eda el sentido del voto de las y los diputados\u201d.<\/em><\/p>\n\n\n\n<p class=\"wp-block-paragraph\">Rafael Reyes indic\u00f3 que tiene entendido que el dictamen aviso en la comisi\u00f3n, falta la firma del acta, y una vez que esto ocurra tendr\u00eda que ser turnada a la Comisi\u00f3n para la Programaci\u00f3n de los Trabajos Legislativos.<\/p>\n\n\n\n<p class=\"wp-block-paragraph\">Integrantes de grupos provida se concentraron enfrente del recinto legislativo para rezar para que no se apruebe el aborto.<\/p>\n\n\n\n<p class=\"wp-block-paragraph\"><\/p>\n","protected":false},"excerpt":{"rendered":"<p>Un grupo de personas cat\u00f3licas rezan por el fin del aborto afuera de la sede del Congreso local, en Cuernavaca.&nbsp;\/&nbsp;Foto: Jessica Arellano \/ El Sol de Cuernavaca Opina&nbsp; ex diputada priista : Atentar contra la vida de un beb\u00e9 es un delito &nbsp;Rosalina Mazari Esp\u00edn acudi\u00f3 junto con un grupo de mujeres cat\u00f3licas al Congreso [&hellip;]<\/p>\n","protected":false},"author":3,"featured_media":96156,"comment_status":"open","ping_status":"open","sticky":false,"template":"","format":"standard","meta":{"_monsterinsights_skip_tracking":false,"footnotes":""},"categories":[700],"tags":[],"class_list":["post-96155","post","type-post","status-publish","format-standard","has-post-thumbnail","category-estados"],"_links":{"self":[{"href":"https:\/\/redsemlac.com\/semmexico\/wp-json\/wp\/v2\/posts\/96155","targetHints":{"allow":["GET"]}}],"collection":[{"href":"https:\/\/redsemlac.com\/semmexico\/wp-json\/wp\/v2\/posts"}],"about":[{"href":"https:\/\/redsemlac.com\/semmexico\/wp-json\/wp\/v2\/types\/post"}],"author":[{"embeddable":true,"href":"https:\/\/redsemlac.com\/semmexico\/wp-json\/wp\/v2\/users\/3"}],"replies":[{"embeddable":true,"href":"https:\/\/redsemlac.com\/semmexico\/wp-json\/wp\/v2\/comments?post=96155"}],"version-history":[{"count":0,"href":"https:\/\/redsemlac.com\/semmexico\/wp-json\/wp\/v2\/posts\/96155\/revisions"}],"wp:featuredmedia":[{"embeddable":true,"href":"https:\/\/redsemlac.com\/semmexico\/wp-json\/wp\/v2\/media\/96156"}],"wp:attachment":[{"href":"https:\/\/redsemlac.com\/semmexico\/wp-json\/wp\/v2\/media?parent=96155"}],"wp:term":[{"taxonomy":"category","embeddable":true,"href":"https:\/\/redsemlac.com\/semmexico\/wp-json\/wp\/v2\/categories?post=96155"},{"taxonomy":"post_tag","embeddable":true,"href":"https:\/\/redsemlac.com\/semmexico\/wp-json\/wp\/v2\/tags?post=96155"}],"curies":[{"name":"wp","href":"https:\/\/api.w.org\/{rel}","templated":true}]}}