{"id":96152,"date":"2025-06-13T15:53:09","date_gmt":"2025-06-13T21:53:09","guid":{"rendered":"https:\/\/redsemlac.com\/semmexico\/?p=96152"},"modified":"2025-06-13T15:53:10","modified_gmt":"2025-06-13T21:53:10","slug":"tsjeo-confirma-200-ordenes-de-aprehension-contra-habitantes-de-eloxochitlan-de-flores-magon","status":"publish","type":"post","link":"https:\/\/redsemlac.com\/semmexico\/tsjeo-confirma-200-ordenes-de-aprehension-contra-habitantes-de-eloxochitlan-de-flores-magon\/","title":{"rendered":"TSJEO confirma 200 \u00f3rdenes de aprehensi\u00f3n contra habitantes de Eloxochitl\u00e1n de Flores Mag\u00f3n"},"content":{"rendered":"\n<ul class=\"wp-block-list\">\n<li>Ocho mujeres fueron incluidas, por oponerse al control pol\u00edtico de Manuel Zepeda<\/li>\n\n\n\n<li>La organizaci\u00f3n Mujeres Mazatecas por la Libertad acus\u00f3 que autoridades locales de revivir \u00f3rdenes de aprehensi\u00f3n<\/li>\n<\/ul>\n\n\n\n<p class=\"wp-block-paragraph\">\u00c1lvaro Morales<\/p>\n\n\n\n<p class=\"wp-block-paragraph\">SemM\u00e9xico\/Primera L\u00ednea MX, Oaxaca, 13 de junio, 2025.- La Segunda Sala Penal del Tribunal de Justicia de Oaxaca (TSJEO) confirm\u00f3 la existencia de 200 \u00f3rdenes de aprehensi\u00f3n en contra de ciudadanos de Eloxochitl\u00e1n de Flores Mag\u00f3n, incluidas ocho mujeres a las que les son atributos cinco delitos diferentes.<\/p>\n\n\n\n<p class=\"wp-block-paragraph\">Las \u00f3rdenes de arresto fueron \u201crevividas\u201d por la actual administraci\u00f3n estatal para perseguir a un grupo de pobladores de Eloxochitl\u00e1n de Flores Mag\u00f3n, que se oponen al control pol\u00edtico de Manuel Zepeda, padre de la diputada local de Morena, Elisa Zepeda.<\/p>\n\n\n\n<p class=\"wp-block-paragraph\">Los inculpados son acusados de participar en un enfrentamiento ocurrido en diciembre de 2014, por el que falleci\u00f3 el hijo de Manuel Zepeda y hermano de Elisa Zepeda, Manuel Zepeda Laguna, de 25 a\u00f1os; sin embargo, la organizaci\u00f3n Mujeres Mazatecas por la Libertad afirm\u00f3 que las m\u00e1s de 200 \u00f3rdenes de aprehensi\u00f3n han sido giradas contra personas que ya han demostrado su inocencia y que en varios de los casos no se encontraban en el lugar de los hechos.<\/p>\n\n\n\n<p class=\"wp-block-paragraph\">Ante ello, Mujeres Mazatecas por la Libertad acus\u00f3 que se trata de una persecuci\u00f3n para afectar a ciudadanos y ciudadanas que han manifestado su oposici\u00f3n contra el grupo que controla Manuel Zepeda.<\/p>\n\n\n\n<p class=\"wp-block-paragraph\">\u201cOcho mujeres vienen cinco veces como si fueran criminales por haber cometido delitos. Hoy, el Juzgado Quinto de Distrito de Boca del R\u00edo hizo p\u00fablico el informe rendido por la Segunda Sala Penal del TSJEO en donde a trav\u00e9s del oficio n\u00famero 181\/2025 de fecha 3 junio. Se informa la existencia de las \u00f3rdenes de aprehensi\u00f3n\u201d, acus\u00f3 la abogada Argelia Betanzos.<\/p>\n\n\n\n<p class=\"wp-block-paragraph\">Desde mayo pasado, la agrupaci\u00f3n mazateca alert\u00f3 sobre la existencia de aquellas \u00f3rdenes de aprehensi\u00f3n.<\/p>\n\n\n\n<p class=\"wp-block-paragraph\">El colectivo Mujeres Mazatecas por la Libertad acus\u00f3 que autoridades oaxaque\u00f1as buscan revivir \u00f3rdenes de aprehensi\u00f3n contra ciudadanos y ciudadanas de Eloxochitl\u00e1n de Flores Mag\u00f3n, que han sido involucrados en una confrontaci\u00f3n violenta registrada en 2014 y que en los \u00faltimos nueve a\u00f1os han obtenido m\u00e1s de 13 amparos y m\u00e1s de 25 resoluciones de libertad a su favor.<\/p>\n\n\n\n<p class=\"wp-block-paragraph\">La abogada Argelia Betanzos denunci\u00f3 que, hace ocho a\u00f1os, la petici\u00f3n de detenci\u00f3n fue negada por un juez por falta de elementos incriminatorios; sin embargo, hoy buscan reactivarlas desde la Segunda Sala del Tribunal Superior de Justicia con IS argumento de irregularidades en el proceso de notificaci\u00f3n a los denunciantes.<\/p>\n\n\n\n<p class=\"wp-block-paragraph\">Ante ello, sostuvo que tal acci\u00f3n se trata de un embate orquestado por la diputada de Morena, Elisa Zepeda, y su padre Manuel Zepeda, con el respaldo del estado, pues ellos han buscado incriminar a decenas de pobladores que est\u00e1n en contra del grupo polftico de Zepeda.<\/p>\n\n\n\n<p class=\"wp-block-paragraph\">Betanzos explic\u00f3 que hasta hoy no existe ning\u00fan poblador preso tras abrirse en su contra procesos penales por el homicidio del hijo Manuel Zepeda, calificado como uno de los caciques de la zona.<\/p>\n\n\n\n<p class=\"wp-block-paragraph\">Sin embargo, a pesar de que nadie permanece preso, existen 14 \u00f3rdenes de aprehensi\u00f3n vigentes, las cuales han sido frenadas a trav\u00e9s de juicios de amparo.<\/p>\n\n\n\n<p class=\"wp-block-paragraph\">De 40 personas acusadas en un principio, solo 14 mantienen procesos abiertos, pero, ahora, se han enterado que la familia Zepeda, cercana a Morena y al gobernador Salom\u00f3n Jara, busca activar otras \u00f3rdenes de aprehensi\u00f3n por el delito de incendio y robo.<\/p>\n\n\n\n<p class=\"wp-block-paragraph\"><\/p>\n","protected":false},"excerpt":{"rendered":"<p>\u00c1lvaro Morales SemM\u00e9xico\/Primera L\u00ednea MX, Oaxaca, 13 de junio, 2025.- La Segunda Sala Penal del Tribunal de Justicia de Oaxaca (TSJEO) confirm\u00f3 la existencia de 200 \u00f3rdenes de aprehensi\u00f3n en contra de ciudadanos de Eloxochitl\u00e1n de Flores Mag\u00f3n, incluidas ocho mujeres a las que les son atributos cinco delitos diferentes. Las \u00f3rdenes de arresto fueron [&hellip;]<\/p>\n","protected":false},"author":3,"featured_media":96153,"comment_status":"open","ping_status":"open","sticky":false,"template":"","format":"standard","meta":{"_monsterinsights_skip_tracking":false,"footnotes":""},"categories":[48],"tags":[],"class_list":["post-96152","post","type-post","status-publish","format-standard","has-post-thumbnail","category-no-mas-impunidad-no-mas-impunidad"],"_links":{"self":[{"href":"https:\/\/redsemlac.com\/semmexico\/wp-json\/wp\/v2\/posts\/96152","targetHints":{"allow":["GET"]}}],"collection":[{"href":"https:\/\/redsemlac.com\/semmexico\/wp-json\/wp\/v2\/posts"}],"about":[{"href":"https:\/\/redsemlac.com\/semmexico\/wp-json\/wp\/v2\/types\/post"}],"author":[{"embeddable":true,"href":"https:\/\/redsemlac.com\/semmexico\/wp-json\/wp\/v2\/users\/3"}],"replies":[{"embeddable":true,"href":"https:\/\/redsemlac.com\/semmexico\/wp-json\/wp\/v2\/comments?post=96152"}],"version-history":[{"count":0,"href":"https:\/\/redsemlac.com\/semmexico\/wp-json\/wp\/v2\/posts\/96152\/revisions"}],"wp:featuredmedia":[{"embeddable":true,"href":"https:\/\/redsemlac.com\/semmexico\/wp-json\/wp\/v2\/media\/96153"}],"wp:attachment":[{"href":"https:\/\/redsemlac.com\/semmexico\/wp-json\/wp\/v2\/media?parent=96152"}],"wp:term":[{"taxonomy":"category","embeddable":true,"href":"https:\/\/redsemlac.com\/semmexico\/wp-json\/wp\/v2\/categories?post=96152"},{"taxonomy":"post_tag","embeddable":true,"href":"https:\/\/redsemlac.com\/semmexico\/wp-json\/wp\/v2\/tags?post=96152"}],"curies":[{"name":"wp","href":"https:\/\/api.w.org\/{rel}","templated":true}]}}