{"id":96149,"date":"2025-06-13T15:51:48","date_gmt":"2025-06-13T21:51:48","guid":{"rendered":"https:\/\/redsemlac.com\/semmexico\/?p=96149"},"modified":"2025-06-13T15:51:49","modified_gmt":"2025-06-13T21:51:49","slug":"pt-pide-la-renuncia-de-alejandro-svarch-titular-del-imss-bienestar","status":"publish","type":"post","link":"https:\/\/redsemlac.com\/semmexico\/pt-pide-la-renuncia-de-alejandro-svarch-titular-del-imss-bienestar\/","title":{"rendered":"PT pide la renuncia de Alejandro Svarch, titular del IMSS- Bienestar"},"content":{"rendered":"\n<ul class=\"wp-block-list\">\n<li>Por desabasto de medicamentos en hospitales<\/li>\n\n\n\n<li>La diputada Margarita Garc\u00eda denunci\u00f3 que tambi\u00e9n hay falta de equipo en hospitales de Oaxaca y Puebla<\/li>\n<\/ul>\n\n\n\n<p class=\"wp-block-paragraph\">Israel Aguilar Esquivel<\/p>\n\n\n\n<p class=\"wp-block-paragraph\">SemM\u00e9xico\/Infobae, Ciudad de M\u00e9xico, 13 de junio, 2025.- Margarita Garc\u00eda, diputada del Partido del Trabajo (PT), exigi\u00f3 la&nbsp;renuncia&nbsp;de&nbsp;Alejandro Svarch, titular del&nbsp;IMSS-Bienestar&nbsp;designado por la presidenta Claudia Sheinbaum Pardo. Seg\u00fan argument\u00f3 la legisladora, el funcionario no ha emitido respuesta alguna ante las&nbsp;carencias&nbsp;reportadas al interior de diversos hospitales ubicados en los estados de&nbsp;Oaxaca y Puebla.<\/p>\n\n\n\n<p class=\"wp-block-paragraph\">Durante una conferencia de prensa, la secretaria de la Comisi\u00f3n de Salud de la C\u00e1mara de Diputados denunci\u00f3 que la voluntad del personal de salud en diversas entidades se ha visto opacada por la falta de insumos y recursos para poder realizar su labor. Por dicho motivo, solicit\u00f3 que&nbsp;renuncie al cargo&nbsp;si no puede asumir la responsabilidad de mejorar las condiciones de los nosocomios en el pa\u00eds.<\/p>\n\n\n\n<p class=\"wp-block-paragraph\">\u201cDesde esta tribuna le&nbsp;quiero pedir al doctor Alejandro Svarch P\u00e9rez, que es el director de IMSS-Bienestar, atienda a los trabajadores, todos los temas que se est\u00e1n dando (&#8230;) Le digo a Alejandro,&nbsp;si no puede que renuncie, que deje el cargo y sea honesto en decir: \u2018No puedo con esta gran carga\u2019, porque lo conocemos\u201d, dijo ante el micr\u00f3fono.<\/p>\n\n\n\n<p class=\"wp-block-paragraph\">Luego de haber sido titular de la Comisi\u00f3n Federal para la Protecci\u00f3n contra Riesgos Sanitarios (Cofepris),&nbsp;Alejandro Svarch&nbsp;P\u00e9rez fue el elegido para robustecer el programa m\u00e1s importante de la administraci\u00f3n de&nbsp;Claudia Sheinbaum&nbsp;en materia de salud. Cabe destacar que el&nbsp;IMSS-Bienestar&nbsp;tuvo continuidad desde el sexenio de Andr\u00e9s Manuel L\u00f3pez Obrador (AMLO).<\/p>\n\n\n\n<p class=\"wp-block-paragraph\">A 10 meses de haber asumido el cargo, la diputada petista asegur\u00f3 que la supuesta inacci\u00f3n del funcionario puede, incluso, causar problemas con los gobiernos de los estados que aceptaron la operaci\u00f3n del programa en sus entidades.<\/p>\n\n\n\n<p class=\"wp-block-paragraph\">En su intervenci\u00f3n, Margarita Garc\u00eda mencion\u00f3 fallas cruciales como la falta de medicamentos, insumos, equipo y gasolina para ambulancias. Incluso, ha habido situaciones como la falta de luz en cirug\u00edas, filtraciones de agua y hasta despidos injustificados de personal.<\/p>\n\n\n\n<p class=\"wp-block-paragraph\">Por otro lado, hizo referencia al&nbsp;paro de labores&nbsp;que se extendi\u00f3 en algunos hospitales del estado de&nbsp;Oaxaca&nbsp;en las \u00faltimas dos semanas en donde, seg\u00fan dijo, el personal m\u00e9dico y de enfermer\u00eda ha tenido que manifestarse y cerrar carreteras para poder ser escuchado.<\/p>\n\n\n\n<p class=\"wp-block-paragraph\">\u201cEllos tuvieron que paralizar los hospitales, tomar carreteras para que los pudieran escuchar. Eso no puede seguir siendo de una persona que hace o\u00eddos sordos. Es terrible lo que est\u00e1 sucediendo porque ahora resulta que los m\u00e9dicos y enfermeras paralizan, pero no porque sea su voluntad, sino porque no hay medicamentos, infraestructura y equipamiento necesario. Eso no solo lo dicen los compa\u00f1eros, yo he sido testigo\u201d, mencion\u00f3.<\/p>\n\n\n\n<p class=\"wp-block-paragraph\">SEM-INFOBAE\/iea<\/p>\n\n\n\n<p class=\"wp-block-paragraph\"><\/p>\n","protected":false},"excerpt":{"rendered":"<p>Israel Aguilar Esquivel SemM\u00e9xico\/Infobae, Ciudad de M\u00e9xico, 13 de junio, 2025.- Margarita Garc\u00eda, diputada del Partido del Trabajo (PT), exigi\u00f3 la&nbsp;renuncia&nbsp;de&nbsp;Alejandro Svarch, titular del&nbsp;IMSS-Bienestar&nbsp;designado por la presidenta Claudia Sheinbaum Pardo. Seg\u00fan argument\u00f3 la legisladora, el funcionario no ha emitido respuesta alguna ante las&nbsp;carencias&nbsp;reportadas al interior de diversos hospitales ubicados en los estados de&nbsp;Oaxaca y Puebla. [&hellip;]<\/p>\n","protected":false},"author":3,"featured_media":96150,"comment_status":"open","ping_status":"open","sticky":false,"template":"","format":"standard","meta":{"_monsterinsights_skip_tracking":false,"footnotes":""},"categories":[50],"tags":[],"class_list":["post-96149","post","type-post","status-publish","format-standard","has-post-thumbnail","category-congreso"],"_links":{"self":[{"href":"https:\/\/redsemlac.com\/semmexico\/wp-json\/wp\/v2\/posts\/96149","targetHints":{"allow":["GET"]}}],"collection":[{"href":"https:\/\/redsemlac.com\/semmexico\/wp-json\/wp\/v2\/posts"}],"about":[{"href":"https:\/\/redsemlac.com\/semmexico\/wp-json\/wp\/v2\/types\/post"}],"author":[{"embeddable":true,"href":"https:\/\/redsemlac.com\/semmexico\/wp-json\/wp\/v2\/users\/3"}],"replies":[{"embeddable":true,"href":"https:\/\/redsemlac.com\/semmexico\/wp-json\/wp\/v2\/comments?post=96149"}],"version-history":[{"count":0,"href":"https:\/\/redsemlac.com\/semmexico\/wp-json\/wp\/v2\/posts\/96149\/revisions"}],"wp:featuredmedia":[{"embeddable":true,"href":"https:\/\/redsemlac.com\/semmexico\/wp-json\/wp\/v2\/media\/96150"}],"wp:attachment":[{"href":"https:\/\/redsemlac.com\/semmexico\/wp-json\/wp\/v2\/media?parent=96149"}],"wp:term":[{"taxonomy":"category","embeddable":true,"href":"https:\/\/redsemlac.com\/semmexico\/wp-json\/wp\/v2\/categories?post=96149"},{"taxonomy":"post_tag","embeddable":true,"href":"https:\/\/redsemlac.com\/semmexico\/wp-json\/wp\/v2\/tags?post=96149"}],"curies":[{"name":"wp","href":"https:\/\/api.w.org\/{rel}","templated":true}]}}