{"id":96146,"date":"2025-06-13T15:45:36","date_gmt":"2025-06-13T21:45:36","guid":{"rendered":"https:\/\/redsemlac.com\/semmexico\/?p=96146"},"modified":"2025-06-13T15:45:37","modified_gmt":"2025-06-13T21:45:37","slug":"trabajan-mas-de-1-4-millones-de-ninos-ninas-y-adolescentes-en-lugares-peligrosos-o-prohibidos","status":"publish","type":"post","link":"https:\/\/redsemlac.com\/semmexico\/trabajan-mas-de-1-4-millones-de-ninos-ninas-y-adolescentes-en-lugares-peligrosos-o-prohibidos\/","title":{"rendered":"Trabajan m\u00e1s de 1.4 millones de ni\u00f1os, ni\u00f1as y adolescentes en lugares peligrosos o prohibidos"},"content":{"rendered":"\n<ul class=\"wp-block-list\">\n<li>La Senadora Laura Esquivel denunci\u00f3 que el 60 % no va a la escuela<\/li>\n\n\n\n<li>Guerrero,\u00a0Chiapas,\u00a0Oaxaca,\u00a0Puebla\u00a0y\u00a0Michoac\u00e1n entidades del pa\u00eds con m\u00e1s casos de trabajo infantil<\/li>\n<\/ul>\n\n\n\n<p class=\"wp-block-paragraph\">Rafael Ram\u00edrez<\/p>\n\n\n\n<p class=\"wp-block-paragraph\">SemM\u00e9xico\/ El Sol de M\u00e9xico, Ciudad de M\u00e9xico, 13 de junio, 2025.- En M\u00e9xico la realidad sigue siendo&nbsp;alarmante: m\u00e1s de&nbsp;3.7 millones de ni\u00f1as, ni\u00f1os y adolescentes de entre 5 y 17 a\u00f1os realizan alguna actividad laboral, seg\u00fan datos de la&nbsp;<a href=\"https:\/\/www.inegi.org.mx\/contenidos\/saladeprensa\/aproposito\/2025\/EAP_DMvsTrabInf.pdf\" target=\"_blank\" rel=\"noreferrer noopener\">Encuesta Nacional de Trabajo Infantil (ENTI) 2022<\/a>, elaborada por el INEGI, se inform\u00f3 a prop\u00f3sito del&nbsp;D\u00eda Mundial contra el Trabajo Infantil, este jueves,<\/p>\n\n\n\n<p class=\"wp-block-paragraph\">De ese total,&nbsp;alrededor de 1.4 millones&nbsp;est\u00e1n involucrados en&nbsp;trabajos considerados peligrosos o prohibidos por la ley, ya sea por la actividad en s\u00ed o por las condiciones en las que se lleva a cabo.<\/p>\n\n\n\n<p class=\"wp-block-paragraph\"><strong>Un llamado desde el Senado<\/strong><\/p>\n\n\n\n<p class=\"wp-block-paragraph\">En el marco de esta conmemoraci\u00f3n, la senadora panista&nbsp;Laura Esquivel, presidenta de la&nbsp;Comisi\u00f3n de Derechos de la Ni\u00f1ez y de la Adolescencia en la C\u00e1mara alta, hizo un llamado a&nbsp;reforzar las pol\u00edticas p\u00fablicas en favor de la ni\u00f1ez. Alert\u00f3 que el&nbsp;60 por ciento de los menores&nbsp;que trabajan en M\u00e9xico&nbsp;no asisten a la escuela&nbsp;y muchos laboran m\u00e1s de&nbsp;28 horas a la semana.<\/p>\n\n\n\n<p class=\"wp-block-paragraph\">Asimismo, afirm\u00f3 que desde el Senado se impulsar\u00e1n medidas para garantizar el&nbsp;derecho a la educaci\u00f3n y al desarrollo integral de ni\u00f1as y ni\u00f1os.<\/p>\n\n\n\n<p class=\"wp-block-paragraph\"><strong>Entidades con mayor prevalencia<\/strong><\/p>\n\n\n\n<p class=\"wp-block-paragraph\">Los estados con mayor proporci\u00f3n de&nbsp;menores en situaci\u00f3n de trabajo infantil,&nbsp;de acuerdo con la&nbsp;ENTI 2022, son Guerrero,&nbsp;Chiapas,&nbsp;Oaxaca,&nbsp;Puebla&nbsp;y&nbsp;Michoac\u00e1n. Las actividades m\u00e1s frecuentes incluyen agricultura de subsistencia,&nbsp;trabajo callejero,&nbsp;labores dom\u00e9sticas intensivas no remuneradas, y en algunos casos, participaci\u00f3n en&nbsp;procesos artesanales o industriales.<\/p>\n\n\n\n<p class=\"wp-block-paragraph\">Durante los \u00faltimos meses se han documentado diversos casos de&nbsp;explotaci\u00f3n infantil. En diciembre de 2024, el DIF de Le\u00f3n, Guanajuato, rescat\u00f3 a&nbsp;15 menores utilizados para la mendicidad.<\/p>\n\n\n\n<p class=\"wp-block-paragraph\">Mientras que en febrero de este a\u00f1o, en Michoac\u00e1n, fueron&nbsp;liberados 56 menores&nbsp;que trabajaban en&nbsp;condiciones precarias en zonas rurales.<\/p>\n\n\n\n<p class=\"wp-block-paragraph\">Dada la&nbsp;informalidad&nbsp;en la que se da el&nbsp;trabajo infantil, es pr\u00e1cticamente&nbsp;imposible&nbsp;identificar la cantidad de&nbsp;casos que hay en M\u00e9xico, alertan especialistas.<\/p>\n\n\n\n<p class=\"wp-block-paragraph\">Investigadores de la&nbsp;UNAM&nbsp;han advertido sobre&nbsp;formas emergentes de trabajo infantil&nbsp;asociadas a contextos<\/p>\n\n\n\n<p class=\"wp-block-paragraph\">de&nbsp;violencia,&nbsp;informalidad&nbsp;y&nbsp;<a href=\"https:\/\/oem.com.mx\/elsoldemexico\/mexico\/desactivan-200-cuentas-en-redes-sociales-dedicadas-al-reclutamiento-para-el-crimen-organizado-22915757\" target=\"_blank\" rel=\"noreferrer noopener\">crimen organizado<\/a>. Estas incluyen desde&nbsp;trabajos forzados&nbsp;y&nbsp;<a href=\"https:\/\/oem.com.mx\/elsoldemexico\/mexico\/data-ninas-las-principales-victimas-de-explotacion-sexual-en-la-trata-de-menores-22330285\" target=\"_blank\" rel=\"noreferrer noopener\">explotaci\u00f3n sexual<\/a>&nbsp;hasta el reclutamiento por parte de grupos delictivos. La&nbsp;Escuela Nacional de Trabajo Social&nbsp;se\u00f1ala que cerca del&nbsp;30 por ciento de la poblaci\u00f3n mexicana&nbsp;tiene&nbsp;menos de 18 a\u00f1os, y casi la mitad vive en&nbsp;situaci\u00f3n de pobreza&nbsp;lo que obliga a este sector a&nbsp;laborar de manera clandestina.<\/p>\n\n\n\n<p class=\"wp-block-paragraph\"><strong>Panorama en Am\u00e9rica Latina<\/strong><\/p>\n\n\n\n<p class=\"wp-block-paragraph\">La situaci\u00f3n no es distinta en el resto de la regi\u00f3n. Seg\u00fan estimaciones de la&nbsp;OIT&nbsp;y&nbsp;UNICEF, en&nbsp;Am\u00e9rica Latina&nbsp;y el&nbsp;Caribe&nbsp;hay&nbsp;8.2 millones de menores trabajando, de los cuales&nbsp;5 millones realizan labores peligrosas. La agricultura representa el 43 por ciento de estos casos, seguida por el sector servicios (32 por ciento) e industria (25 por ciento).<\/p>\n\n\n\n<p class=\"wp-block-paragraph\">Entre los principales factores asociados al&nbsp;trabajo infantil&nbsp;destacan la&nbsp;pobreza, la&nbsp;migraci\u00f3n forzada, la&nbsp;econom\u00eda informal&nbsp;y la&nbsp;falta de acceso a educaci\u00f3n y salud.<\/p>\n\n\n\n<p class=\"wp-block-paragraph\"><strong>Normatividad vigente en M\u00e9xico<\/strong><\/p>\n\n\n\n<p class=\"wp-block-paragraph\">M\u00e9xico proh\u00edbe el trabajo infantil&nbsp;en su Constituci\u00f3n y permite, bajo condiciones estrictas, el&nbsp;empleo de adolescentes de entre 15 y 17 a\u00f1os. Adem\u00e1s, ha ratificado los&nbsp;Convenios 138 y 182 de la OIT.<\/p>\n\n\n\n<p class=\"wp-block-paragraph\">En el \u00e1mbito de&nbsp;pol\u00edticas p\u00fablicas, el programa federal \u201cM\u00e9xico sin Trabajo Infantil\u201d busca prevenir esta pr\u00e1ctica, aunque especialistas han&nbsp;cuestionado su eficacia&nbsp;debido a la&nbsp;escasa cobertura.<\/p>\n\n\n\n<p class=\"wp-block-paragraph\">Aunque en los \u00faltimos a\u00f1os se han emitido&nbsp;leyes para proteger a la ni\u00f1ez de la explotaci\u00f3n laboral, estos avances son insuficientes, ya que persisten numerosos&nbsp;desaf\u00edos estructurales:<\/p>\n\n\n\n<p class=\"wp-block-paragraph\">Insuficiencia presupuestal en programas de protecci\u00f3n a la ni\u00f1ez<\/p>\n\n\n\n<p class=\"wp-block-paragraph\">Falta de inspecci\u00f3n en sectores informales<\/p>\n\n\n\n<p class=\"wp-block-paragraph\">Brechas en la cobertura educativa<\/p>\n\n\n\n<p class=\"wp-block-paragraph\">Pr\u00e1cticas culturales que normalizan el trabajo infantil como parte del entorno familiar<\/p>\n\n\n\n<p class=\"wp-block-paragraph\">El&nbsp;D\u00eda Mundial contra el Trabajo Infantil&nbsp;en un recordatorio urgente para&nbsp;atender un problema estructural&nbsp;que afecta a&nbsp;millones de ni\u00f1as y ni\u00f1os&nbsp;en el pa\u00eds. Es precisamente en este contexto que se debe incrementar el presupuesto destinado para la&nbsp;erradicaci\u00f3n del trabajo infantil, el cual fue reducido por la la actual administraci\u00f3n en casi un&nbsp;9 por ciento.<\/p>\n\n\n\n<p class=\"wp-block-paragraph\">SEM-SoldeM\u00e9xico\/rr<\/p>\n","protected":false},"excerpt":{"rendered":"<p>Rafael Ram\u00edrez SemM\u00e9xico\/ El Sol de M\u00e9xico, Ciudad de M\u00e9xico, 13 de junio, 2025.- En M\u00e9xico la realidad sigue siendo&nbsp;alarmante: m\u00e1s de&nbsp;3.7 millones de ni\u00f1as, ni\u00f1os y adolescentes de entre 5 y 17 a\u00f1os realizan alguna actividad laboral, seg\u00fan datos de la&nbsp;Encuesta Nacional de Trabajo Infantil (ENTI) 2022, elaborada por el INEGI, se inform\u00f3 a [&hellip;]<\/p>\n","protected":false},"author":3,"featured_media":96147,"comment_status":"open","ping_status":"open","sticky":false,"template":"","format":"standard","meta":{"_monsterinsights_skip_tracking":false,"footnotes":""},"categories":[694],"tags":[],"class_list":["post-96146","post","type-post","status-publish","format-standard","has-post-thumbnail","category-destacadas"],"_links":{"self":[{"href":"https:\/\/redsemlac.com\/semmexico\/wp-json\/wp\/v2\/posts\/96146","targetHints":{"allow":["GET"]}}],"collection":[{"href":"https:\/\/redsemlac.com\/semmexico\/wp-json\/wp\/v2\/posts"}],"about":[{"href":"https:\/\/redsemlac.com\/semmexico\/wp-json\/wp\/v2\/types\/post"}],"author":[{"embeddable":true,"href":"https:\/\/redsemlac.com\/semmexico\/wp-json\/wp\/v2\/users\/3"}],"replies":[{"embeddable":true,"href":"https:\/\/redsemlac.com\/semmexico\/wp-json\/wp\/v2\/comments?post=96146"}],"version-history":[{"count":0,"href":"https:\/\/redsemlac.com\/semmexico\/wp-json\/wp\/v2\/posts\/96146\/revisions"}],"wp:featuredmedia":[{"embeddable":true,"href":"https:\/\/redsemlac.com\/semmexico\/wp-json\/wp\/v2\/media\/96147"}],"wp:attachment":[{"href":"https:\/\/redsemlac.com\/semmexico\/wp-json\/wp\/v2\/media?parent=96146"}],"wp:term":[{"taxonomy":"category","embeddable":true,"href":"https:\/\/redsemlac.com\/semmexico\/wp-json\/wp\/v2\/categories?post=96146"},{"taxonomy":"post_tag","embeddable":true,"href":"https:\/\/redsemlac.com\/semmexico\/wp-json\/wp\/v2\/tags?post=96146"}],"curies":[{"name":"wp","href":"https:\/\/api.w.org\/{rel}","templated":true}]}}